{"id":2706,"date":"2020-10-22T08:46:02","date_gmt":"2020-10-22T06:46:02","guid":{"rendered":"http:\/\/www.czechcyclingfederation.com\/?p=2706"},"modified":"2020-10-25T19:15:25","modified_gmt":"2020-10-25T18:15:25","slug":"turecka-sakarya-hosti-svetovy-sampionat-v-maratonu-horskych-kol-cesi-patri-k-favoritum","status":"publish","type":"post","link":"https:\/\/www.czechcyclingfederation.com\/en\/turecka-sakarya-hosti-svetovy-sampionat-v-maratonu-horskych-kol-cesi-patri-k-favoritum\/","title":{"rendered":"Tureck\u00e1 Sakarya host\u00ed sv\u011btov\u00fd \u0161ampion\u00e1t v maratonu horsk\u00fdch kol, \u010ce\u0161i pat\u0159\u00ed k favorit\u016fm!"},"content":{"rendered":"\n<p><strong>Ve st\u0159edu dopoledne odlet\u011bl dvan\u00e1cti\u010dlenn\u00fd t\u00fdm Reprezentace MTB do tureck\u00e9 Sakarye, kde se uskute\u010dn\u00ed dal\u0161\u00ed vrcholn\u00e1 akce tohoto roku, Mistrovstv\u00ed sv\u011bta horsk\u00fdch kol v maratonu.<\/strong><\/p>\n\n\n\n<p>V nominaci tren\u00e9ra Viktora Zapletala je celkem \u0161est reprezentant\u016f. Mezi \u017eenami se p\u0159edstav\u00ed <strong>Jana Czeczinkarov\u00e1 <\/strong>(LIV Mistral Cycling), <strong>Karla \u0160t\u011bp\u00e1nov\u00e1 <\/strong>(Maloja Pushbikers MTB) a<strong> Jana Pichl\u00edkov\u00e1<\/strong> (Kross Bikeranch). Mezi mu\u017ei maj\u00ed nejvy\u0161\u0161\u00ed ambice <strong>Martin Sto\u0161ek<\/strong>,<strong> Kristian Hynek <\/strong>(oba Future Cycling &#8211; Northwave) a <strong>Filip Adel <\/strong>(Superior Velsbike).<\/p>\n\n\n\n<div class=\"wp-block-image\"><figure class=\"aligncenter size-large\"><img loading=\"lazy\" decoding=\"async\" width=\"1024\" height=\"683\" src=\"http:\/\/www.czechcyclingfederation.com\/wp-content\/uploads\/2020\/10\/121122978_1867156143425278_3629661015858300158_o-1024x683.jpg\" alt=\"\" class=\"wp-image-2707\" srcset=\"https:\/\/www.czechcyclingfederation.com\/wp-content\/uploads\/2020\/10\/121122978_1867156143425278_3629661015858300158_o-1024x683.jpg 1024w, https:\/\/www.czechcyclingfederation.com\/wp-content\/uploads\/2020\/10\/121122978_1867156143425278_3629661015858300158_o-300x200.jpg 300w, https:\/\/www.czechcyclingfederation.com\/wp-content\/uploads\/2020\/10\/121122978_1867156143425278_3629661015858300158_o-768x512.jpg 768w, https:\/\/www.czechcyclingfederation.com\/wp-content\/uploads\/2020\/10\/121122978_1867156143425278_3629661015858300158_o-1536x1024.jpg 1536w, https:\/\/www.czechcyclingfederation.com\/wp-content\/uploads\/2020\/10\/121122978_1867156143425278_3629661015858300158_o-1320x880.jpg 1320w, https:\/\/www.czechcyclingfederation.com\/wp-content\/uploads\/2020\/10\/121122978_1867156143425278_3629661015858300158_o.jpg 1600w\" sizes=\"auto, (max-width: 1024px) 100vw, 1024px\" \/><figcaption><em>Karla \u0160t\u011bp\u00e1nov\u00e1 \/ foto: Michal \u010cerven\u00fd<\/em><\/figcaption><\/figure><\/div>\n\n\n\n<p>P\u016fvodn\u00ed nominace maratonsk\u00e9 reprezentace p\u0159edpokl\u00e1dala siln\u011bj\u0161\u00ed zastoupen\u00ed, ale po n\u00e1ro\u010dn\u00e9m bloku z\u00e1vod\u016f v z\u00e1\u0159\u00ed a \u0159\u00edjnu ze zdravotn\u00edch d\u016fvod\u016f od\u0159ekly svou \u00fa\u010dast \u010dty\u0159i v\u00fdrazn\u00e9 posily \u010desk\u00e9ho t\u00fdmu &#8211; Jitka \u010c\u00e1belick\u00e1, Ond\u0159ej Cink, Matou\u0161 Ulman a olympijsk\u00fd v\u00edt\u011bz Jaroslav Kulhav\u00fd.<\/p>\n\n\n\n<p><em>\u201cOnd\u0159ej se u\u017e v Leogangu pot\u00fdkal s nachlazen\u00edm a po z\u00e1vodech v Rakousku ukon\u010dil leto\u0161n\u00ed sez\u00f3nu, \u00fa\u010dast Jitky byla od za\u010d\u00e1tku v oblasti teorie a u\u017e v Nov\u00e9m M\u011bst\u011b na Morav\u011b po z\u00e1vodech sv\u011btov\u00e9ho poh\u00e1ru se z mistrovstv\u00ed omluvila. Matou\u0161 se v sez\u00f3n\u011b pot\u00fdkal s opakovan\u00fdmi zdravotn\u00edmi pot\u00ed\u017eemi, nen\u00ed pro z\u00e1vod dostate\u010dn\u011b p\u0159ipraven\u00fd. J\u00e1ra sice \u00fa\u010dast do posledn\u00ed chv\u00edle zva\u017eoval, nicm\u00e9n\u011b nen\u00ed na tom v tuto chv\u00edli tak, aby atakoval p\u0159edn\u00ed pozice a pouh\u00e1 \u00fa\u010dast v z\u00e1vod\u011b pro n\u011bj nen\u00ed nijak motivuj\u00edc\u00ed. Pokud by se rozhodnul jet, cht\u011bl by bojovat o medaili,\u201d <\/em>vysv\u011btluje z\u00fa\u017een\u00ed nominace Viktor Zapletal a dod\u00e1v\u00e1:<\/p>\n\n\n\n<p><em>\u201cNicm\u00e9n\u011b i p\u0159es uvedenou absenci jsme siln\u00e1 v\u00fdprava s ambicemi na um\u00edst\u011bn\u00ed minim\u00e1ln\u011b do p\u00e1t\u00e9ho m\u00edsta. Ve v\u00fdborn\u00e9 form\u011b jsou specialist\u00e9 maratonci, Kristian Hynek a Martin Sto\u0161ek, pokud se jim vyhnou defekty, m\u011bli by bojovat o \u010deln\u00ed pozice. V z\u00e1vod\u011b \u017een mohou atakovat dobr\u00fd v\u00fdsledek a um\u00edst\u011bn\u00ed v TOP 15 Karla \u0160t\u011bp\u00e1nov\u00e1 s Janou Czeczinkarovou, kter\u00e9 jsou rozjet\u00e9 z cross country a ve velmi dobr\u00e9 form\u011b. Jana Pichl\u00edkov\u00e1 a Filip Adel jsou na\u0161imi nejlep\u0161\u00edmi jezdci z pohledu dlouhodob\u00fdch tuzemsk\u00fdch maratonsk\u00fdch sout\u011b\u017e\u00ed. Pokud by se jim poda\u0159ilo vybojovat um\u00edst\u011bn\u00ed do dvac\u00e1t\u00e9ho m\u00edsta, odpov\u00eddalo by to p\u0159edpoklad\u016fm, se kter\u00fdmi byli do Turecka nominov\u00e1ni.\u201d<\/em><\/p>\n\n\n\n<div class=\"wp-block-image\"><figure class=\"aligncenter size-large\"><img loading=\"lazy\" decoding=\"async\" width=\"1024\" height=\"683\" src=\"https:\/\/www.czechcyclingfederation.com\/wp-content\/uploads\/2020\/10\/121137915_1864922070315352_7716939646886099061_o-1024x683.jpg\" alt=\"\" class=\"wp-image-2708\" srcset=\"https:\/\/www.czechcyclingfederation.com\/wp-content\/uploads\/2020\/10\/121137915_1864922070315352_7716939646886099061_o-1024x683.jpg 1024w, https:\/\/www.czechcyclingfederation.com\/wp-content\/uploads\/2020\/10\/121137915_1864922070315352_7716939646886099061_o-300x200.jpg 300w, https:\/\/www.czechcyclingfederation.com\/wp-content\/uploads\/2020\/10\/121137915_1864922070315352_7716939646886099061_o-768x512.jpg 768w, https:\/\/www.czechcyclingfederation.com\/wp-content\/uploads\/2020\/10\/121137915_1864922070315352_7716939646886099061_o-1536x1024.jpg 1536w, https:\/\/www.czechcyclingfederation.com\/wp-content\/uploads\/2020\/10\/121137915_1864922070315352_7716939646886099061_o-1320x880.jpg 1320w, https:\/\/www.czechcyclingfederation.com\/wp-content\/uploads\/2020\/10\/121137915_1864922070315352_7716939646886099061_o.jpg 1600w\" sizes=\"auto, (max-width: 1024px) 100vw, 1024px\" \/><figcaption><em>Viktor Zapletal \/ foto: Michal \u010cerven\u00fd<\/em><\/figcaption><\/figure><\/div>\n\n\n\n<p>Z\u00e1vod se uskute\u010dn\u00ed v atypick\u00e9m form\u00e1tu. Po startu absolvuj\u00ed jezdci klasick\u00fd XCO okruh v Bike parku, n\u00e1sleduje 10 kilometr\u016f dlouh\u00fd n\u00e1jezd do p\u0159\u00edrodn\u00edho parku, ve kter\u00e9m je vyty\u010den\u00fd 29 kilometr\u016f dlouh\u00fd okruh. Ten pojedou \u017eeny 2x a mu\u017ei 3x. N\u00e1sleduje n\u00e1vrat zp\u011bt do Bike parku ve \u010dtvrti Camili.<\/p>\n\n\n\n<p><em>\u201cNa\u0161im jezdc\u016fm by tenhle model mohl sed\u011bt, v\u016fbec to nen\u00ed \u0161patn\u00e9. Je mo\u017en\u00e9 si tra\u0165 dob\u0159e a v kr\u00e1tk\u00e9m \u010dase osvojit a nezanedbateln\u00e9 plus tak\u00e9 p\u0159edstavuje dostupnost pro realiza\u010dn\u00ed t\u00fdmy na ob\u010derstvovac\u00ed z\u00f3ny a \u010dast\u00fd kontakt ze z\u00e1vodn\u00edky, kter\u00fd umo\u017en\u00ed rychle \u0159e\u0161it p\u0159\u00edpadn\u00e9 technick\u00e9 pot\u00ed\u017ee. To pojet\u00ed odpov\u00edd\u00e1 modern\u00edmu pojet\u00ed XCM,\u201d<\/em> p\u0159ibli\u017euje z\u00e1vod Viktor Zapletal.<\/p>\n\n\n\n<p>Sv\u011btov\u00fd \u0161ampion\u00e1t v maratonu odstartuje v ned\u011bli 25. \u0159\u00edjna. Mu\u017ei odstartuj\u00ed v prav\u00e9 poledne a \u017eeny o p\u016fl hodiny pozd\u011bji, ve 12:30.&nbsp;<\/p>\n","protected":false},"excerpt":{"rendered":"<p>Ve st\u0159edu dopoledne odlet\u011bl dvan\u00e1cti\u010dlenn\u00fd t\u00fdm Reprezentace MTB do tureck\u00e9 Sakarye, kde se uskute\u010dn\u00ed dal\u0161\u00ed vrcholn\u00e1 akce tohoto roku, Mistrovstv\u00ed sv\u011bta horsk\u00fdch kol v maratonu. V nominaci tren\u00e9ra Viktora Zapletala je celkem \u0161est reprezentant\u016f. Mezi \u017eenami se p\u0159edstav\u00ed Jana Czeczinkarov\u00e1 (LIV Mistral Cycling), Karla \u0160t\u011bp\u00e1nov\u00e1 (Maloja Pushbikers MTB) a Jana Pichl\u00edkov\u00e1 (Kross Bikeranch). Mezi mu\u017ei [&hellip;]<\/p>\n","protected":false},"author":9,"featured_media":2707,"comment_status":"closed","ping_status":"open","sticky":false,"template":"","format":"standard","meta":{"footnotes":""},"categories":[6,2,103],"tags":[],"class_list":["post-2706","post","type-post","status-publish","format-standard","has-post-thumbnail","hentry","category-mtb","category-novinky","category-reprezentace"],"_links":{"self":[{"href":"https:\/\/www.czechcyclingfederation.com\/en\/wp-json\/wp\/v2\/posts\/2706","targetHints":{"allow":["GET"]}}],"collection":[{"href":"https:\/\/www.czechcyclingfederation.com\/en\/wp-json\/wp\/v2\/posts"}],"about":[{"href":"https:\/\/www.czechcyclingfederation.com\/en\/wp-json\/wp\/v2\/types\/post"}],"author":[{"embeddable":true,"href":"https:\/\/www.czechcyclingfederation.com\/en\/wp-json\/wp\/v2\/users\/9"}],"replies":[{"embeddable":true,"href":"https:\/\/www.czechcyclingfederation.com\/en\/wp-json\/wp\/v2\/comments?post=2706"}],"version-history":[{"count":8,"href":"https:\/\/www.czechcyclingfederation.com\/en\/wp-json\/wp\/v2\/posts\/2706\/revisions"}],"predecessor-version":[{"id":2723,"href":"https:\/\/www.czechcyclingfederation.com\/en\/wp-json\/wp\/v2\/posts\/2706\/revisions\/2723"}],"wp:featuredmedia":[{"embeddable":true,"href":"https:\/\/www.czechcyclingfederation.com\/en\/wp-json\/wp\/v2\/media\/2707"}],"wp:attachment":[{"href":"https:\/\/www.czechcyclingfederation.com\/en\/wp-json\/wp\/v2\/media?parent=2706"}],"wp:term":[{"taxonomy":"category","embeddable":true,"href":"https:\/\/www.czechcyclingfederation.com\/en\/wp-json\/wp\/v2\/categories?post=2706"},{"taxonomy":"post_tag","embeddable":true,"href":"https:\/\/www.czechcyclingfederation.com\/en\/wp-json\/wp\/v2\/tags?post=2706"}],"curies":[{"name":"wp","href":"https:\/\/api.w.org\/{rel}","templated":true}]}}