{"id":27040,"date":"2023-09-05T17:25:01","date_gmt":"2023-09-05T15:25:01","guid":{"rendered":"https:\/\/www.czechcyclingfederation.com\/?p=27040"},"modified":"2023-09-05T17:25:57","modified_gmt":"2023-09-05T15:25:57","slug":"to-nejlepsi-na-zaver-cyklisticka-sezona-konci-v-mikulove","status":"publish","type":"post","link":"https:\/\/www.czechcyclingfederation.com\/en\/to-nejlepsi-na-zaver-cyklisticka-sezona-konci-v-mikulove\/","title":{"rendered":"To nejlep\u0161\u00ed na z\u00e1v\u011br. Cyklistick\u00e1 sez\u00f3na kon\u010d\u00ed v Mikulov\u011b"},"content":{"rendered":"\n<p><strong>Slunce, v\u00edno, \u017e\u00e1dn\u00e1 nuda, tak vyraz do Mikulova! Konec cyklistick\u00e9 sezony se bl\u00ed\u017e\u00ed, ale je\u0161t\u011b ne\u017e ulo\u017e\u00edte kola k zimn\u00edmu sp\u00e1nku, vyrazte s n\u00e1mi na z\u00e1v\u011bre\u010dn\u00fd v po\u0159ad\u00ed dvan\u00e1ct\u00fd z\u00e1vod seri\u00e1lu <a href=\"https:\/\/www.iprimacup.cz\" target=\"_blank\" rel=\"noreferrer noopener\">Prima CUP<\/a>.<\/strong><\/p>\n\n\n\n<p>7. \u0159\u00edjna se sejdou stovky biker\u016f na z\u00e1vod\u011b <a href=\"https:\/\/www.iprimacup.cz\/23-mi\/\"><strong>\u0160koda Auto Mikulov<\/strong><\/a>, aby spole\u010dn\u011b zakon\u010dily cyklistickou sez\u00f3nu.\u00a0<\/p>\n\n\n\n<p>Program startuje ji\u017e v p\u00e1tek, kdy v mikulovsk\u00e9m are\u00e1lu Amfite\u00e1tru pod Turoldem zahraje cimb\u00e1lov\u00e1 muzika Grossianka.<\/p>\n\n\n\n<p>Pro z\u00e1vodn\u00edky jsou p\u0159ipraveny dv\u011b trasy o d\u00e9lk\u00e1ch <strong>55 a 33 kilometr\u016f<\/strong> a ani u jedn\u00e9 nebudou chyb\u011bt v\u00fdhledy na mikulovsk\u00e9 dominanty v\u010detn\u011b t\u00e9 nejv\u00fdrazn\u011bj\u0161\u00ed &#8211; Svat\u00fd Kope\u010dek.<\/p>\n\n\n\n<figure class=\"wp-block-image size-large\"><img loading=\"lazy\" decoding=\"async\" width=\"1024\" height=\"682\" src=\"https:\/\/www.czechcyclingfederation.com\/wp-content\/uploads\/2023\/09\/Prima-CUP-Skoda-Auto-Mikulov-start-namesti-1024x682.jpg\" alt=\"\" class=\"wp-image-27043\" srcset=\"https:\/\/www.czechcyclingfederation.com\/wp-content\/uploads\/2023\/09\/Prima-CUP-Skoda-Auto-Mikulov-start-namesti-1024x682.jpg 1024w, https:\/\/www.czechcyclingfederation.com\/wp-content\/uploads\/2023\/09\/Prima-CUP-Skoda-Auto-Mikulov-start-namesti-300x200.jpg 300w, https:\/\/www.czechcyclingfederation.com\/wp-content\/uploads\/2023\/09\/Prima-CUP-Skoda-Auto-Mikulov-start-namesti-768x512.jpg 768w, https:\/\/www.czechcyclingfederation.com\/wp-content\/uploads\/2023\/09\/Prima-CUP-Skoda-Auto-Mikulov-start-namesti-1536x1024.jpg 1536w, https:\/\/www.czechcyclingfederation.com\/wp-content\/uploads\/2023\/09\/Prima-CUP-Skoda-Auto-Mikulov-start-namesti-1320x880.jpg 1320w, https:\/\/www.czechcyclingfederation.com\/wp-content\/uploads\/2023\/09\/Prima-CUP-Skoda-Auto-Mikulov-start-namesti.jpg 1994w\" sizes=\"auto, (max-width: 1024px) 100vw, 1024px\" \/><\/figure>\n\n\n\n<p>Nezapomenuteln\u00fd je tradi\u010dn\u011b start na Mikulovsk\u00e9m n\u00e1m\u011bst\u00ed. Start v m\u011bstsk\u00e9 pam\u00e1tkov\u00e9 rezervaci se ka\u017edoro\u010dn\u011b t\u011b\u0161\u00ed davu fanou\u0161k\u016f a p\u0159ihl\u00ed\u017eej\u00edc\u00edch.&nbsp;<\/p>\n\n\n\n<p>Del\u0161\u00ed trasa zavede z\u00e1vodn\u00edky z Mikulova do vina\u0159sk\u00fdch obc\u00ed Bavory a Pern\u00e1, odkud zam\u00ed\u0159\u00ed p\u0159es Horn\u00ed a Doln\u00ed V\u011bstonice po hr\u00e1zi a\u017e k Nov\u00fdm Ml\u00fdn\u016fm, kde se bude napojovat krat\u0161\u00ed trasa. Ta se do Nov\u00fdch Ml\u00fdn\u016f dostane p\u0159es Milovice po asfaltov\u00e9 silnici, odkud trasy spole\u010dn\u011b pokra\u010duj\u00ed kolem vinic a skl\u00edpk\u016f do Bulhar a Sedlece zp\u011bt k Mikulovu. <\/p>\n\n\n\n<figure class=\"wp-block-image size-large\"><img loading=\"lazy\" decoding=\"async\" width=\"1024\" height=\"682\" src=\"https:\/\/www.czechcyclingfederation.com\/wp-content\/uploads\/2023\/09\/Prima-CUP-Skoda-Auto-Mikulov-trasa-1024x682.jpg\" alt=\"\" class=\"wp-image-27049\" srcset=\"https:\/\/www.czechcyclingfederation.com\/wp-content\/uploads\/2023\/09\/Prima-CUP-Skoda-Auto-Mikulov-trasa-1024x682.jpg 1024w, https:\/\/www.czechcyclingfederation.com\/wp-content\/uploads\/2023\/09\/Prima-CUP-Skoda-Auto-Mikulov-trasa-300x200.jpg 300w, https:\/\/www.czechcyclingfederation.com\/wp-content\/uploads\/2023\/09\/Prima-CUP-Skoda-Auto-Mikulov-trasa-768x512.jpg 768w, https:\/\/www.czechcyclingfederation.com\/wp-content\/uploads\/2023\/09\/Prima-CUP-Skoda-Auto-Mikulov-trasa-1536x1024.jpg 1536w, https:\/\/www.czechcyclingfederation.com\/wp-content\/uploads\/2023\/09\/Prima-CUP-Skoda-Auto-Mikulov-trasa-1320x880.jpg 1320w, https:\/\/www.czechcyclingfederation.com\/wp-content\/uploads\/2023\/09\/Prima-CUP-Skoda-Auto-Mikulov-trasa.jpg 1994w\" sizes=\"auto, (max-width: 1024px) 100vw, 1024px\" \/><\/figure>\n\n\n\n<p>V Mikulov\u011b v\u0161ak trasy nekon\u010d\u00ed, kdy\u017e\u00a0v z\u00e1v\u011bru \u010dek\u00e1 jezdce p\u0159\u00edjemn\u00e9 stoup\u00e1n\u00ed p\u0159es vinice ke Klentnici na nejvy\u0161\u0161\u00ed vrchol trasy Turold. Odtud teprve z\u00e1vodn\u00edci vyraz\u00ed do c\u00edle k Amfite\u00e1tru pod Turoldem.<\/p>\n\n\n\n<figure class=\"wp-block-image size-large\"><img loading=\"lazy\" decoding=\"async\" width=\"1024\" height=\"683\" src=\"https:\/\/www.czechcyclingfederation.com\/wp-content\/uploads\/2023\/09\/Prima-CUP-Skoda-Auto-Mikulov-detske-zavody-1024x683.jpg\" alt=\"\" class=\"wp-image-27045\" srcset=\"https:\/\/www.czechcyclingfederation.com\/wp-content\/uploads\/2023\/09\/Prima-CUP-Skoda-Auto-Mikulov-detske-zavody-1024x683.jpg 1024w, https:\/\/www.czechcyclingfederation.com\/wp-content\/uploads\/2023\/09\/Prima-CUP-Skoda-Auto-Mikulov-detske-zavody-300x200.jpg 300w, https:\/\/www.czechcyclingfederation.com\/wp-content\/uploads\/2023\/09\/Prima-CUP-Skoda-Auto-Mikulov-detske-zavody-768x512.jpg 768w, https:\/\/www.czechcyclingfederation.com\/wp-content\/uploads\/2023\/09\/Prima-CUP-Skoda-Auto-Mikulov-detske-zavody-1536x1025.jpg 1536w, https:\/\/www.czechcyclingfederation.com\/wp-content\/uploads\/2023\/09\/Prima-CUP-Skoda-Auto-Mikulov-detske-zavody-1320x880.jpg 1320w, https:\/\/www.czechcyclingfederation.com\/wp-content\/uploads\/2023\/09\/Prima-CUP-Skoda-Auto-Mikulov-detske-zavody.jpg 2048w\" sizes=\"auto, (max-width: 1024px) 100vw, 1024px\" \/><\/figure>\n\n\n\n<p>Program je p\u0159ipraven tak\u00e9 pro d\u011bti, kte\u0159\u00ed se&nbsp;o medaile utkaj\u00ed p\u0159\u00edmo v are\u00e1lu amfite\u00e1tru a za sv\u00e9 v\u00fdkony budou odm\u011bn\u011bny kr\u00e1sn\u00fdmi cenami z hra\u010dk\u00e1\u0159stv\u00ed Pompo. Kdo se neum\u00edst\u00ed na p\u00f3diu, m\u016f\u017ee vyzkou\u0161et \u0161t\u011bst\u00ed v tombole.<\/p>\n\n\n\n<p>Dosp\u011bl\u00ed \u00fa\u010dastn\u00edci se tak\u00e9 mohou t\u011b\u0161it na tombolu s hlavn\u00ed cenou d\u00e1rkov\u00fdm poukazem na ubytov\u00e1n\u00ed na 1 noc pro dv\u011b osoby se sn\u00eddan\u00ed ve \u010dty\u0159hv\u011bzdi\u010dkov\u00e9m Hotelu Dvorana v Karlov\u00fdch Varech. Dal\u0161\u00ed cenou je k\u00e1vovar Segafredo Espresso 1 v\u010detn\u011b kapsl\u00ed, ochrann\u00fd vak mBag zna\u010dky Montone a cyklocomputer s chytr\u00fdmi hodinkami iGet. \u00a0<\/p>\n\n\n\n<figure class=\"wp-block-image size-large\"><img loading=\"lazy\" decoding=\"async\" width=\"1024\" height=\"683\" src=\"https:\/\/www.czechcyclingfederation.com\/wp-content\/uploads\/2023\/09\/Prima-CUP-Skoda-Auto-Mikulov-vitezove-2022-1024x683.jpg\" alt=\"\" class=\"wp-image-27047\" srcset=\"https:\/\/www.czechcyclingfederation.com\/wp-content\/uploads\/2023\/09\/Prima-CUP-Skoda-Auto-Mikulov-vitezove-2022-1024x683.jpg 1024w, https:\/\/www.czechcyclingfederation.com\/wp-content\/uploads\/2023\/09\/Prima-CUP-Skoda-Auto-Mikulov-vitezove-2022-300x200.jpg 300w, https:\/\/www.czechcyclingfederation.com\/wp-content\/uploads\/2023\/09\/Prima-CUP-Skoda-Auto-Mikulov-vitezove-2022-768x512.jpg 768w, https:\/\/www.czechcyclingfederation.com\/wp-content\/uploads\/2023\/09\/Prima-CUP-Skoda-Auto-Mikulov-vitezove-2022-1536x1025.jpg 1536w, https:\/\/www.czechcyclingfederation.com\/wp-content\/uploads\/2023\/09\/Prima-CUP-Skoda-Auto-Mikulov-vitezove-2022-1320x880.jpg 1320w, https:\/\/www.czechcyclingfederation.com\/wp-content\/uploads\/2023\/09\/Prima-CUP-Skoda-Auto-Mikulov-vitezove-2022.jpg 2048w\" sizes=\"auto, (max-width: 1024px) 100vw, 1024px\" \/><\/figure>\n\n\n\n<p>Z\u00e1v\u011brem nejen sobotn\u00edho programu, ale cel\u00e9ho seri\u00e1lu <a href=\"https:\/\/www.iprimacup.cz\"><strong>Prima CUP<\/strong><\/a>, bude z\u00e1v\u011bre\u010dn\u00e9 vyhl\u00e1\u0161en\u00ed seri\u00e1lu, kter\u00fd je sou\u010d\u00e1st\u00ed nejvy\u0161\u0161\u00ed dom\u00e1c\u00ed sout\u011b\u017ee <strong>\u0160koda Auto \u010cesk\u00fd poh\u00e1r v maratonu<\/strong>. Na v\u00edt\u011bze bude \u010dekat spousta zaj\u00edmav\u00fdch cen, v\u010detn\u011b zap\u016fj\u010den\u00ed voz\u016f od \u0160koda Auto na t\u0159i m\u011bs\u00edce.\u00a0<\/p>\n\n\n\n<p>Sluncem zalit\u00fd Mikulov a jeho okol\u00ed toho m\u00e1 tolik co nab\u00eddnout, tak vyu\u017eijte slune\u010dn\u00e9 dny a vyrazte za dobrodru\u017estv\u00edm.&nbsp;<\/p>\n\n\n\n<p>Ve\u0161ker\u00e9 informace o z\u00e1vod\u011b i registrac\u00edch naleznete na str\u00e1nce z\u00e1vodu <a href=\"https:\/\/www.iprimacup.cz\/23-mi\/\"><strong>\u0160koda Auto Mikulov<\/strong><\/a>.<\/p>\n","protected":false},"excerpt":{"rendered":"<p>Slunce, v\u00edno, \u017e\u00e1dn\u00e1 nuda, tak vyraz do Mikulova! Konec cyklistick\u00e9 sezony se bl\u00ed\u017e\u00ed, ale je\u0161t\u011b ne\u017e ulo\u017e\u00edte kola k zimn\u00edmu sp\u00e1nku, vyrazte s n\u00e1mi na z\u00e1v\u011bre\u010dn\u00fd v po\u0159ad\u00ed dvan\u00e1ct\u00fd z\u00e1vod seri\u00e1lu Prima CUP. 7. \u0159\u00edjna se sejdou stovky biker\u016f na z\u00e1vod\u011b \u0160koda Auto Mikulov, aby spole\u010dn\u011b zakon\u010dily cyklistickou sez\u00f3nu.\u00a0 Program startuje ji\u017e v p\u00e1tek, kdy [&hellip;]<\/p>\n","protected":false},"author":9,"featured_media":27041,"comment_status":"closed","ping_status":"open","sticky":false,"template":"","format":"standard","meta":{"footnotes":""},"categories":[2,1],"tags":[10],"class_list":["post-27040","post","type-post","status-publish","format-standard","has-post-thumbnail","hentry","category-novinky","category-uncategorized-cs","tag-mtb"],"_links":{"self":[{"href":"https:\/\/www.czechcyclingfederation.com\/en\/wp-json\/wp\/v2\/posts\/27040","targetHints":{"allow":["GET"]}}],"collection":[{"href":"https:\/\/www.czechcyclingfederation.com\/en\/wp-json\/wp\/v2\/posts"}],"about":[{"href":"https:\/\/www.czechcyclingfederation.com\/en\/wp-json\/wp\/v2\/types\/post"}],"author":[{"embeddable":true,"href":"https:\/\/www.czechcyclingfederation.com\/en\/wp-json\/wp\/v2\/users\/9"}],"replies":[{"embeddable":true,"href":"https:\/\/www.czechcyclingfederation.com\/en\/wp-json\/wp\/v2\/comments?post=27040"}],"version-history":[{"count":1,"href":"https:\/\/www.czechcyclingfederation.com\/en\/wp-json\/wp\/v2\/posts\/27040\/revisions"}],"predecessor-version":[{"id":27051,"href":"https:\/\/www.czechcyclingfederation.com\/en\/wp-json\/wp\/v2\/posts\/27040\/revisions\/27051"}],"wp:featuredmedia":[{"embeddable":true,"href":"https:\/\/www.czechcyclingfederation.com\/en\/wp-json\/wp\/v2\/media\/27041"}],"wp:attachment":[{"href":"https:\/\/www.czechcyclingfederation.com\/en\/wp-json\/wp\/v2\/media?parent=27040"}],"wp:term":[{"taxonomy":"category","embeddable":true,"href":"https:\/\/www.czechcyclingfederation.com\/en\/wp-json\/wp\/v2\/categories?post=27040"},{"taxonomy":"post_tag","embeddable":true,"href":"https:\/\/www.czechcyclingfederation.com\/en\/wp-json\/wp\/v2\/tags?post=27040"}],"curies":[{"name":"wp","href":"https:\/\/api.w.org\/{rel}","templated":true}]}}