{"id":2698,"date":"2020-10-18T19:25:49","date_gmt":"2020-10-18T17:25:49","guid":{"rendered":"http:\/\/www.czechcyclingfederation.com\/?p=2698"},"modified":"2020-11-04T12:15:44","modified_gmt":"2020-11-04T11:15:44","slug":"me-xco-monte-tamaro-bedrnikova-ctvrta-zatloukal-paty","status":"publish","type":"post","link":"https:\/\/www.czechcyclingfederation.com\/en\/me-xco-monte-tamaro-bedrnikova-ctvrta-zatloukal-paty\/","title":{"rendered":"ME XCO Monte Tamaro: Bedrn\u00edkov\u00e1 \u010dtvrt\u00e1, Zatloukal p\u00e1t\u00fd!"},"content":{"rendered":"\n<p><strong>Z\u00e1v\u011bre\u010dn\u00fd den evropsk\u00e9ho \u0161ampion\u00e1tu biker\u016f v cross country ve \u0161v\u00fdcarsk\u00e9m Monte Tamaro pat\u0159il juniorsk\u00fdm kategori\u00edm a z\u00e1vod\u011b \u017een do t\u0159iadvaceti let. \u010ce\u0161t\u00ed reprezentanti v n\u011bm \u00fasp\u011b\u0161n\u011b h\u00e1jili \u010desk\u00e9 barvy, kdy\u017e jim cenn\u00e9 kovy unikly pouze o kousek.<\/strong><\/p>\n\n\n\n<p>Nejv\u00fd\u0161e skon\u010dila \u010dtvrt\u00e1 juniorka Karol\u00edna Bedrn\u00edkov\u00e1, kter\u00e9 chyb\u011bl na bronz 13 sekund. Za n\u00ed dokon\u010dila \u0161est\u00e1 Aneta Novotn\u00e1. Z evropsk\u00e9ho titulu se radovala Raku\u0161anka Mitterwallner.<\/p>\n\n\n\n<p>V\u00fdborn\u011b si vedli tak\u00e9 junio\u0159i, kdy\u017e p\u00e1t\u00fd skon\u010dil Jan Zatloukal a \u0161est\u00fd Jan \u0160ulc. V\u00edt\u011bzstv\u00ed slavil d\u00e1nsk\u00fd reprezentant Solvhoj.<\/p>\n\n\n\n<p>V z\u00e1vod\u011b \u017een do t\u0159iadvaceti let dokon\u010dila pouze jedin\u00e1 \u010ce\u0161ka, des\u00e1t\u00e1 Tereza Tvar\u016f\u017ekov\u00e1. Zbyl\u00e9 dv\u011b \u010desk\u00e9 reprezentanty Tereza S\u00e1skov\u00e1 ani Tereza Neumanov\u00e1 z\u00e1vod kv\u016fli zdravotn\u00edm komplikac\u00edm nedokon\u010dily. Z\u00e1vodu dominovala favorizovan\u00e1 Francouzka Lecomte.<\/p>\n\n\n\n<p><span style=\"text-decoration: underline;\">V\u00fdsledky:<\/span><\/p>\n\n\n\n<p>Junio\u0159i:&nbsp;<\/p>\n\n\n\n<p>1. Solvhoj (D\u00e1n.) 1:05:35, 2. Baumann -10, 3. Wiedmann (oba \u0160v\u00fdc.) -14, &#8230;<strong>5. Zatloukal -1:20, 6. \u0160ulc -1:28, 18. S\u00e1ska -3:52, 41. Veverka -9:02, 44. \u017dvak (v\u0161ichni \u010cR). <\/strong>-9:16.&nbsp;<\/p>\n\n\n\n<p>Juniorky:&nbsp;<\/p>\n\n\n\n<p>1. Mitterwallner (Rak.) 59:32, 2. Onesti (Fr.) -2:36, 3. Pieterse (Niz.) -3:07, <strong>4. Bedrn\u00edkov\u00e1 -3:20, &#8230;6. Novotn\u00e1 -4:00, 14. Obo\u0159ilov\u00e1 -6:50, 18. Holubov\u00e1 (v\u0161echny \u010cR) -8:00.<\/strong>&nbsp;<\/p>\n\n\n\n<p>\u017deny do 23 let:<\/p>\n\n\n\n<p>1. Lecomte (Fr.) 1:12:44, 2. Tovo (It.) -4:20, 3. Kirsanova (Rus.) -4:36, &#8230;<strong>10. Tvar\u016f\u017ekov\u00e1 -6:55, S\u00e1skov\u00e1, Neumanov\u00e1 (v\u0161echny \u010cR) nedojely<\/strong>.<\/p>\n\n\n\n<div style=\"text-align: center;\">\n\t<iframe loading=\"lazy\" allow=\"encrypted-media\" allowtransparency=\"true\" frameborder=\"0\" height=\"524\" scrolling=\"no\" src=\"https:\/\/www.facebook.com\/plugins\/post.php?href=https%3A%2F%2Fwww.facebook.com%2FreprezentaceMTB%2Fposts%2F1874570372683855&amp;show_text=true&amp;width=552&amp;height=524&amp;appId\" style=\"border:none;overflow:hidden\" width=\"552\"><\/iframe><br>\n\t&nbsp;<br>\n\t&nbsp;<iframe loading=\"lazy\" allow=\"encrypted-media\" allowtransparency=\"true\" frameborder=\"0\" height=\"549\" scrolling=\"no\" src=\"https:\/\/www.facebook.com\/plugins\/post.php?href=https%3A%2F%2Fwww.facebook.com%2FreprezentaceMTB%2Fposts%2F1874476369359922&amp;show_text=true&amp;width=552&amp;height=549&amp;appId\" style=\"border:none;overflow:hidden\" width=\"552\"><\/iframe><br>\n\t&nbsp;<br>\n\t<iframe loading=\"lazy\" allow=\"encrypted-media\" allowtransparency=\"true\" frameborder=\"0\" height=\"627\" scrolling=\"no\" src=\"https:\/\/www.facebook.com\/plugins\/post.php?href=https%3A%2F%2Fwww.facebook.com%2FreprezentaceMTB%2Fposts%2F1874807392660153&amp;show_text=true&amp;width=552&amp;height=627&amp;appId\" style=\"border:none;overflow:hidden\" width=\"552\"><\/iframe><\/div>\n\n\n\n<p><em>Foto: Michal \u010cerven\u00fd<\/em><\/p>\n","protected":false},"excerpt":{"rendered":"<p>Z\u00e1v\u011bre\u010dn\u00fd den evropsk\u00e9ho \u0161ampion\u00e1tu biker\u016f v cross country ve \u0161v\u00fdcarsk\u00e9m Monte Tamaro pat\u0159il juniorsk\u00fdm kategori\u00edm a z\u00e1vod\u011b \u017een do t\u0159iadvaceti let. \u010ce\u0161t\u00ed reprezentanti v n\u011bm \u00fasp\u011b\u0161n\u011b h\u00e1jili \u010desk\u00e9 barvy, kdy\u017e jim cenn\u00e9 kovy unikly pouze o kousek. Nejv\u00fd\u0161e skon\u010dila \u010dtvrt\u00e1 juniorka Karol\u00edna Bedrn\u00edkov\u00e1, kter\u00e9 chyb\u011bl na bronz 13 sekund. Za n\u00ed dokon\u010dila \u0161est\u00e1 Aneta Novotn\u00e1. [&hellip;]<\/p>\n","protected":false},"author":9,"featured_media":2574,"comment_status":"closed","ping_status":"open","sticky":false,"template":"","format":"standard","meta":{"footnotes":""},"categories":[6,2,103],"tags":[10],"class_list":["post-2698","post","type-post","status-publish","format-standard","has-post-thumbnail","hentry","category-mtb","category-novinky","category-reprezentace","tag-mtb"],"_links":{"self":[{"href":"https:\/\/www.czechcyclingfederation.com\/en\/wp-json\/wp\/v2\/posts\/2698","targetHints":{"allow":["GET"]}}],"collection":[{"href":"https:\/\/www.czechcyclingfederation.com\/en\/wp-json\/wp\/v2\/posts"}],"about":[{"href":"https:\/\/www.czechcyclingfederation.com\/en\/wp-json\/wp\/v2\/types\/post"}],"author":[{"embeddable":true,"href":"https:\/\/www.czechcyclingfederation.com\/en\/wp-json\/wp\/v2\/users\/9"}],"replies":[{"embeddable":true,"href":"https:\/\/www.czechcyclingfederation.com\/en\/wp-json\/wp\/v2\/comments?post=2698"}],"version-history":[{"count":4,"href":"https:\/\/www.czechcyclingfederation.com\/en\/wp-json\/wp\/v2\/posts\/2698\/revisions"}],"predecessor-version":[{"id":2702,"href":"https:\/\/www.czechcyclingfederation.com\/en\/wp-json\/wp\/v2\/posts\/2698\/revisions\/2702"}],"wp:featuredmedia":[{"embeddable":true,"href":"https:\/\/www.czechcyclingfederation.com\/en\/wp-json\/wp\/v2\/media\/2574"}],"wp:attachment":[{"href":"https:\/\/www.czechcyclingfederation.com\/en\/wp-json\/wp\/v2\/media?parent=2698"}],"wp:term":[{"taxonomy":"category","embeddable":true,"href":"https:\/\/www.czechcyclingfederation.com\/en\/wp-json\/wp\/v2\/categories?post=2698"},{"taxonomy":"post_tag","embeddable":true,"href":"https:\/\/www.czechcyclingfederation.com\/en\/wp-json\/wp\/v2\/tags?post=2698"}],"curies":[{"name":"wp","href":"https:\/\/api.w.org\/{rel}","templated":true}]}}