{"id":26979,"date":"2023-09-03T17:04:41","date_gmt":"2023-09-03T15:04:41","guid":{"rendered":"https:\/\/www.czechcyclingfederation.com\/?p=26979"},"modified":"2023-09-03T17:04:44","modified_gmt":"2023-09-03T15:04:44","slug":"bikrosar-neuzil-i-dnes-na-ep-na-stupnich-vitezu","status":"publish","type":"post","link":"https:\/\/www.czechcyclingfederation.com\/en\/bikrosar-neuzil-i-dnes-na-ep-na-stupnich-vitezu\/","title":{"rendered":"Bikrosa\u0159 Neu\u017eil i dnes na EP na stupn\u00edch v\u00edt\u011bz\u016f"},"content":{"rendered":"\n<p>Po sobotn\u00edm druh\u00e9m m\u00edstu vystoupil i dnes v Andaii v Portugalsku na stupn\u011b v\u00edt\u011bz\u016f ve dvan\u00e1ct\u00e9m z\u00e1vodu Evropsk\u00e9ho poh\u00e1ru v bikrosu \u010desk\u00fd jezdec Marek Neu\u017eil, kdy\u017e skon\u010dil t\u0159et\u00ed.<\/p>\n\n\n\n<p>Fin\u00e1lovou \u00fa\u010dast si vyzkou\u0161el i junior Jakub Cidlinsk\u00fd, ale dojel a\u017e na osm\u00e9 pozici.<\/p>\n\n\n\n<p>V\u00fdsledky:<\/p>\n\n\n\n<p>Junio\u0159i:<\/p>\n\n\n\n<p>1. Williams (USA), 2. Mol\u00e9n (\u0160v\u00e9d.), 3. Habert (Fr.), &#8230;8. Cidlinsk\u00fd (\u010cR).<\/p>\n\n\n\n<p>Mu\u017ei U23:<\/p>\n\n\n\n<p>1. Garcia (\u0160p.), 2. Radaelli (It.), 3. Neu\u017eil (\u010cR).<\/p>\n\n\n\n<p>\u017deny:<\/p>\n\n\n\n<p>1. Shrieverov\u00e1 (Brit.), 2. Claessensov\u00e1 (\u0160v\u00fdc.), 3. M. Smuldersov\u00e1 (Niz.), 4. Pajonov\u00e1 (Kol.), 5. Aeberhardov\u00e1 (\u0160v\u00fdc.), 6. L. Smuldersov\u00e1 (Niz.), 7. Hatekejamov\u00e1 (Jap.), 8. Baauwov\u00e1 (Niz.).<\/p>\n\n\n\n<p>Mu\u017ei:<\/p>\n\n\n\n<p>1. Clerte (Fr.), 2. Molina (Cile), 3. Ragot, 4. Darnard (oba Fr.),&nbsp; 5. Magdelijns (Belg.), 6. Thouin (Fr.), 7. Aeberhard (\u0160v\u00fdc.), 8. Schippers (Niz.).<\/p>\n\n\n\n<p>FOTO Nico van Dartel<\/p>\n","protected":false},"excerpt":{"rendered":"<p>Po sobotn\u00edm druh\u00e9m m\u00edstu vystoupil i dnes v Andaii v Portugalsku na stupn\u011b v\u00edt\u011bz\u016f ve dvan\u00e1ct\u00e9m z\u00e1vodu Evropsk\u00e9ho poh\u00e1ru v bikrosu \u010desk\u00fd jezdec Marek Neu\u017eil, kdy\u017e skon\u010dil t\u0159et\u00ed. Fin\u00e1lovou \u00fa\u010dast si vyzkou\u0161el i junior Jakub Cidlinsk\u00fd, ale dojel a\u017e na osm\u00e9 pozici. V\u00fdsledky: Junio\u0159i: 1. Williams (USA), 2. Mol\u00e9n (\u0160v\u00e9d.), 3. Habert (Fr.), &#8230;8. Cidlinsk\u00fd [&hellip;]<\/p>\n","protected":false},"author":8,"featured_media":26980,"comment_status":"closed","ping_status":"open","sticky":false,"template":"","format":"standard","meta":{"footnotes":""},"categories":[57,2],"tags":[55],"class_list":["post-26979","post","type-post","status-publish","format-standard","has-post-thumbnail","hentry","category-bmx","category-novinky","tag-bmx"],"_links":{"self":[{"href":"https:\/\/www.czechcyclingfederation.com\/en\/wp-json\/wp\/v2\/posts\/26979","targetHints":{"allow":["GET"]}}],"collection":[{"href":"https:\/\/www.czechcyclingfederation.com\/en\/wp-json\/wp\/v2\/posts"}],"about":[{"href":"https:\/\/www.czechcyclingfederation.com\/en\/wp-json\/wp\/v2\/types\/post"}],"author":[{"embeddable":true,"href":"https:\/\/www.czechcyclingfederation.com\/en\/wp-json\/wp\/v2\/users\/8"}],"replies":[{"embeddable":true,"href":"https:\/\/www.czechcyclingfederation.com\/en\/wp-json\/wp\/v2\/comments?post=26979"}],"version-history":[{"count":1,"href":"https:\/\/www.czechcyclingfederation.com\/en\/wp-json\/wp\/v2\/posts\/26979\/revisions"}],"predecessor-version":[{"id":26982,"href":"https:\/\/www.czechcyclingfederation.com\/en\/wp-json\/wp\/v2\/posts\/26979\/revisions\/26982"}],"wp:featuredmedia":[{"embeddable":true,"href":"https:\/\/www.czechcyclingfederation.com\/en\/wp-json\/wp\/v2\/media\/26980"}],"wp:attachment":[{"href":"https:\/\/www.czechcyclingfederation.com\/en\/wp-json\/wp\/v2\/media?parent=26979"}],"wp:term":[{"taxonomy":"category","embeddable":true,"href":"https:\/\/www.czechcyclingfederation.com\/en\/wp-json\/wp\/v2\/categories?post=26979"},{"taxonomy":"post_tag","embeddable":true,"href":"https:\/\/www.czechcyclingfederation.com\/en\/wp-json\/wp\/v2\/tags?post=26979"}],"curies":[{"name":"wp","href":"https:\/\/api.w.org\/{rel}","templated":true}]}}