{"id":26973,"date":"2023-09-02T18:51:28","date_gmt":"2023-09-02T16:51:28","guid":{"rendered":"https:\/\/www.czechcyclingfederation.com\/?p=26973"},"modified":"2023-09-02T18:51:31","modified_gmt":"2023-09-02T16:51:31","slug":"neuzil-vybojoval-druhe-misto-na-ep-v-bmx","status":"publish","type":"post","link":"https:\/\/www.czechcyclingfederation.com\/en\/neuzil-vybojoval-druhe-misto-na-ep-v-bmx\/","title":{"rendered":"Neu\u017eil vybojoval druh\u00e9 m\u00edsto na EP v BMX"},"content":{"rendered":"\n<p>Bikrosa\u0159 Marek Neu\u017eil vybojoval vynikaj\u00edc\u00ed druh\u00e9 m\u00edsto v jeden\u00e1ct\u00e9m pokra\u010dov\u00e1n\u00ed seri\u00e1lu Evropsk\u00e9ho poh\u00e1ru, kter\u00fd se dnes jel v portugalsk\u00e9 Anadii. \u00a0Z \u010desk\u00fdch jezdc\u016f je\u0161t\u011b junior Jakub Cidlinsk\u00fd obsadil v semifin\u00e1le sedm\u00e9 m\u00edsto.<\/p>\n\n\n\n<p>V\u00fdsledky:<\/p>\n\n\n\n<p>Mu\u017ei U23:<\/p>\n\n\n\n<p>1. Ramos (\u0160p.), 2. Neu\u017eil (\u010cR), 3. Stauffacher (\u0160v\u00fdc.).<\/p>\n\n\n\n<p>\u017deny:<\/p>\n\n\n\n<p>1. Claessensov\u00e1 (\u0160v\u00fdc.), 2. Shrieverov\u00e1 (Brit.), 3. L. Smuldersov\u00e1, 4. M. Smuldersov\u00e1, 5. Baauwov\u00e1 (v\u0161echny Niz.), 6. Hatekajamov\u00e1 (Jap.), 7. Pajonov\u00e1 (Kol.), 8. Aeberhardov\u00e1 (\u0160v\u00fdc.).<\/p>\n\n\n\n<p>Mu\u017ei:<\/p>\n\n\n\n<p>1. Gommers (Belg.), 2. Clerte (Fr.), 3. Molina (Chile), 4. Thouin (Fr.), 5. Pelluard (Kol.), 6. Aeberhard (\u0160v\u00fdc.), 7. Sciortino (It.), 8. Mayet (Fr.).<\/p>\n\n\n\n<p>FOTO Nico van Dartel<\/p>\n","protected":false},"excerpt":{"rendered":"<p>Bikrosa\u0159 Marek Neu\u017eil vybojoval vynikaj\u00edc\u00ed druh\u00e9 m\u00edsto v jeden\u00e1ct\u00e9m pokra\u010dov\u00e1n\u00ed seri\u00e1lu Evropsk\u00e9ho poh\u00e1ru, kter\u00fd se dnes jel v portugalsk\u00e9 Anadii. \u00a0Z \u010desk\u00fdch jezdc\u016f je\u0161t\u011b junior Jakub Cidlinsk\u00fd obsadil v semifin\u00e1le sedm\u00e9 m\u00edsto. V\u00fdsledky: Mu\u017ei U23: 1. Ramos (\u0160p.), 2. Neu\u017eil (\u010cR), 3. Stauffacher (\u0160v\u00fdc.). \u017deny: 1. Claessensov\u00e1 (\u0160v\u00fdc.), 2. Shrieverov\u00e1 (Brit.), 3. L. Smuldersov\u00e1, 4. [&hellip;]<\/p>\n","protected":false},"author":8,"featured_media":26976,"comment_status":"closed","ping_status":"open","sticky":false,"template":"","format":"standard","meta":{"footnotes":""},"categories":[57,2],"tags":[55],"class_list":["post-26973","post","type-post","status-publish","format-standard","has-post-thumbnail","hentry","category-bmx","category-novinky","tag-bmx"],"_links":{"self":[{"href":"https:\/\/www.czechcyclingfederation.com\/en\/wp-json\/wp\/v2\/posts\/26973","targetHints":{"allow":["GET"]}}],"collection":[{"href":"https:\/\/www.czechcyclingfederation.com\/en\/wp-json\/wp\/v2\/posts"}],"about":[{"href":"https:\/\/www.czechcyclingfederation.com\/en\/wp-json\/wp\/v2\/types\/post"}],"author":[{"embeddable":true,"href":"https:\/\/www.czechcyclingfederation.com\/en\/wp-json\/wp\/v2\/users\/8"}],"replies":[{"embeddable":true,"href":"https:\/\/www.czechcyclingfederation.com\/en\/wp-json\/wp\/v2\/comments?post=26973"}],"version-history":[{"count":1,"href":"https:\/\/www.czechcyclingfederation.com\/en\/wp-json\/wp\/v2\/posts\/26973\/revisions"}],"predecessor-version":[{"id":26978,"href":"https:\/\/www.czechcyclingfederation.com\/en\/wp-json\/wp\/v2\/posts\/26973\/revisions\/26978"}],"wp:featuredmedia":[{"embeddable":true,"href":"https:\/\/www.czechcyclingfederation.com\/en\/wp-json\/wp\/v2\/media\/26976"}],"wp:attachment":[{"href":"https:\/\/www.czechcyclingfederation.com\/en\/wp-json\/wp\/v2\/media?parent=26973"}],"wp:term":[{"taxonomy":"category","embeddable":true,"href":"https:\/\/www.czechcyclingfederation.com\/en\/wp-json\/wp\/v2\/categories?post=26973"},{"taxonomy":"post_tag","embeddable":true,"href":"https:\/\/www.czechcyclingfederation.com\/en\/wp-json\/wp\/v2\/tags?post=26973"}],"curies":[{"name":"wp","href":"https:\/\/api.w.org\/{rel}","templated":true}]}}