{"id":2696,"date":"2020-10-17T19:06:25","date_gmt":"2020-10-17T17:06:25","guid":{"rendered":"http:\/\/www.czechcyclingfederation.com\/?p=2696"},"modified":"2020-10-25T19:16:06","modified_gmt":"2020-10-25T18:16:06","slug":"cabelicka-trinacta-na-me-xco-v-monte-tamaro","status":"publish","type":"post","link":"https:\/\/www.czechcyclingfederation.com\/en\/cabelicka-trinacta-na-me-xco-v-monte-tamaro\/","title":{"rendered":"\u010c\u00e1belick\u00e1 t\u0159in\u00e1ct\u00e1 na ME XCO v Monte Tamaro"},"content":{"rendered":"\n<p><strong>\u010cesk\u00e1 reprezentantka Jitka \u010c\u00e1belick\u00e1 skon\u010dila na Mistrovstv\u00ed Evropy v cross country ve \u0161v\u00fdcarsk\u00e9m Monte Tamaro na t\u0159in\u00e1ct\u00e9m m\u00edst\u011b.&nbsp;<\/strong><\/p>\n\n\n\n<p>Z v\u00edt\u011bzstv\u00ed se radovala sv\u011btov\u00e1 \u0161ampionka, Francouzka Pauline Ferrand-Pr\u00e9vot. Z \u010desk\u00fdch reprezentantek skon\u010dila jednadvac\u00e1t\u00e1 Karla \u0160t\u011bp\u00e1nov\u00e1 a p\u011btadvac\u00e1t\u00e1 Jana Czeczinkarov\u00e1.<\/p>\n\n\n\n<p>V elitn\u00edm z\u00e1vod\u011b mu\u017e\u016f si pro titul dojel \u0160v\u00fdcar Nino Schurter. Z \u010cech\u016f se na 23. m\u00edst\u011b um\u00edstil Jan Vastl, 29. skon\u010dil Jan \u0160karnitzl a 37. Luk\u00e1\u0161 Kobes. \u010cesk\u00e1 jedni\u010dka Ond\u0159ej Cink v z\u00e1vod\u011b nestartoval, kdy\u017e p\u0159ed evropsk\u00fdm \u0161ampion\u00e1tem ukon\u010dil sez\u00f3nu.<\/p>\n\n\n\n<p>Dopoledn\u00ed z\u00e1vod mu\u017e\u016f byl v pod\u00e1n\u00ed dom\u00e1c\u00edch \u0160v\u00fdcar\u016f, kdy\u017e se z v\u00edt\u011bzstv\u00ed radoval Joel Roth p\u0159ed krajanem Vitalem Albinem. Z \u010cech\u016f skon\u010dil nejv\u00fd\u0161e t\u0159ic\u00e1t\u00fd Josef Jel\u00ednek.&nbsp;<\/p>\n\n\n\n<p>V ned\u011bli jsou v Monte Tamaro na programu z\u00e1vody juniorsk\u00fdch kategori\u00ed a \u017een do t\u0159iadvaceti let.<\/p>\n\n\n\n<p><span style=\"text-decoration: underline;\">V\u00fdsledky:<\/span><\/p>\n\n\n\n<p>\u017deny Elite:&nbsp;<\/p>\n\n\n\n<p>1. Pauline Ferrand Pr\u00e9vot (Fr.) 1:13:24, 2. Anne Terpstra (Niz.) +0:41, 3. Yana Belomoina (Ukr.) +0:56, &#8230; <strong>13. Jitka \u010c\u00e1belick\u00e1 +4:36, 21. Karla \u0160t\u011bp\u00e1nov\u00e1 +5:57, 25. Jana Czeczinkarov\u00e1 +8:05 (v\u0161echny \u010cR).<\/strong><\/p>\n\n\n\n<p>Mu\u017ei Elite:<\/p>\n\n\n\n<p>1. Nino Schurter (\u0160v\u00fdc.) 1:27:25, 2. Titouan Carod (Fr.) +0:10, 3. Mathias Fl\u00fcckinger (\u0160v\u00fdc.) +0:49, <strong>&#8230; 23. Jan Vastl +4:28, 29. Jan \u0160karnitzl +5:27, 37. Luk\u00e1\u0161 Kobes +9:18 (v\u0161ichni \u010cR).<\/strong><\/p>\n\n\n\n<p>Mu\u017ei U23:<\/p>\n\n\n\n<p>1. Joel Roth (\u0160v\u00fdc.) 1:18:02, 2. Vital Albin (\u0160v\u00fdc) + 0:06, 3. Juri Zanotti (It.) +0:28, &#8230; <strong>30. Josef Jel\u00ednek +6:16, 35. Jarom\u00edr Sk\u00e1la +7:30, 37. Samuel Jirou\u0161 +7:36 (v\u0161ichni \u010cR).<\/strong><\/p>\n\n\n\n<p><em>Foto: Michal \u010cerven\u00fd<\/em><\/p>\n","protected":false},"excerpt":{"rendered":"<p>\u010cesk\u00e1 reprezentantka Jitka \u010c\u00e1belick\u00e1 skon\u010dila na Mistrovstv\u00ed Evropy v cross country ve \u0161v\u00fdcarsk\u00e9m Monte Tamaro na t\u0159in\u00e1ct\u00e9m m\u00edst\u011b.&nbsp; Z v\u00edt\u011bzstv\u00ed se radovala sv\u011btov\u00e1 \u0161ampionka, Francouzka Pauline Ferrand-Pr\u00e9vot. Z \u010desk\u00fdch reprezentantek skon\u010dila jednadvac\u00e1t\u00e1 Karla \u0160t\u011bp\u00e1nov\u00e1 a p\u011btadvac\u00e1t\u00e1 Jana Czeczinkarov\u00e1. V elitn\u00edm z\u00e1vod\u011b mu\u017e\u016f si pro titul dojel \u0160v\u00fdcar Nino Schurter. Z \u010cech\u016f se na 23. m\u00edst\u011b [&hellip;]<\/p>\n","protected":false},"author":9,"featured_media":2628,"comment_status":"closed","ping_status":"open","sticky":false,"template":"","format":"standard","meta":{"footnotes":""},"categories":[6,2,103],"tags":[10],"class_list":["post-2696","post","type-post","status-publish","format-standard","has-post-thumbnail","hentry","category-mtb","category-novinky","category-reprezentace","tag-mtb"],"_links":{"self":[{"href":"https:\/\/www.czechcyclingfederation.com\/en\/wp-json\/wp\/v2\/posts\/2696","targetHints":{"allow":["GET"]}}],"collection":[{"href":"https:\/\/www.czechcyclingfederation.com\/en\/wp-json\/wp\/v2\/posts"}],"about":[{"href":"https:\/\/www.czechcyclingfederation.com\/en\/wp-json\/wp\/v2\/types\/post"}],"author":[{"embeddable":true,"href":"https:\/\/www.czechcyclingfederation.com\/en\/wp-json\/wp\/v2\/users\/9"}],"replies":[{"embeddable":true,"href":"https:\/\/www.czechcyclingfederation.com\/en\/wp-json\/wp\/v2\/comments?post=2696"}],"version-history":[{"count":2,"href":"https:\/\/www.czechcyclingfederation.com\/en\/wp-json\/wp\/v2\/posts\/2696\/revisions"}],"predecessor-version":[{"id":2703,"href":"https:\/\/www.czechcyclingfederation.com\/en\/wp-json\/wp\/v2\/posts\/2696\/revisions\/2703"}],"wp:featuredmedia":[{"embeddable":true,"href":"https:\/\/www.czechcyclingfederation.com\/en\/wp-json\/wp\/v2\/media\/2628"}],"wp:attachment":[{"href":"https:\/\/www.czechcyclingfederation.com\/en\/wp-json\/wp\/v2\/media?parent=2696"}],"wp:term":[{"taxonomy":"category","embeddable":true,"href":"https:\/\/www.czechcyclingfederation.com\/en\/wp-json\/wp\/v2\/categories?post=2696"},{"taxonomy":"post_tag","embeddable":true,"href":"https:\/\/www.czechcyclingfederation.com\/en\/wp-json\/wp\/v2\/tags?post=2696"}],"curies":[{"name":"wp","href":"https:\/\/api.w.org\/{rel}","templated":true}]}}