{"id":2691,"date":"2020-10-16T21:07:09","date_gmt":"2020-10-16T19:07:09","guid":{"rendered":"http:\/\/www.czechcyclingfederation.com\/?p=2691"},"modified":"2020-10-25T19:16:42","modified_gmt":"2020-10-25T18:16:42","slug":"me-eliminator-jana-czeczinkarova-sesta","status":"publish","type":"post","link":"https:\/\/www.czechcyclingfederation.com\/en\/me-eliminator-jana-czeczinkarova-sesta\/","title":{"rendered":"ME Eliminator: Jana Czeczinkarov\u00e1 \u0161est\u00e1"},"content":{"rendered":"\n<p><strong>P\u00e1te\u010dn\u00edmu programu na Mistrovstv\u00ed Evropy ve \u0161v\u00fdcarsk\u00e9m Monte Tamaru pat\u0159ilo sprint\u016fm.&nbsp;<\/strong><\/p>\n\n\n\n<p>Na p\u0159\u00ed\u010dce nejvy\u0161\u0161\u00ed se z \u010desk\u00fdch reprezentantek prosadila \u0161est\u00e1 Jana Czeczinkarov\u00e1. Osm\u00e1 skon\u010dila Tereza Neumanov\u00e1 a dev\u00e1t\u00e1 Karol\u00edna Bedrn\u00edkov\u00e1. Z \u010desk\u00fdch reprezentant\u016f se nikdo nep\u0159edstavil.&nbsp;<\/p>\n\n\n\n<p>Z titulu se radovali Italka Gaia Tormena a Francouz Titouan Perrin Garnier.<\/p>\n\n\n\n<p>V\u00fdsledky:&nbsp;<\/p>\n\n\n\n<p><span style=\"text-decoration: underline;\">\u017deny:<\/span><\/p>\n\n\n\n<p>1. Gaia Tormena (It.), 2. Linda Indergand (\u0160v\u00fdc.), 3. Marion Fromberger (N\u011bm.) &#8230;<strong> 6. Jana Czeczinkarov\u00e1, 8. Tereza Neumanov\u00e1, 9. Karol\u00edna Bedrn\u00edkov\u00e1 (v\u0161echny \u010cR)<\/strong>.<\/p>\n\n\n\n<p><span style=\"text-decoration: underline;\">Mu\u017ei:&nbsp;<\/span><\/p>\n\n\n\n<p>1. Titouan Perrin Garnier (Fr.), 2. Jeroen Van Eck (Niz.), 3. Hugo Briatta (Fr.).<\/p>\n\n\n\n<figure class=\"wp-block-image size-large\"><img loading=\"lazy\" decoding=\"async\" width=\"720\" height=\"960\" src=\"http:\/\/www.czechcyclingfederation.com\/wp-content\/uploads\/2020\/10\/121738192_1872724586201767_4882919688681288355_n.jpg\" alt=\"\" class=\"wp-image-2692\" srcset=\"https:\/\/www.czechcyclingfederation.com\/wp-content\/uploads\/2020\/10\/121738192_1872724586201767_4882919688681288355_n.jpg 720w, https:\/\/www.czechcyclingfederation.com\/wp-content\/uploads\/2020\/10\/121738192_1872724586201767_4882919688681288355_n-150x200.jpg 150w\" sizes=\"auto, (max-width: 720px) 100vw, 720px\" \/><\/figure>\n","protected":false},"excerpt":{"rendered":"<p>P\u00e1te\u010dn\u00edmu programu na Mistrovstv\u00ed Evropy ve \u0161v\u00fdcarsk\u00e9m Monte Tamaru pat\u0159ilo sprint\u016fm.&nbsp; Na p\u0159\u00ed\u010dce nejvy\u0161\u0161\u00ed se z \u010desk\u00fdch reprezentantek prosadila \u0161est\u00e1 Jana Czeczinkarov\u00e1. Osm\u00e1 skon\u010dila Tereza Neumanov\u00e1 a dev\u00e1t\u00e1 Karol\u00edna Bedrn\u00edkov\u00e1. Z \u010desk\u00fdch reprezentant\u016f se nikdo nep\u0159edstavil.&nbsp; Z titulu se radovali Italka Gaia Tormena a Francouz Titouan Perrin Garnier. V\u00fdsledky:&nbsp; \u017deny: 1. Gaia Tormena (It.), 2. [&hellip;]<\/p>\n","protected":false},"author":9,"featured_media":2573,"comment_status":"closed","ping_status":"open","sticky":false,"template":"","format":"standard","meta":{"footnotes":""},"categories":[6,2,103],"tags":[10],"class_list":["post-2691","post","type-post","status-publish","format-standard","has-post-thumbnail","hentry","category-mtb","category-novinky","category-reprezentace","tag-mtb"],"_links":{"self":[{"href":"https:\/\/www.czechcyclingfederation.com\/en\/wp-json\/wp\/v2\/posts\/2691","targetHints":{"allow":["GET"]}}],"collection":[{"href":"https:\/\/www.czechcyclingfederation.com\/en\/wp-json\/wp\/v2\/posts"}],"about":[{"href":"https:\/\/www.czechcyclingfederation.com\/en\/wp-json\/wp\/v2\/types\/post"}],"author":[{"embeddable":true,"href":"https:\/\/www.czechcyclingfederation.com\/en\/wp-json\/wp\/v2\/users\/9"}],"replies":[{"embeddable":true,"href":"https:\/\/www.czechcyclingfederation.com\/en\/wp-json\/wp\/v2\/comments?post=2691"}],"version-history":[{"count":3,"href":"https:\/\/www.czechcyclingfederation.com\/en\/wp-json\/wp\/v2\/posts\/2691\/revisions"}],"predecessor-version":[{"id":2704,"href":"https:\/\/www.czechcyclingfederation.com\/en\/wp-json\/wp\/v2\/posts\/2691\/revisions\/2704"}],"wp:featuredmedia":[{"embeddable":true,"href":"https:\/\/www.czechcyclingfederation.com\/en\/wp-json\/wp\/v2\/media\/2573"}],"wp:attachment":[{"href":"https:\/\/www.czechcyclingfederation.com\/en\/wp-json\/wp\/v2\/media?parent=2691"}],"wp:term":[{"taxonomy":"category","embeddable":true,"href":"https:\/\/www.czechcyclingfederation.com\/en\/wp-json\/wp\/v2\/categories?post=2691"},{"taxonomy":"post_tag","embeddable":true,"href":"https:\/\/www.czechcyclingfederation.com\/en\/wp-json\/wp\/v2\/tags?post=2691"}],"curies":[{"name":"wp","href":"https:\/\/api.w.org\/{rel}","templated":true}]}}