{"id":26900,"date":"2023-08-28T08:59:07","date_gmt":"2023-08-28T06:59:07","guid":{"rendered":"https:\/\/www.czechcyclingfederation.com\/?p=26900"},"modified":"2023-08-28T09:24:49","modified_gmt":"2023-08-28T07:24:49","slug":"bronzove-juniorky-markova-s-mullerovou-na-ms-v-madisonu","status":"publish","type":"post","link":"https:\/\/www.czechcyclingfederation.com\/en\/bronzove-juniorky-markova-s-mullerovou-na-ms-v-madisonu\/","title":{"rendered":"Bronzov\u00e1 Markov\u00e1 s M\u00fcllerovou na dr\u00e1hov\u00e9m MSJ"},"content":{"rendered":"\n<p>Z\u00e1v\u011bre\u010dn\u00fd den sv\u011btov\u00e9ho juniorsk\u00e9ho \u0161ampion\u00e1tu na dr\u00e1ze v kolumbijsk\u00e9m Cali p\u0159inesl \u010desk\u00fdm barv\u00e1m medaili. Postaraly se o ni Ad\u00e9la Markov\u00e1 s Patrici\u00ed M\u00fcllerovou v madisonu. V\u00fdborn\u011b si vedl i Adam Bittman, kter\u00fd ve vylu\u010dovac\u00edm z\u00e1vodu obsadil \u010dtvrt\u00e9 m\u00edsto.<\/p>\n\n\n\n<p>\u201eD\u011bv\u010data Markov\u00e1 s M\u00fcllerovou jely od za\u010d\u00e1tku velice aktivn\u011b a pod\u00edlely se na tvorb\u011b z\u00e1vodu. Do posledn\u00edho sprintu bojovaly o st\u0159\u00edbrnou medaili. V z\u00e1v\u011bre\u010dn\u00e9m dvojn\u00e1sobn\u011b bodovan\u00e9m spurtu z\u00edskaly \u0161est bod\u016f za druh\u00e9 m\u00edsto, ale p\u0159esko\u010dily je ziskem deseti bod\u016f Australanky. Nakonec jim pat\u0159\u00ed skv\u011bl\u00e9 t\u0159et\u00ed m\u00edsto v t\u00e9to olympijsk\u00e9 discipl\u00edn\u011b, co\u017e je pro n\u011b ur\u010dit\u011b velk\u00fd \u00fasp\u011bch,\u201c uvedl reprezenta\u010dn\u00ed tren\u00e9r Martin Cetkovsk\u00fd.<\/p>\n\n\n\n<p>Adam Bittman startoval ve vylu\u010dovac\u00edm z\u00e1vodu. Z rozj\u00ed\u017ed\u011bk postoupil z des\u00e1t\u00e9ho m\u00edsta, av\u0161ak ve fin\u00e1le ho potkal p\u00e1d. V z\u00e1vod\u011b i p\u0159esto pokra\u010doval, bohu\u017eel ale skon\u010dil t\u011bsn\u011b pod p\u00f3diem na \u010dtvrt\u00e9m m\u00edst\u011b. Spolu s Adamem Brad\u00e1\u010dem z rozj\u00ed\u017ed\u011bk postoupili tak\u00e9 do fin\u00e1lov\u00e9ho z\u00e1vodu v madisonu, ov\u0161em i zde Bittman spadl a ze z\u00e1vodu byli pozd\u011bji \u010de\u0161t\u00ed jezdci odvol\u00e1ni.<\/p>\n\n\n\n<p><strong>V\u00fdsledky:<\/strong><\/p>\n\n\n\n<p>Junio\u0159i:<\/p>\n\n\n\n<p>Vylu\u010dovac\u00ed z\u00e1vod:<\/p>\n\n\n\n<p>1. Sanchez (\u0160p.), 2. U\u0161akov (Ukr.), 3. Stella (It.), 4. Bittman (\u010cR).<\/p>\n\n\n\n<p>Madison:<\/p>\n\n\n\n<p>1. Brit\u00e1nie (Brannan, Wiggins) 55, 2. Belgie (van den Haute, Crabbe) 46, 3. It\u00e1lie (Fiorin, Sierra) 44, &#8230;\u010cR (Brad\u00e1\u010d, Bittman) nedokon\u010dili.<\/p>\n\n\n\n<p>1 km s pevn\u00fdm startem:<\/p>\n\n\n\n<p>1. Ryan (Austr.) 1:00,748, 2. Huysman (Belg.) 1:01,657, 3. Samusev (neutr\u00e1ln\u00ed st\u00e1t) 1:01,794.<\/p>\n\n\n\n<p>Juniorky:<\/p>\n\n\n\n<p>Madison:<\/p>\n\n\n\n<p>1. It\u00e1lie (Venturelliov\u00e1, Grassiov\u00e1) 54, 2. Austr\u00e1lie (Willov\u00e1, Duncanov\u00e1) 26, 3. \u010cR (Ad\u00e9la Markov\u00e1, Patricie M\u00fcllerov\u00e1) 23.<\/p>\n\n\n\n<p>Keirin:<\/p>\n\n\n\n<p>1. Cuadradov\u00e1, 2. Martinerov\u00e1 (ob\u011b Kol.), 3. Kellyov\u00e1 (N. Z\u00e9l.).<\/p>\n\n\n\n<p>FOTO: FB Campeonato Mundial Junior de Ciclismo de Pista Cali 2023<\/p>\n\n\n\n<p>VIDEO: UCI Youtube&nbsp;<a href=\"https:\/\/www.youtube.com\/watch?v=uOElrMO2dTI\">https:\/\/www.youtube.com\/watch?v=uOElrMO2dTI<\/a>&nbsp;(z\u00e1vod ve 40:30)<\/p>\n\n\n\n<figure class=\"wp-block-image size-large\"><img loading=\"lazy\" decoding=\"async\" width=\"1024\" height=\"618\" src=\"http:\/\/www.czechcyclingfederation.com\/wp-content\/uploads\/2023\/08\/Markova-Mullerova-1024x618.jpg\" alt=\"\" class=\"wp-image-26901\" srcset=\"https:\/\/www.czechcyclingfederation.com\/wp-content\/uploads\/2023\/08\/Markova-Mullerova-1024x618.jpg 1024w, https:\/\/www.czechcyclingfederation.com\/wp-content\/uploads\/2023\/08\/Markova-Mullerova-300x181.jpg 300w, https:\/\/www.czechcyclingfederation.com\/wp-content\/uploads\/2023\/08\/Markova-Mullerova-768x464.jpg 768w, https:\/\/www.czechcyclingfederation.com\/wp-content\/uploads\/2023\/08\/Markova-Mullerova-1536x927.jpg 1536w, https:\/\/www.czechcyclingfederation.com\/wp-content\/uploads\/2023\/08\/Markova-Mullerova-1320x797.jpg 1320w, https:\/\/www.czechcyclingfederation.com\/wp-content\/uploads\/2023\/08\/Markova-Mullerova.jpg 1600w\" sizes=\"auto, (max-width: 1024px) 100vw, 1024px\" \/><\/figure>\n","protected":false},"excerpt":{"rendered":"<p>Z\u00e1v\u011bre\u010dn\u00fd den sv\u011btov\u00e9ho juniorsk\u00e9ho \u0161ampion\u00e1tu na dr\u00e1ze v kolumbijsk\u00e9m Cali p\u0159inesl \u010desk\u00fdm barv\u00e1m medaili. Postaraly se o ni Ad\u00e9la Markov\u00e1 s Patrici\u00ed M\u00fcllerovou v madisonu. V\u00fdborn\u011b si vedl i Adam Bittman, kter\u00fd ve vylu\u010dovac\u00edm z\u00e1vodu obsadil \u010dtvrt\u00e9 m\u00edsto. \u201eD\u011bv\u010data Markov\u00e1 s M\u00fcllerovou jely od za\u010d\u00e1tku velice aktivn\u011b a pod\u00edlely se na tvorb\u011b z\u00e1vodu. Do posledn\u00edho [&hellip;]<\/p>\n","protected":false},"author":8,"featured_media":26903,"comment_status":"closed","ping_status":"open","sticky":false,"template":"","format":"standard","meta":{"footnotes":""},"categories":[54,166,2],"tags":[9],"class_list":["post-26900","post","type-post","status-publish","format-standard","has-post-thumbnail","hentry","category-draha","category-draha-fotogalerie","category-novinky","tag-draha"],"_links":{"self":[{"href":"https:\/\/www.czechcyclingfederation.com\/en\/wp-json\/wp\/v2\/posts\/26900","targetHints":{"allow":["GET"]}}],"collection":[{"href":"https:\/\/www.czechcyclingfederation.com\/en\/wp-json\/wp\/v2\/posts"}],"about":[{"href":"https:\/\/www.czechcyclingfederation.com\/en\/wp-json\/wp\/v2\/types\/post"}],"author":[{"embeddable":true,"href":"https:\/\/www.czechcyclingfederation.com\/en\/wp-json\/wp\/v2\/users\/8"}],"replies":[{"embeddable":true,"href":"https:\/\/www.czechcyclingfederation.com\/en\/wp-json\/wp\/v2\/comments?post=26900"}],"version-history":[{"count":2,"href":"https:\/\/www.czechcyclingfederation.com\/en\/wp-json\/wp\/v2\/posts\/26900\/revisions"}],"predecessor-version":[{"id":26908,"href":"https:\/\/www.czechcyclingfederation.com\/en\/wp-json\/wp\/v2\/posts\/26900\/revisions\/26908"}],"wp:featuredmedia":[{"embeddable":true,"href":"https:\/\/www.czechcyclingfederation.com\/en\/wp-json\/wp\/v2\/media\/26903"}],"wp:attachment":[{"href":"https:\/\/www.czechcyclingfederation.com\/en\/wp-json\/wp\/v2\/media?parent=26900"}],"wp:term":[{"taxonomy":"category","embeddable":true,"href":"https:\/\/www.czechcyclingfederation.com\/en\/wp-json\/wp\/v2\/categories?post=26900"},{"taxonomy":"post_tag","embeddable":true,"href":"https:\/\/www.czechcyclingfederation.com\/en\/wp-json\/wp\/v2\/tags?post=26900"}],"curies":[{"name":"wp","href":"https:\/\/api.w.org\/{rel}","templated":true}]}}