{"id":2688,"date":"2020-10-16T20:24:11","date_gmt":"2020-10-16T18:24:11","guid":{"rendered":"http:\/\/www.czechcyclingfederation.com\/?p=2688"},"modified":"2020-10-16T20:24:11","modified_gmt":"2020-10-16T18:24:11","slug":"zmeny-v-serialu-toi-toi-cupu","status":"publish","type":"post","link":"https:\/\/www.czechcyclingfederation.com\/en\/zmeny-v-serialu-toi-toi-cupu\/","title":{"rendered":"Zm\u011bny v seri\u00e1lu Toi Toi Cupu"},"content":{"rendered":"\n<p>Vyhl\u00e1\u0161en\u00ed nouzov\u00e9ho stavu vl\u00e1dou \u010cR p\u0159ineslo zm\u011bny v\u00a0cyklokrosov\u00e9m seri\u00e1lu Toi Toi Cupu. V dot\u010den\u00e9m \u010dasov\u00e9m obdob\u00ed p\u0159esunuli organiz\u00e1to\u0159i n\u011bkter\u00e9 z\u00e1vody na jin\u00e9 term\u00edny.<\/p>\n\n\n\n<p>&#8220;C\u00edlem je udr\u017eet cyklokrosov\u00e9 z\u00e1vody i za drastick\u00fdch opat\u0159en\u00ed, kdy se z\u00e1vody budou konat bez div\u00e1k\u016f, postupn\u011b po jednotliv\u00fdch kategori\u00edch v maxim\u00e1ln\u00edm po\u010dtu 130 \u00fa\u010dastn\u00edk\u016f na z\u00e1vodi\u0161ti atd,&#8221; \u0159ekl p\u0159edseda cyklokrosov\u00e9 komice \u010cSC Petr Balogh.<\/p>\n\n\n\n<p>&#8220;Vzhledem k tomu, \u017ee do\u0161lo k nahu\u0161t\u011bn\u00ed programu jsme si v\u011bdomi, \u017ee m\u016f\u017eeme t\u00edmto rozhodnut\u00edm znev\u00fdhodnit n\u011bkter\u00e9 z\u00e1vodn\u00edky. Proto jsme se rozhodli zm\u011bnit po\u010det zapo\u010d\u00edt\u00e1van\u00fdch z\u00e1vod\u016f do celkov\u00e9ho hodnocen\u00ed podle po\u010dtu uspo\u0159\u00e1dan\u00fdch z\u00e1vod\u016f,&#8221; pokra\u010doval Balogh. Celkov\u00e9 hodnocen\u00ed sout\u011b\u017ee jednotlivc\u016f m\u00e1 nyn\u00ed n\u00e1sleduj\u00edc\u00ed podobu:<\/p>\n\n\n\n<p>Kategorie mu\u017ei a \u017eeny se hodnot\u00ed sou\u010dtem z\u00edskan\u00fdch bod\u016f za um\u00edst\u011bn\u00ed z\u00e1vodn\u00edka ve v\u0161ech uspo\u0159\u00e1dan\u00fdch mezin\u00e1rodn\u00edch z\u00e1vodech seri\u00e1lu TOI TOI CUP.<\/p>\n\n\n\n<p>Kategorie mlad\u0161\u00ed \u017e\u00e1ci, star\u0161\u00ed \u017e\u00e1ci, mlad\u0161\u00ed \u017e\u00e1kyn\u011b, star\u0161\u00ed \u017e\u00e1kyn\u011b, kadeti, kadetky, junio\u0159i a juniorky se hodnot\u00ed podle po\u010dtu uspo\u0159\u00e1dan\u00fdch z\u00e1vod\u016f seri\u00e1lu TOI TOI CUP n\u00e1sledovn\u011b:<\/p>\n\n\n\n<p>9 z\u00e1vod\u016f (krom\u011b M-\u010cR) sou\u010dtem z\u00edskan\u00fdch bod\u016f za 6 nejlep\u0161\u00edch um\u00edst\u011bn\u00ed z\u00e1vodn\u00edka v prvn\u00edch 9. z\u00e1vodech seri\u00e1lu Toi Toi Cupu a bod\u016f z\u00edskan\u00fdch v z\u00e1vod\u011b M-\u010cR.<\/p>\n\n\n\n<p>8 z\u00e1vod\u016f (krom\u011b M-\u010cR) sou\u010dtem z\u00edskan\u00fdch bod\u016f za 5 nejlep\u0161\u00edch um\u00edst\u011bn\u00ed z\u00e1vodn\u00edka v prvn\u00edch 8 z\u00e1vodech seri\u00e1lu Toi Toi Cupu a bod\u016f z\u00edskan\u00fdch v z\u00e1vod\u011b M-\u010cR.<\/p>\n\n\n\n<p>7 z\u00e1vod\u016f (krom\u011b M-\u010cR) sou\u010dtem z\u00edskan\u00fdch bod\u016f za 4 nejlep\u0161\u00ed um\u00edst\u011bn\u00ed z\u00e1vodn\u00edka v prvn\u00edch 7 z\u00e1vodech seri\u00e1lu Toi Toi Cupu a bod\u016f z\u00edskan\u00fdch v z\u00e1vod\u011b M-\u010cR<\/p>\n\n\n\n<p>6 z\u00e1vod\u016f (krom\u011b M-\u010cR) sou\u010dtem z\u00edskan\u00fdch bod\u016f za 3 nejlep\u0161\u00ed um\u00edst\u011bn\u00ed z\u00e1vodn\u00edka v prvn\u00edch 6 z\u00e1vodech seri\u00e1lu Toi Toi Cupu a bod\u016f z\u00edskan\u00fdch v z\u00e1vod\u011b M-\u010cR<\/p>\n\n\n\n<p>5 a m\u00e9n\u011b z\u00e1vod\u016f (krom\u011b M-\u010cR) sou\u010dtem z\u00edskan\u00fdch bod\u016f ve v\u0161ech uspo\u0159\u00e1dan\u00fdch z\u00e1vodech sn\u00ed\u017een\u00fd o 2 nejhor\u0161\u00ed um\u00edst\u011bn\u00ed z\u00e1vodn\u00edka v t\u011bchto uspo\u0159\u00e1dan\u00fdch z\u00e1vodech seri\u00e1lu Toi Toi Cupu a bod\u016f z\u00edskan\u00fdch v z\u00e1vod\u011b M-\u010cR.<\/p>\n\n\n\n<p>Bodov\u00e1n\u00ed z\u00e1vodu M-\u010cR je stejn\u00e9 jako bodov\u00e1n\u00ed jednotliv\u00fdch z\u00e1vod\u016f TOI TOI CUP 2020.<\/p>\n\n\n\n<p>Pozor! Doch\u00e1z\u00ed tak\u00e9 ke zm\u011bn\u011b startu z\u00e1vodu v \u017e\u00e1kovsk\u00fdch kategori\u00edch v Ji\u010d\u00edn\u011b 22. listopadu 2020 z d\u016fvodu startu mu\u017e\u016f, kter\u00fd byl upraven dle po\u017eadavk\u016f \u010cesk\u00e9 televize.<\/p>\n\n\n\n<p>&#8220;Pevn\u011b v\u011b\u0159\u00edm, \u017ee tyto zm\u011bny n\u00e1m umo\u017en\u00ed uspo\u0159\u00e1dat cel\u00fd Toi Toi Cup tak, aby byl i nad\u00e1le plnohodnotnou sout\u011b\u017e\u00ed. P\u0159eji v\u00e1m v\u0161em hodn\u011b zdrav\u00ed v t\u00e9to nelehk\u00e9 dob\u011b a douf\u00e1m, \u017ee se n\u00e1m v\u0161em covid vyhne,&#8221; dodal Balogh.<\/p>\n\n\n<div class=\"wp-block-file\">\r\n                <a target=\"_blank\" rel=\"noopener\" href=\"https:\/\/www.czechcyclingfederation.com\/wp-content\/uploads\/2020\/10\/Rozpis_TOI_TOI_CUP_2020_cyklokros_N7R12.docx\" class=\"wp-block-file__button wp-element-button\">\r\n                    <span class=\"wp-block-file__icon\"><\/span>\r\n                    Rozpis_TOI_TOI_CUP_2020_cyklokros_N7R12\r\n                <\/a>\r\n            <\/div>","protected":false},"excerpt":{"rendered":"<p>Vyhl\u00e1\u0161en\u00ed nouzov\u00e9ho stavu vl\u00e1dou \u010cR p\u0159ineslo zm\u011bny v\u00a0cyklokrosov\u00e9m seri\u00e1lu Toi Toi Cupu. V dot\u010den\u00e9m \u010dasov\u00e9m obdob\u00ed p\u0159esunuli organiz\u00e1to\u0159i n\u011bkter\u00e9 z\u00e1vody na jin\u00e9 term\u00edny. &#8220;C\u00edlem je udr\u017eet cyklokrosov\u00e9 z\u00e1vody i za drastick\u00fdch opat\u0159en\u00ed, kdy se z\u00e1vody budou konat bez div\u00e1k\u016f, postupn\u011b po jednotliv\u00fdch kategori\u00edch v maxim\u00e1ln\u00edm po\u010dtu 130 \u00fa\u010dastn\u00edk\u016f na z\u00e1vodi\u0161ti atd,&#8221; \u0159ekl p\u0159edseda cyklokrosov\u00e9 komice [&hellip;]<\/p>\n","protected":false},"author":8,"featured_media":2509,"comment_status":"closed","ping_status":"open","sticky":false,"template":"","format":"standard","meta":{"footnotes":""},"categories":[58,2],"tags":[59],"class_list":["post-2688","post","type-post","status-publish","format-standard","has-post-thumbnail","hentry","category-cyklokros","category-novinky","tag-cyklokros"],"_links":{"self":[{"href":"https:\/\/www.czechcyclingfederation.com\/en\/wp-json\/wp\/v2\/posts\/2688","targetHints":{"allow":["GET"]}}],"collection":[{"href":"https:\/\/www.czechcyclingfederation.com\/en\/wp-json\/wp\/v2\/posts"}],"about":[{"href":"https:\/\/www.czechcyclingfederation.com\/en\/wp-json\/wp\/v2\/types\/post"}],"author":[{"embeddable":true,"href":"https:\/\/www.czechcyclingfederation.com\/en\/wp-json\/wp\/v2\/users\/8"}],"replies":[{"embeddable":true,"href":"https:\/\/www.czechcyclingfederation.com\/en\/wp-json\/wp\/v2\/comments?post=2688"}],"version-history":[{"count":1,"href":"https:\/\/www.czechcyclingfederation.com\/en\/wp-json\/wp\/v2\/posts\/2688\/revisions"}],"predecessor-version":[{"id":2690,"href":"https:\/\/www.czechcyclingfederation.com\/en\/wp-json\/wp\/v2\/posts\/2688\/revisions\/2690"}],"wp:featuredmedia":[{"embeddable":true,"href":"https:\/\/www.czechcyclingfederation.com\/en\/wp-json\/wp\/v2\/media\/2509"}],"wp:attachment":[{"href":"https:\/\/www.czechcyclingfederation.com\/en\/wp-json\/wp\/v2\/media?parent=2688"}],"wp:term":[{"taxonomy":"category","embeddable":true,"href":"https:\/\/www.czechcyclingfederation.com\/en\/wp-json\/wp\/v2\/categories?post=2688"},{"taxonomy":"post_tag","embeddable":true,"href":"https:\/\/www.czechcyclingfederation.com\/en\/wp-json\/wp\/v2\/tags?post=2688"}],"curies":[{"name":"wp","href":"https:\/\/api.w.org\/{rel}","templated":true}]}}