{"id":2684,"date":"2020-10-15T19:33:47","date_gmt":"2020-10-15T17:33:47","guid":{"rendered":"http:\/\/www.czechcyclingfederation.com\/?p=2684"},"modified":"2020-10-25T19:17:17","modified_gmt":"2020-10-25T18:17:17","slug":"ceska-stafeta-na-me-pata","status":"publish","type":"post","link":"https:\/\/www.czechcyclingfederation.com\/en\/ceska-stafeta-na-me-pata\/","title":{"rendered":"\u010cesk\u00e1 \u0161tafeta na ME p\u00e1t\u00e1!"},"content":{"rendered":"\n<p><strong>\u010ce\u0161t\u00ed reprezentanti odstartovali sv\u011btov\u00fd \u0161ampion\u00e1t ve \u0161v\u00fdcarsk\u00e9m Monte Tamaru p\u00e1t\u00fdm m\u00edstem!<\/strong><\/p>\n\n\n\n<p>Z v\u00edt\u011bzstv\u00ed se radovali Italov\u00e9 p\u0159ed Franci\u00ed. T\u0159et\u00ed skon\u010dili dom\u00e1c\u00ed \u0160v\u00fdca\u0159i.<\/p>\n\n\n\n<p>\u010cesk\u00e1 reprezentace se p\u0159edstavila ve slo\u017een\u00ed Jan Vastl, Jan Zatloukal, Tereza Tvar\u016f\u017ekov\u00e1, Aneta Novotn\u00e1, Jitka \u010c\u00e1belick\u00e1 a David \u0160ulc.<\/p>\n\n\n\n<p>V\u00fdsledky:<\/p>\n\n\n\n<p>1. It\u00e1lie 1:24:35, 2. Francie -21, 3. \u0160v\u00fdcarsko -46\u2026 <strong>5. \u010cesk\u00e1 Republika (Vastl, Zatloukal, Tvar\u016f\u017ekov\u00e1, Novotn\u00e1, \u010c\u00e1belick\u00e1, \u0160ulc) -1:16.<\/strong><\/p>\n\n\n\n<p><em>Foto: Michal \u010cerven\u00fd<\/em><\/p>\n","protected":false},"excerpt":{"rendered":"<p>\u010ce\u0161t\u00ed reprezentanti odstartovali sv\u011btov\u00fd \u0161ampion\u00e1t ve \u0161v\u00fdcarsk\u00e9m Monte Tamaru p\u00e1t\u00fdm m\u00edstem! Z v\u00edt\u011bzstv\u00ed se radovali Italov\u00e9 p\u0159ed Franci\u00ed. T\u0159et\u00ed skon\u010dili dom\u00e1c\u00ed \u0160v\u00fdca\u0159i. \u010cesk\u00e1 reprezentace se p\u0159edstavila ve slo\u017een\u00ed Jan Vastl, Jan Zatloukal, Tereza Tvar\u016f\u017ekov\u00e1, Aneta Novotn\u00e1, Jitka \u010c\u00e1belick\u00e1 a David \u0160ulc. V\u00fdsledky: 1. It\u00e1lie 1:24:35, 2. Francie -21, 3. \u0160v\u00fdcarsko -46\u2026 5. \u010cesk\u00e1 Republika (Vastl, [&hellip;]<\/p>\n","protected":false},"author":9,"featured_media":2644,"comment_status":"closed","ping_status":"open","sticky":false,"template":"","format":"standard","meta":{"footnotes":""},"categories":[6,2,103],"tags":[10],"class_list":["post-2684","post","type-post","status-publish","format-standard","has-post-thumbnail","hentry","category-mtb","category-novinky","category-reprezentace","tag-mtb"],"_links":{"self":[{"href":"https:\/\/www.czechcyclingfederation.com\/en\/wp-json\/wp\/v2\/posts\/2684","targetHints":{"allow":["GET"]}}],"collection":[{"href":"https:\/\/www.czechcyclingfederation.com\/en\/wp-json\/wp\/v2\/posts"}],"about":[{"href":"https:\/\/www.czechcyclingfederation.com\/en\/wp-json\/wp\/v2\/types\/post"}],"author":[{"embeddable":true,"href":"https:\/\/www.czechcyclingfederation.com\/en\/wp-json\/wp\/v2\/users\/9"}],"replies":[{"embeddable":true,"href":"https:\/\/www.czechcyclingfederation.com\/en\/wp-json\/wp\/v2\/comments?post=2684"}],"version-history":[{"count":1,"href":"https:\/\/www.czechcyclingfederation.com\/en\/wp-json\/wp\/v2\/posts\/2684\/revisions"}],"predecessor-version":[{"id":2685,"href":"https:\/\/www.czechcyclingfederation.com\/en\/wp-json\/wp\/v2\/posts\/2684\/revisions\/2685"}],"wp:featuredmedia":[{"embeddable":true,"href":"https:\/\/www.czechcyclingfederation.com\/en\/wp-json\/wp\/v2\/media\/2644"}],"wp:attachment":[{"href":"https:\/\/www.czechcyclingfederation.com\/en\/wp-json\/wp\/v2\/media?parent=2684"}],"wp:term":[{"taxonomy":"category","embeddable":true,"href":"https:\/\/www.czechcyclingfederation.com\/en\/wp-json\/wp\/v2\/categories?post=2684"},{"taxonomy":"post_tag","embeddable":true,"href":"https:\/\/www.czechcyclingfederation.com\/en\/wp-json\/wp\/v2\/tags?post=2684"}],"curies":[{"name":"wp","href":"https:\/\/api.w.org\/{rel}","templated":true}]}}