{"id":2680,"date":"2020-10-15T17:30:17","date_gmt":"2020-10-15T15:30:17","guid":{"rendered":"http:\/\/www.czechcyclingfederation.com\/?p=2680"},"modified":"2020-10-16T13:49:54","modified_gmt":"2020-10-16T11:49:54","slug":"dalsi-zavod-cyklokrosoveho-sp-zrusen","status":"publish","type":"post","link":"https:\/\/www.czechcyclingfederation.com\/en\/dalsi-zavod-cyklokrosoveho-sp-zrusen\/","title":{"rendered":"Dal\u0161\u00ed z\u00e1vod cyklokrosov\u00e9ho SP zru\u0161en"},"content":{"rendered":"\n<p>Sv\u011btov\u00fd poh\u00e1r 2020-2021 doznal dal\u0161\u00edho ze\u0161t\u00edhlen\u00ed. Mezin\u00e1rodn\u00ed cyklistick\u00e1 unie (UCI) ozn\u00e1mila zru\u0161en\u00ed z\u00e1vodu v belgick\u00e9m Zonhovenu. Seri\u00e1l m\u00e1 nov\u011b tedy v kalend\u00e1\u0159i pouze p\u011bt z\u00e1vod\u016f. Prvn\u00ed podnik by se m\u011bl uskute\u010dnit, nam\u00edsto 15. listopadu a\u017e 29. listopadu v T\u00e1bo\u0159e.<\/p>\n\n\n\n<p>Dal\u0161\u00ed t\u0159i podniky jsou napl\u00e1nov\u00e1ny do Belgie a jeden do Nizozem\u00ed. Konkr\u00e9tn\u011b 20. prosince by se m\u011blo jet v Namuru (Belg.), pot\u00e9 v belgick\u00e9m Dendermonde 27. prosince, 23. ledna v nizozemsk\u00e9m Hulstu a posledn\u00ed d\u00edl v Overijse v Belgii 24. ledna. Z kalend\u00e1\u0159e ji\u017e d\u0159\u00edve vypadly z\u00e1vody v Koksijde (Beg.), Besanconu (Fr.), Diegemu (Belg.), a Villars (\u0160v\u00fdc.) a Hoogerheide (Niz.), dnes vypadl z\u00e1vod v Zonhovenu (Belg.).<\/p>\n\n\n\n<p>&#8220;Situace se neust\u00e1le m\u011bn\u00ed, co plat\u00ed dnes, nemus\u00ed platit za t\u00fdden. V T\u00e1bo\u0159e v\u0161ak z\u00e1vod chceme uspo\u0159\u00e1dat a chceme, i vzhledem k mistrovstv\u00ed sv\u011bta v roce 2024, aby se jely i ml\u00e1de\u017enick\u00e9 kategorie. Pochopiteln\u011b za velice striktn\u00edch p\u0159\u00edsn\u00fdch hygienick\u00fdch opat\u0159en\u00ed,&#8221; \u0159ekl p\u0159edseda cyklokrosov\u00e9 komise Petr Balogh.<\/p>\n\n\n\n<p>Sou\u010dasn\u00fd program seri\u00e1lu SP:<\/p>\n\n\n\n<p>29. listopadu: T\u00e1bor<\/p>\n\n\n\n<p>20. prosince: Namur (Belg.)<\/p>\n\n\n\n<p>27. prosince: Dendermonde (Belg.)<\/p>\n\n\n\n<p>3. ledna: Hulst (Niz.)<\/p>\n\n\n\n<p>24. ledna: Overijse (Belg.).<\/p>\n","protected":false},"excerpt":{"rendered":"<p>Sv\u011btov\u00fd poh\u00e1r 2020-2021 doznal dal\u0161\u00edho ze\u0161t\u00edhlen\u00ed. Mezin\u00e1rodn\u00ed cyklistick\u00e1 unie (UCI) ozn\u00e1mila zru\u0161en\u00ed z\u00e1vodu v belgick\u00e9m Zonhovenu. Seri\u00e1l m\u00e1 nov\u011b tedy v kalend\u00e1\u0159i pouze p\u011bt z\u00e1vod\u016f. Prvn\u00ed podnik by se m\u011bl uskute\u010dnit, nam\u00edsto 15. listopadu a\u017e 29. listopadu v T\u00e1bo\u0159e. Dal\u0161\u00ed t\u0159i podniky jsou napl\u00e1nov\u00e1ny do Belgie a jeden do Nizozem\u00ed. Konkr\u00e9tn\u011b 20. prosince by se [&hellip;]<\/p>\n","protected":false},"author":8,"featured_media":2681,"comment_status":"closed","ping_status":"open","sticky":false,"template":"","format":"standard","meta":{"footnotes":""},"categories":[58,2],"tags":[59],"class_list":["post-2680","post","type-post","status-publish","format-standard","has-post-thumbnail","hentry","category-cyklokros","category-novinky","tag-cyklokros"],"_links":{"self":[{"href":"https:\/\/www.czechcyclingfederation.com\/en\/wp-json\/wp\/v2\/posts\/2680","targetHints":{"allow":["GET"]}}],"collection":[{"href":"https:\/\/www.czechcyclingfederation.com\/en\/wp-json\/wp\/v2\/posts"}],"about":[{"href":"https:\/\/www.czechcyclingfederation.com\/en\/wp-json\/wp\/v2\/types\/post"}],"author":[{"embeddable":true,"href":"https:\/\/www.czechcyclingfederation.com\/en\/wp-json\/wp\/v2\/users\/8"}],"replies":[{"embeddable":true,"href":"https:\/\/www.czechcyclingfederation.com\/en\/wp-json\/wp\/v2\/comments?post=2680"}],"version-history":[{"count":2,"href":"https:\/\/www.czechcyclingfederation.com\/en\/wp-json\/wp\/v2\/posts\/2680\/revisions"}],"predecessor-version":[{"id":2687,"href":"https:\/\/www.czechcyclingfederation.com\/en\/wp-json\/wp\/v2\/posts\/2680\/revisions\/2687"}],"wp:featuredmedia":[{"embeddable":true,"href":"https:\/\/www.czechcyclingfederation.com\/en\/wp-json\/wp\/v2\/media\/2681"}],"wp:attachment":[{"href":"https:\/\/www.czechcyclingfederation.com\/en\/wp-json\/wp\/v2\/media?parent=2680"}],"wp:term":[{"taxonomy":"category","embeddable":true,"href":"https:\/\/www.czechcyclingfederation.com\/en\/wp-json\/wp\/v2\/categories?post=2680"},{"taxonomy":"post_tag","embeddable":true,"href":"https:\/\/www.czechcyclingfederation.com\/en\/wp-json\/wp\/v2\/tags?post=2680"}],"curies":[{"name":"wp","href":"https:\/\/api.w.org\/{rel}","templated":true}]}}