{"id":26745,"date":"2023-08-21T09:04:09","date_gmt":"2023-08-21T07:04:09","guid":{"rendered":"https:\/\/www.czechcyclingfederation.com\/?p=26745"},"modified":"2023-08-21T09:04:12","modified_gmt":"2023-08-21T07:04:12","slug":"vejvodova-vladne-i-evrope","status":"publish","type":"post","link":"https:\/\/www.czechcyclingfederation.com\/en\/vejvodova-vladne-i-evrope\/","title":{"rendered":"Vejvodov\u00e1 vl\u00e1dne i Evrop\u011b"},"content":{"rendered":"\n<p>V&nbsp;ned\u011bli, 20.8.2023 prob\u011bhl posledn\u00ed den evropsk\u00e9ho \u0161ampion\u00e1tu UEC v&nbsp;paracyklistice. Pro \u010desk\u00fd t\u00fdm se jednalo o velmi \u00fasp\u011b\u0161n\u00fd den, proto\u017ee se op\u011bt sb\u00edraly cenn\u00e9 kovy!<\/p>\n\n\n\n<p>Nejl\u00e9pe si vedla Pavl\u00edna Vejvodov\u00e1 (WT1), kter\u00e1 nav\u00e1zala na 2 tituly mistryn\u011b sv\u011bta (silni\u010dn\u00ed z\u00e1vod + \u010dasovka) z&nbsp;Dumfries a po \u010dasovce v&nbsp;Rotterdamu se stala tak\u00e9 mistryn\u00ed Evropy i v&nbsp;silni\u010dn\u00edm z\u00e1vod\u011b! \u201e<em>2 tituly mistryn\u011b sv\u011bta a 2 tituly mistryn\u011b Evropy za 14 dn\u00ed, opravdu mi to zat\u00edm nedoch\u00e1z\u00ed, ale jakmile mi to dojde, budu ur\u010dit\u011b maxim\u00e1ln\u011b \u0161\u0165astn\u00e1. A ty ply\u0161\u00e1ky a medaile co sb\u00edr\u00e1m? Asi budu muset zalo\u017eit vitr\u00ednu, co\u017e pro m\u011b bude dal\u0161\u00ed motivace j\u00ed naplnit.<\/em>\u201c Odpov\u00eddala novin\u00e1\u0159\u016fm Pavl\u00edna po dojezdu do c\u00edle a usm\u00edvala se na v\u0161echny na strany.<\/p>\n\n\n\n<p>Bronzov\u00fd \u00fasp\u011bch se poda\u0159il zopakovat Petrovi Bergerovi (MT1) a Jindrovi Ma\u0161\u00ednovi (MT2). Co se Petra t\u00fd\u010de, tak \u0161lo o z\u00e1vod, kter\u00fd si kontroloval a s&nbsp;p\u0159ehledem si do\u0161el pro t\u0159et\u00ed m\u00edsto. Jindra bojoval do posledn\u00edch metr\u016f o titul mistra Evropy, ale ve spurtu se srazil se soupe\u0159em z&nbsp;Rakouska, a nakonec se musel spokojit s&nbsp;bronzem, ale pro Jindru je nesm\u00edrn\u011b d\u016fle\u017eit\u00e9, \u017ee se p\u0159esv\u011bd\u010dil o tom, \u017ee pat\u0159\u00ed do evropsk\u00e9 \u0161pi\u010dky.<\/p>\n\n\n\n<p>Na stupn\u00edch v\u00edt\u011bz\u016f se uk\u00e1zal tak\u00e9 Patrik Jahoda z&nbsp;kategorie MH1, kter\u00fd nezopakoval st\u0159\u00edbrn\u00fd \u00fasp\u011bch z&nbsp;\u010dasovky, ale i t\u0159et\u00ed m\u00edsto v&nbsp;Evrop\u011b se rozhodn\u011b po\u010d\u00edt\u00e1. &#8220;<em>Cht\u011bl jsem dnes je\u0161t\u011b zabojovat o co nejlep\u0161\u00ed v\u00fdsledek, ale o zlatu se rozhodlo cca metr po startu. Ital d\u00edky v\u00fdrazn\u011b men\u0161\u00edmu handicapu hned odjel a ne\u0161lo s t\u00edm nic d\u011blat. \u0158\u00edkal jsem si, \u017ee aspo\u0148 dojedu pro druh\u00e9 st\u0159\u00edbro, ale i to bylo nad m\u00e9 s\u00edly. Byl jsem dnes unaven\u00fd a bez s\u00edly. Dojel jsem jen dv\u011b vte\u0159iny p\u0159ed \u010dtvrt\u00fdm z\u00e1vodn\u00edkem a jen tak tak si dojel aspo\u0148 pro bronz. T\u011b\u0161\u00edm se te\u010f na kr\u00e1tk\u00fd odpo\u010dinek.<\/em>&#8221; Dodal Patrik po n\u00e1ro\u010dn\u00e9 sez\u00f3n\u011b.<\/p>\n\n\n\n<p>V\u00fdborn\u00fd silni\u010dn\u00ed z\u00e1vod p\u0159edvedla Kate\u0159ina Anto\u0161ov\u00e1 (WH3), kter\u00e1 de-facto celou dobu jela v&nbsp;prvn\u00ed skupince 4 z\u00e1vodnic a spurtovala o medaili, bohu\u017eel na n\u00ed zbyla jen ta bramborov\u00e1 a do \u010cesk\u00e9 republiky veze sympatick\u00e9 4.m\u00edsto.<\/p>\n\n\n\n<p>Posledn\u00edm z\u00e1vodn\u00edkem, kter\u00fd se na leto\u0161n\u00edm ME prezentoval, byl V\u00e1clav Antal (MH3). Va\u0161ek od za\u010d\u00e1tku d\u00e1val najevo, \u017ee mu rovinat\u00e1 tra\u0165 bude sed\u011bt a \u00fasp\u011b\u0161n\u011b se dostal do vedouc\u00ed skupinky, kter\u00e1 diktovala tempo. Nakonec z&nbsp;toho bylo 9.m\u00edsto z&nbsp;27 z\u00e1vodn\u00edk\u016f, tedy solidn\u00ed um\u00edst\u011bn\u00ed v&nbsp;1. t\u0159etin\u011b startovn\u00edho pole.<\/p>\n\n\n\n<p>Vystoupen\u00ed reprezentant\u016f hodnot\u00ed tak\u00e9 Luk\u00e1\u0161 Petr, lodivod \u010desk\u00fdch paracyklist\u016f: \u201e<em>Z\u00e1v\u011bre\u010dn\u00fd den p\u0159inesl spoustu nap\u00ednav\u00fdch boj\u016f. Jindra se rval jak lev a zaslou\u017e\u00ed met\u00e1l za bojovn\u00e9 srdce. Katka byla medaili velmi bl\u00edzko a dlouh\u00fd a dramatick\u00fd spurt t\u011bsn\u011b prohr\u00e1la, ale i \u010dtvrt\u00e9 m\u00edsto je moc hezk\u00fd v\u00fdsledek. Nap\u00ednavou pod\u00edvanou p\u0159inesl i posledn\u00ed z\u00e1vod dne. Va\u0161ek se pohyboval v sam\u00e9 \u0161pici velmi dob\u0159e obsazen\u00e9ho z\u00e1vodu kategorie MH3 do p\u016flky z\u00e1vodu. Po k\u0159e\u010d\u00edch zacouval do druh\u00e9 skupiny, ale poveden\u00fd spurt mu vynesl dev\u00e1tou p\u0159\u00ed\u010dku, co\u017e je v t\u00e9to konkurenci opravdu hezk\u00fd v\u00fdsledek.<\/em>\u201c<\/p>\n\n\n\n<p>\u201e<em>Byly to neskute\u010dn\u011b n\u00e1ro\u010dn\u00e9 2 t\u00fddny z\u00e1vod\u011bn\u00ed na t\u00e9 nejvy\u0161\u0161\u00ed \u00farovni. Klobouk dol\u016f p\u0159ed v\u0161emi z\u00e1vodn\u00edky a v\u0161emi \u010dleny realiza\u010dn\u00edho t\u00fdmu, proto\u017ee se jednalo o logisticky nejn\u00e1ro\u010dn\u011bj\u0161\u00ed \u201edvoj akci\u201c, kter\u00e9 jsem kdy byl sou\u010d\u00e1st\u00ed. Jsem moc r\u00e1d, \u017ee se vrac\u00edme do \u010cech s\u00a0\u010detn\u00fdmi \u00fasp\u011bchy!<\/em>\u201c Dodal na z\u00e1v\u011br mana\u017eer reprezenta\u010dn\u00edho t\u00fdmu \u010desk\u00fdch paracyklist\u016f Vojt\u011bch Pavl\u00edk.<\/p>\n\n\n\n<figure class=\"wp-block-image size-large\"><img loading=\"lazy\" decoding=\"async\" width=\"1024\" height=\"1004\" src=\"https:\/\/www.czechcyclingfederation.com\/wp-content\/uploads\/2023\/08\/WhatsApp-Image-2023-08-20-at-17.30.34-2-1-1024x1004.jpeg\" alt=\"\" class=\"wp-image-26752\" srcset=\"https:\/\/www.czechcyclingfederation.com\/wp-content\/uploads\/2023\/08\/WhatsApp-Image-2023-08-20-at-17.30.34-2-1-1024x1004.jpeg 1024w, https:\/\/www.czechcyclingfederation.com\/wp-content\/uploads\/2023\/08\/WhatsApp-Image-2023-08-20-at-17.30.34-2-1-204x200.jpeg 204w, https:\/\/www.czechcyclingfederation.com\/wp-content\/uploads\/2023\/08\/WhatsApp-Image-2023-08-20-at-17.30.34-2-1-768x753.jpeg 768w, https:\/\/www.czechcyclingfederation.com\/wp-content\/uploads\/2023\/08\/WhatsApp-Image-2023-08-20-at-17.30.34-2-1.jpeg 1200w\" sizes=\"auto, (max-width: 1024px) 100vw, 1024px\" \/><\/figure>\n\n\n\n<figure class=\"wp-block-image size-large\"><img loading=\"lazy\" decoding=\"async\" width=\"1024\" height=\"768\" src=\"https:\/\/www.czechcyclingfederation.com\/wp-content\/uploads\/2023\/08\/WhatsApp-Image-2023-08-20-at-17.30.33-1-1024x768.jpeg\" alt=\"\" class=\"wp-image-26748\" srcset=\"https:\/\/www.czechcyclingfederation.com\/wp-content\/uploads\/2023\/08\/WhatsApp-Image-2023-08-20-at-17.30.33-1-1024x768.jpeg 1024w, https:\/\/www.czechcyclingfederation.com\/wp-content\/uploads\/2023\/08\/WhatsApp-Image-2023-08-20-at-17.30.33-1-267x200.jpeg 267w, https:\/\/www.czechcyclingfederation.com\/wp-content\/uploads\/2023\/08\/WhatsApp-Image-2023-08-20-at-17.30.33-1-768x576.jpeg 768w, https:\/\/www.czechcyclingfederation.com\/wp-content\/uploads\/2023\/08\/WhatsApp-Image-2023-08-20-at-17.30.33-1-1536x1152.jpeg 1536w, https:\/\/www.czechcyclingfederation.com\/wp-content\/uploads\/2023\/08\/WhatsApp-Image-2023-08-20-at-17.30.33-1-1320x990.jpeg 1320w, https:\/\/www.czechcyclingfederation.com\/wp-content\/uploads\/2023\/08\/WhatsApp-Image-2023-08-20-at-17.30.33-1.jpeg 1600w\" sizes=\"auto, (max-width: 1024px) 100vw, 1024px\" \/><\/figure>\n\n\n\n<figure class=\"wp-block-image size-large\"><img loading=\"lazy\" decoding=\"async\" width=\"1024\" height=\"768\" src=\"https:\/\/www.czechcyclingfederation.com\/wp-content\/uploads\/2023\/08\/WhatsApp-Image-2023-08-20-at-17.30.34-1-1024x768.jpeg\" alt=\"\" class=\"wp-image-26750\" srcset=\"https:\/\/www.czechcyclingfederation.com\/wp-content\/uploads\/2023\/08\/WhatsApp-Image-2023-08-20-at-17.30.34-1-1024x768.jpeg 1024w, https:\/\/www.czechcyclingfederation.com\/wp-content\/uploads\/2023\/08\/WhatsApp-Image-2023-08-20-at-17.30.34-1-267x200.jpeg 267w, https:\/\/www.czechcyclingfederation.com\/wp-content\/uploads\/2023\/08\/WhatsApp-Image-2023-08-20-at-17.30.34-1-768x576.jpeg 768w, https:\/\/www.czechcyclingfederation.com\/wp-content\/uploads\/2023\/08\/WhatsApp-Image-2023-08-20-at-17.30.34-1-1536x1152.jpeg 1536w, https:\/\/www.czechcyclingfederation.com\/wp-content\/uploads\/2023\/08\/WhatsApp-Image-2023-08-20-at-17.30.34-1-1320x990.jpeg 1320w, https:\/\/www.czechcyclingfederation.com\/wp-content\/uploads\/2023\/08\/WhatsApp-Image-2023-08-20-at-17.30.34-1.jpeg 1600w\" sizes=\"auto, (max-width: 1024px) 100vw, 1024px\" \/><\/figure>\n\n\n\n<p><strong><u>V\u00fdsledky:<\/u><\/strong><\/p>\n\n\n\n<p><strong>WT1<\/strong><\/p>\n\n\n\n<ol class=\"wp-block-list\" type=\"1\">\n<li><strong>VEJVODOV\u00c1 Pavl\u00edna (CZE) (58:30)<\/strong><\/li>\n<\/ol>\n\n\n\n<p><strong>MT1<\/strong><\/p>\n\n\n\n<ol class=\"wp-block-list\" type=\"1\">\n<li>FARRONI Giorgio (ITA) (1:02:40)<\/li>\n\n\n\n<li>GARCIA ABELLA Gonzalo (ESP) (1:04:59)<\/li>\n\n\n\n<li><strong>BERGER Petr (CZE) (-1 Kolo)<\/strong><\/li>\n<\/ol>\n\n\n\n<p><strong>MT2<\/strong><\/p>\n\n\n\n<ol class=\"wp-block-list\" type=\"1\">\n<li>STEINBICHLER Wolfgang (AUT) (56:43)<\/li>\n\n\n\n<li>REINOSO FIGUEROLA Joan (ESP) (58:31)<\/li>\n\n\n\n<li><strong>MA\u0160\u00cdN Jind\u0159ich (CZE) (58:31)<\/strong><\/li>\n<\/ol>\n\n\n\n<p><strong>MH1<\/strong><\/p>\n\n\n\n<ol class=\"wp-block-list\" type=\"1\">\n<li>CORNEGLIANI Fabrizio (ITA) (1:07:28)<\/li>\n\n\n\n<li>BACHMAIER Ernst (AUT) (-1 Kolo)<\/li>\n\n\n\n<li><strong>JAHODA Patrik (CZE) (-1 Kolo)<\/strong><\/li>\n<\/ol>\n\n\n\n<p><strong>WH3<\/strong><\/p>\n\n\n\n<ol class=\"wp-block-list\" type=\"1\">\n<li>PORCELLATO Francesca (ITA) (1:09:38)<\/li>\n\n\n\n<li>ZEYEN Annika (GER) (1:09:38)<\/li>\n\n\n\n<li>OROSZOV\u00c1 Anna (SVK) (1:09:38) \u2026&nbsp;<strong>4. ANTO\u0160OV\u00c1 Kate\u0159ina (CZE) (1:09:38)<\/strong><\/li>\n<\/ol>\n\n\n\n<p><strong>MH3<\/strong><\/p>\n\n\n\n<ol class=\"wp-block-list\" type=\"1\">\n<li>CORTINI Davide (ITA) (1:40:47)<\/li>\n\n\n\n<li>MERKLEIN Vico (GER) (1:40:47)<\/li>\n\n\n\n<li>TESTA Mirko (ITA) (1:40:47) \u2026&nbsp;<strong>9. ANTAL V\u00e1clav (CZE) (1:40:58)<\/strong><\/li>\n<\/ol>\n","protected":false},"excerpt":{"rendered":"<p>V&nbsp;ned\u011bli, 20.8.2023 prob\u011bhl posledn\u00ed den evropsk\u00e9ho \u0161ampion\u00e1tu UEC v&nbsp;paracyklistice. Pro \u010desk\u00fd t\u00fdm se jednalo o velmi \u00fasp\u011b\u0161n\u00fd den, proto\u017ee se op\u011bt sb\u00edraly cenn\u00e9 kovy! Nejl\u00e9pe si vedla Pavl\u00edna Vejvodov\u00e1 (WT1), kter\u00e1 nav\u00e1zala na 2 tituly mistryn\u011b sv\u011bta (silni\u010dn\u00ed z\u00e1vod + \u010dasovka) z&nbsp;Dumfries a po \u010dasovce v&nbsp;Rotterdamu se stala tak\u00e9 mistryn\u00ed Evropy i v&nbsp;silni\u010dn\u00edm z\u00e1vod\u011b! \u201e2 [&hellip;]<\/p>\n","protected":false},"author":1,"featured_media":26754,"comment_status":"closed","ping_status":"open","sticky":false,"template":"","format":"standard","meta":{"footnotes":""},"categories":[2,99],"tags":[405],"class_list":["post-26745","post","type-post","status-publish","format-standard","has-post-thumbnail","hentry","category-novinky","category-paracyklistika","tag-para"],"_links":{"self":[{"href":"https:\/\/www.czechcyclingfederation.com\/en\/wp-json\/wp\/v2\/posts\/26745","targetHints":{"allow":["GET"]}}],"collection":[{"href":"https:\/\/www.czechcyclingfederation.com\/en\/wp-json\/wp\/v2\/posts"}],"about":[{"href":"https:\/\/www.czechcyclingfederation.com\/en\/wp-json\/wp\/v2\/types\/post"}],"author":[{"embeddable":true,"href":"https:\/\/www.czechcyclingfederation.com\/en\/wp-json\/wp\/v2\/users\/1"}],"replies":[{"embeddable":true,"href":"https:\/\/www.czechcyclingfederation.com\/en\/wp-json\/wp\/v2\/comments?post=26745"}],"version-history":[{"count":1,"href":"https:\/\/www.czechcyclingfederation.com\/en\/wp-json\/wp\/v2\/posts\/26745\/revisions"}],"predecessor-version":[{"id":26756,"href":"https:\/\/www.czechcyclingfederation.com\/en\/wp-json\/wp\/v2\/posts\/26745\/revisions\/26756"}],"wp:featuredmedia":[{"embeddable":true,"href":"https:\/\/www.czechcyclingfederation.com\/en\/wp-json\/wp\/v2\/media\/26754"}],"wp:attachment":[{"href":"https:\/\/www.czechcyclingfederation.com\/en\/wp-json\/wp\/v2\/media?parent=26745"}],"wp:term":[{"taxonomy":"category","embeddable":true,"href":"https:\/\/www.czechcyclingfederation.com\/en\/wp-json\/wp\/v2\/categories?post=26745"},{"taxonomy":"post_tag","embeddable":true,"href":"https:\/\/www.czechcyclingfederation.com\/en\/wp-json\/wp\/v2\/tags?post=26745"}],"curies":[{"name":"wp","href":"https:\/\/api.w.org\/{rel}","templated":true}]}}