{"id":2674,"date":"2020-10-13T23:37:19","date_gmt":"2020-10-13T21:37:19","guid":{"rendered":"http:\/\/www.czechcyclingfederation.com\/?p=2674"},"modified":"2020-10-25T19:17:42","modified_gmt":"2020-10-25T18:17:42","slug":"burlova-prisla-na-me-tesne-o-medaili","status":"publish","type":"post","link":"https:\/\/www.czechcyclingfederation.com\/en\/burlova-prisla-na-me-tesne-o-medaili\/","title":{"rendered":"Burlov\u00e1 p\u0159i\u0161la na ME t\u011bsn\u011b o medaili"},"content":{"rendered":"\n<p>T\u011bsn\u011b unikla Krist\u00fdn\u011b Burlov\u00e9 medaile na mistrovstv\u00ed Evropy jezdc\u016f kategori\u00ed U23 a junior\u016f v italsk\u00e9 Fiorenzuole. V z\u00e1v\u011bre\u010dn\u00fd den \u0161ampion\u00e1tu skon\u010dila mezi juniorkami v omniu \u010dtvrt\u00e1, kdy\u017e je\u0161t\u011b do z\u00e1v\u011bre\u010dn\u00e9 discipl\u00edny bodovac\u00edho z\u00e1vodu vstupovala na druh\u00e9m m\u00edst\u011b. Jasn\u011b zv\u00edt\u011bzila Polka Nikola Wielowsk\u00e1, za druhou a t\u0159et\u00ed Francouzsku Flavii Boulaisovou a Portugalku Danielu Camposovou zaostala Burlov\u00e1 o pouh\u00e9 t\u0159i body.<\/p>\n\n\n\n<p>T\u0159et\u00ed medaili do sv\u00e9 sb\u00edrky nep\u0159idal Martin \u010cechman, ale v mal\u00e9m fin\u00e1le uk\u00e1zal, \u017ee na ni v\u00fdkonnost m\u011bl. Jen\u017ee v keirinu se cyklista brn\u011bnsk\u00e9 Dukly mezi nejlep\u0161\u00ed \u0161estku nedostal. \u010cerstv\u00fd evropsk\u00fd \u0161ampion ve sprintu jednotlivc\u016f si v keirinu v\u011b\u0159il rozhodn\u011b na v\u00edc. \u201e\u0160tve m\u011b sem\u00ed\u010dko, kde m\u011b Rus\u00e1k fakt zav\u0159el. \u010cekal jsem, \u017ee ho za to rozhod\u010d\u00ed diskvalifikuj\u00ed, proto\u017ee tady to ud\u011blali i pro men\u0161\u00ed v\u011bci, nicm\u00e9n\u011b se tak nestalo a o to v\u00edc m\u011b to \u0161tvalo,\u201c zm\u00ednil a\u017e \u010dtvrt\u00e9 nepostupov\u00e9 m\u00edsto ze semifin\u00e1le. Nar\u00e1\u017eel na man\u00e9vr Michaila Jakovleva, jeho\u017e o den d\u0159\u00edv porazil ve fin\u00e1le sprintu.<\/p>\n\n\n\n<p>P\u0159itom po st\u0159\u00edbru z t\u00fdmov\u00e9ho sprintu a zlatu ze sprintu jednotlivc\u016f pat\u0159il k nejv\u011bt\u0161\u00edm favorit\u016fm, co\u017e prok\u00e1zal v\u00edt\u011bzstv\u00edm v prvn\u00edm kole. Svou s\u00edlu demonstroval v\u00edt\u011bzstv\u00edm v mal\u00e9m fin\u00e1le o sedm\u00e9 m\u00edsto. \u201eNejcenn\u011bj\u0161\u00ed z\u00e1vod pro m\u011b skon\u010dil, kdy\u017e jsem nejel o medaili. V b\u00e9\u010dku u\u017e jsem se cht\u011bl jen trochu uk\u00e1zat,\u201c sd\u011blil \u010cechman. Jakub \u0160\u0165astn\u00fd do semifin\u00e1le keirinu nepro\u0161el, mistrem Evropy se stal Anton Hohne z N\u011bmecka.<\/p>\n\n\n\n<p>Osm\u00e9 m\u00edsto vyjel v kilometru s pevn\u00fdm startem mu\u017e\u016f U23 Mat\u011bj Bohusl\u00e1vek, kter\u00fd si v\u00fdkonem 1:05,584 vylep\u0161il osobn\u00ed rekord o \u010dty\u0159i sekundy. Na nepopul\u00e1rn\u00edm \u010dtvrt\u00e9m m\u00edst\u011b skon\u010dila dvojice Petr Kelemen a Danil Babor v madisonu. V keirinu \u017een U23 obsadila S\u00e1ra Ka\u0148kovsk\u00e1 p\u00e1t\u00e9 a Veronika Jaborn\u00edkov\u00e1 osm\u00e9 m\u00edsto, Petra \u0160ev\u010d\u00edkov\u00e1 byla des\u00e1t\u00e1 mezi \u017eenami U23 v omniu.<\/p>\n\n\n\n<p>V\u00fdsledky:<\/p>\n\n\n\n<p>Junio\u0159i:<\/p>\n\n\n\n<p>Omnium:<\/p>\n\n\n\n<p>1. van Belle (Niz.) 124, 2. Teutenberg (N\u011bm.) 116, 3. le Huitouze (Fr.) 114, &#8230;13. \u010cekal (\u010cR) 60.<\/p>\n\n\n\n<p>Mu\u017ei U23:<\/p>\n\n\n\n<p>Omnium.<\/p>\n\n\n\n<p>1. Syrica (Rus.) 132, 2. Vogel (\u0161v\u00fdc.) 126, 3. van den Bossche (Belg.) 122, &#8230;13. Babor (\u010cR) 60.<\/p>\n\n\n\n<p>Keirin:<\/p>\n\n\n\n<p>1. Hohne (N\u011bm.), 2. Kool (Niz.), 3. Sztrauch (Pol.), &#8230;7. \u010cechman, 13. \u0160\u0165astn\u00fd (oba \u010cR).<\/p>\n\n\n\n<p>1 m s pevn\u00fdm startem:<\/p>\n\n\n\n<p>1. Gross 1:03,127, 2. Hohne (oba N\u011bm.) 1:03,441, 3. Smirnov (Rus.) 1:03,913, &#8230;8. Bohusl\u00e1vek (\u010cR) 1:06,133.<\/p>\n\n\n\n<p>Madison:<\/p>\n\n\n\n<p>1. Smirnov, Gonov (Rus.) 97, 2. Thiebaud, Froidevaux (\u0160v\u00fdc.) 58, 3. Rudyk, Prokopyszyn (Pol.) 40, 4. Petr Kelemen, Babor (\u010cR) 29.<\/p>\n\n\n\n<p>Juniorky:<\/p>\n\n\n\n<p>Omnuim:<\/p>\n\n\n\n<p>1. Wielowsk\u00e1 (Pol.) 133, 2. Boulaisov\u00e1 (Fr.) 114, 3. Camposov\u00e1 (Port.) 114, 4. Burlov\u00e1 (\u010cR) 111.<\/p>\n\n\n\n<p>\u017deny U23:<\/p>\n\n\n\n<p>Omnium:<\/p>\n\n\n\n<p>1. Novolodskaja (Rus.) 167, 2. W. Pikulikov\u00e1 (Pol.) 128, 3. Baleisyteov\u00e1 (Lit.) 109, &#8230;10. \u0160ev\u010d\u00edkov\u00e1 (\u010cR) 75.<\/p>\n\n\n\n<p>Keirin:<\/p>\n\n\n\n<p>1. Friedrichov\u00e1 (N\u011bm.), 2. Sibiakov\u00e1, 3. Semerakov\u00e1 (ob\u011b Pol.), &#8230;5. S. Ka\u0148kovsk\u00e1, 8. V. Jaborn\u00edkov\u00e1 (ob\u011b \u010cR).<\/p>\n\n\n\n<p>FOTO Martin Straka<\/p>\n\n\n\n<figure class=\"wp-block-image size-large\"><img loading=\"lazy\" decoding=\"async\" width=\"1024\" height=\"724\" src=\"https:\/\/www.czechcyclingfederation.com\/wp-content\/uploads\/2020\/10\/MAS_1588-1024x724.jpg\" alt=\"\" class=\"wp-image-2676\" srcset=\"https:\/\/www.czechcyclingfederation.com\/wp-content\/uploads\/2020\/10\/MAS_1588-1024x724.jpg 1024w, https:\/\/www.czechcyclingfederation.com\/wp-content\/uploads\/2020\/10\/MAS_1588-283x200.jpg 283w, https:\/\/www.czechcyclingfederation.com\/wp-content\/uploads\/2020\/10\/MAS_1588-768x543.jpg 768w, https:\/\/www.czechcyclingfederation.com\/wp-content\/uploads\/2020\/10\/MAS_1588-1536x1086.jpg 1536w, https:\/\/www.czechcyclingfederation.com\/wp-content\/uploads\/2020\/10\/MAS_1588-1320x933.jpg 1320w, https:\/\/www.czechcyclingfederation.com\/wp-content\/uploads\/2020\/10\/MAS_1588.jpg 1943w\" sizes=\"auto, (max-width: 1024px) 100vw, 1024px\" \/><\/figure>\n","protected":false},"excerpt":{"rendered":"<p>T\u011bsn\u011b unikla Krist\u00fdn\u011b Burlov\u00e9 medaile na mistrovstv\u00ed Evropy jezdc\u016f kategori\u00ed U23 a junior\u016f v italsk\u00e9 Fiorenzuole. V z\u00e1v\u011bre\u010dn\u00fd den \u0161ampion\u00e1tu skon\u010dila mezi juniorkami v omniu \u010dtvrt\u00e1, kdy\u017e je\u0161t\u011b do z\u00e1v\u011bre\u010dn\u00e9 discipl\u00edny bodovac\u00edho z\u00e1vodu vstupovala na druh\u00e9m m\u00edst\u011b. Jasn\u011b zv\u00edt\u011bzila Polka Nikola Wielowsk\u00e1, za druhou a t\u0159et\u00ed Francouzsku Flavii Boulaisovou a Portugalku Danielu Camposovou zaostala Burlov\u00e1 [&hellip;]<\/p>\n","protected":false},"author":8,"featured_media":2675,"comment_status":"closed","ping_status":"open","sticky":false,"template":"","format":"standard","meta":{"footnotes":""},"categories":[54,2,103],"tags":[9],"class_list":["post-2674","post","type-post","status-publish","format-standard","has-post-thumbnail","hentry","category-draha","category-novinky","category-reprezentace","tag-draha"],"_links":{"self":[{"href":"https:\/\/www.czechcyclingfederation.com\/en\/wp-json\/wp\/v2\/posts\/2674","targetHints":{"allow":["GET"]}}],"collection":[{"href":"https:\/\/www.czechcyclingfederation.com\/en\/wp-json\/wp\/v2\/posts"}],"about":[{"href":"https:\/\/www.czechcyclingfederation.com\/en\/wp-json\/wp\/v2\/types\/post"}],"author":[{"embeddable":true,"href":"https:\/\/www.czechcyclingfederation.com\/en\/wp-json\/wp\/v2\/users\/8"}],"replies":[{"embeddable":true,"href":"https:\/\/www.czechcyclingfederation.com\/en\/wp-json\/wp\/v2\/comments?post=2674"}],"version-history":[{"count":2,"href":"https:\/\/www.czechcyclingfederation.com\/en\/wp-json\/wp\/v2\/posts\/2674\/revisions"}],"predecessor-version":[{"id":2679,"href":"https:\/\/www.czechcyclingfederation.com\/en\/wp-json\/wp\/v2\/posts\/2674\/revisions\/2679"}],"wp:featuredmedia":[{"embeddable":true,"href":"https:\/\/www.czechcyclingfederation.com\/en\/wp-json\/wp\/v2\/media\/2675"}],"wp:attachment":[{"href":"https:\/\/www.czechcyclingfederation.com\/en\/wp-json\/wp\/v2\/media?parent=2674"}],"wp:term":[{"taxonomy":"category","embeddable":true,"href":"https:\/\/www.czechcyclingfederation.com\/en\/wp-json\/wp\/v2\/categories?post=2674"},{"taxonomy":"post_tag","embeddable":true,"href":"https:\/\/www.czechcyclingfederation.com\/en\/wp-json\/wp\/v2\/tags?post=2674"}],"curies":[{"name":"wp","href":"https:\/\/api.w.org\/{rel}","templated":true}]}}