{"id":26715,"date":"2023-08-19T10:29:07","date_gmt":"2023-08-19T08:29:07","guid":{"rendered":"https:\/\/www.czechcyclingfederation.com\/?p=26715"},"modified":"2023-08-19T10:29:10","modified_gmt":"2023-08-19T08:29:10","slug":"vejvodova-mistryni-evropy-jahoda-stribro-berger-a-masin-berou-bronz","status":"publish","type":"post","link":"https:\/\/www.czechcyclingfederation.com\/en\/vejvodova-mistryni-evropy-jahoda-stribro-berger-a-masin-berou-bronz\/","title":{"rendered":"Vejvodov\u00e1 mistryn\u00ed Evropy, Jahoda st\u0159\u00edbro, Berger a Ma\u0161\u00edn berou bronz!"},"content":{"rendered":"\n<p>Prvn\u00ed den Mistrovstv\u00ed Evropy v&nbsp;Rotterdamu pod hlavi\u010dkou evropsk\u00e9 organizace UEC p\u0159edstavil \u010dasovky v\u0161ech kategorii paracyklist\u016f.<\/p>\n\n\n\n<p>Nejv\u00edce byla vid\u011bt Pavl\u00edna Vejvodov\u00e1 (WT1), \u00fa\u0159aduj\u00edc\u00ed mistryn\u011b sv\u011bta ze Skotska potvrdila svou v\u00fdkonnost a v&nbsp;Rotterdamu obl\u00e9kla b\u00edl\u00fd dres se \u017elut\u00fdmi hv\u011bzdami, vyzna\u010duj\u00edc\u00ed nejlep\u0161\u00ed z\u00e1vodnici v&nbsp;Evrop\u011b. \u201e<em>Je\u0161t\u011b si to asi ani po\u0159\u00e1dn\u011b neuv\u011bdomuji, je to ale \u00fa\u017easn\u00fd pocit. Mrz\u00ed m\u011b, \u017ee jsem nemohla pom\u011b\u0159it s\u00edly se svou soupe\u0159kou z&nbsp;Nizozemska, kter\u00e1 bohu\u017eel musela podstoupit operaci a nemohla se dom\u00e1c\u00edho Mistrovstv\u00ed Evropy z\u00fa\u010dastnit.<\/em>\u201c Tlumo\u010dila Pavl\u00edna sv\u00e9 pocity bezprost\u0159edn\u011b po z\u00e1vod\u011b.<\/p>\n\n\n\n<p>Vynikaj\u00edc\u00ed \u010dasovku absolvoval tak\u00e9 Patrik Jahoda (MH1), kter\u00fd na evropsk\u00e9m \u0161ampion\u00e1tu obsadil druhou pozici a do \u010cesk\u00e9 republiky veze kr\u00e1sn\u00e9 st\u0159\u00edbro! S\u00e1m sv\u016fj v\u00fdkon Patrik hodnot\u00ed takto: \u201e<em>Dnes jsem si opravdu v\u011b\u0159il na titul. P\u0159i rozjet\u00ed jsem se c\u00edtil fantasticky a kdy\u017e jsem vid\u011bl \u010d\u00edsla na wattmetru, myslel jsem si, \u017ee to dopadne hodn\u011b dob\u0159e. I b\u011bhem z\u00e1vodu jsem se c\u00edtil v\u00fdborn\u011b, ale p\u0159i\u0161lo vyst\u0159\u00edzliv\u011bn\u00ed. Italsk\u00fd z\u00e1vodn\u00edk, kter\u00fd startoval minutu za mnou, m\u011b v polovin\u011b druh\u00e9ho kola dojel a j\u00e1 jsem prost\u011b nesta\u010dil jeho tempu i p\u0159es \u00fa\u017easn\u00e1 \u010d\u00edsla z wattmetru. Dojel jsem si pro st\u0159\u00edbro, ale byl jsem obrovsky zklaman\u00fd z toho, \u017ee na titul jsem dnes zdaleka nem\u011bl.\u201c<\/em><\/p>\n\n\n\n<p>\u010ceskou v\u00fdpravu rozz\u00e1\u0159ili tak\u00e9 Petr Berger (MT1) a Jindra Ma\u0161\u00edn (MT2). Dv\u011b bronzov\u00e9 medaile, se kter\u00fdmi po\u010d\u00edtal asi m\u00e1lokdo. Kluci bojovali do posledn\u00ed chv\u00edle a p\u0159ineslo to ovoce, proto\u017ee um\u00edst\u011bn\u00ed na stupn\u00edch v\u00edt\u011bz\u016f je pro oba borce velik\u00fdm \u00fasp\u011bchem.<\/p>\n\n\n\n<p>Velmi slu\u0161n\u00fd z\u00e1vod zajel tak\u00e9 Ivo Koblasa (MC2), kter\u00fd obsadil 6.p\u0159\u00ed\u010dku. Iv\u016fv osobn\u00ed mana\u017eer a otec v&nbsp;jedn\u00e9 osob\u011b hodn\u00ed vystoupen\u00ed sv\u00e9ho syna takto: \u201e<em>Tra\u0165 byla vyty\u010dena na asfaltov\u00fdch cest\u00e1ch kolem m\u00edstn\u00ed vesla\u0159sk\u00e9 dr\u00e1hy. V m\u00edstn\u00edch podm\u00ednk\u00e1ch to znamenalo se p\u0159ipravit na \u00fapln\u011b rovn\u00fd profil a na v\u011btrn\u00e9 po\u010das\u00ed. Od prvn\u00edch metr\u016f Ivo zvolil vysok\u00e9 tempo, kter\u00e9 mu p\u0159ineslo 6. m\u00edsto v c\u00edli.<\/em>\u201c Kate\u0159ina Anto\u0161ov\u00e1 (WH3), ta dojela na 5.m\u00edst\u011b a Va\u0161ek Antal (MH3), kter\u00fd vybojoval pro n\u00e1rodn\u00ed barvy 12.m\u00edsto.<\/p>\n\n\n\n<p>Vystoupen\u00ed na\u0161\u00ed v\u00fdpravy hodnot\u00ed tak\u00e9 reprezenta\u010dn\u00ed tren\u00e9r Luk\u00e1\u0161 Petr: \u201e<em>Zisk \u010dty\u0159 medail\u00ed je \u00fa\u017easn\u00e1 bilance \u010cesk\u00e9ho t\u00fdmu v prvn\u00edm dnu z\u00e1vodn\u00edho programu mistrovstv\u00ed Evropy. Rovn\u00e1 a v\u011btrn\u00e1 tra\u0165 sed\u011bla sp\u00ed\u0161e siln\u011bj\u0161\u00edm z\u00e1vodn\u00edk\u016fm a jsem r\u00e1d, \u017ee je v&nbsp;t\u00fdmu m\u00e1me.\u201c<\/em><\/p>\n\n\n\n<p>Z\u00edtra n\u00e1s u\u017e \u010dekaj\u00ed silni\u010dn\u00ed z\u00e1vody. Na start silni\u010dn\u00edho z\u00e1vodu kategorie MC2 se postav\u00ed Ivo Koblasa kr\u00e1tce pro 14.hodin\u011b.<\/p>\n\n\n\n<p><strong><u>V\u00fdsledky:<\/u><\/strong><\/p>\n\n\n\n<p><strong>WT1:<\/strong><\/p>\n\n\n\n<ol class=\"wp-block-list\" type=\"1\">\n<li><strong>VEJVODOV\u00c1 Pavl\u00edna (CZE) (22:36.98)<\/strong><\/li>\n<\/ol>\n\n\n\n<p><strong>MH1:<\/strong><\/p>\n\n\n\n<ol class=\"wp-block-list\" type=\"1\">\n<li>CORNEGLIANI Fabrizio (ITA) (20:38.90)<\/li>\n\n\n\n<li><strong>JAHODA Patrik (CZE) (22:06.54)<\/strong><\/li>\n\n\n\n<li>FR\u00dcH Benjamin (SUI) (23:13.87)<\/li>\n<\/ol>\n\n\n\n<p><strong>MT1:<\/strong><\/p>\n\n\n\n<ol class=\"wp-block-list\" type=\"1\">\n<li>FARRONI Giorgio (ITA) (19:34.39)<\/li>\n\n\n\n<li>GARCIA ABELLA Gonzalo (ESP) (20:12.33)<\/li>\n\n\n\n<li><strong>BERGER Petr (CZE) (23:13.12)<\/strong><\/li>\n<\/ol>\n\n\n\n<p><strong>MT2:<\/strong><\/p>\n\n\n\n<ol class=\"wp-block-list\" type=\"1\">\n<li>REINOSO FIGUEROLA Joan (ESP) (17:48.20)<\/li>\n\n\n\n<li>STEINBICHLER Wolfgang (AUT) (17:56.75)<\/li>\n\n\n\n<li><strong>MA\u0160\u00cdN Jind\u0159ich (CZE) (18:18.82)<\/strong><\/li>\n<\/ol>\n\n\n\n<p><strong>MC2:<\/strong><\/p>\n\n\n\n<ol class=\"wp-block-list\" type=\"1\">\n<li>LEAUTE Alexandre (FRA) (13:43.41)<\/li>\n\n\n\n<li>PAPANGELIS Nikolaos (GRE) (14:20.56)<\/li>\n\n\n\n<li>ECKHARD TIO Maurice Far (ESP) (14:35.81) \u2026<strong>&nbsp;6. KOBLASA Ivo (CZE) (15:12.48)<\/strong><\/li>\n<\/ol>\n\n\n\n<p><strong>WH3:<\/strong><\/p>\n\n\n\n<ol class=\"wp-block-list\" type=\"1\">\n<li>ZEYEN Annika (GER) (17:34.52)<\/li>\n\n\n\n<li>PORCELLATO Francesca (ITA) (17:52.02)<\/li>\n\n\n\n<li>VINCENT Ana\u00efs (FRA) (18:09.13) \u2026&nbsp;<strong>5. ANTO\u0160OV\u00c1 Kate\u0159ina (CZE) (18:54.88)<\/strong><\/li>\n<\/ol>\n\n\n\n<p><strong>MH3:<\/strong><\/p>\n\n\n\n<ol class=\"wp-block-list\" type=\"1\">\n<li>MEKENKAMP Mark (NED) (15:02.85)<\/li>\n\n\n\n<li>QUAILE Johan (FRA) (15:28.80)<\/li>\n\n\n\n<li>HIELKEMA Mischa (NED) (15:34.36) \u2026&nbsp;<strong>12. ANTAL V\u00e1clav (CZE) (16:00.32)<\/strong><\/li>\n<\/ol>\n","protected":false},"excerpt":{"rendered":"<p>Prvn\u00ed den Mistrovstv\u00ed Evropy v&nbsp;Rotterdamu pod hlavi\u010dkou evropsk\u00e9 organizace UEC p\u0159edstavil \u010dasovky v\u0161ech kategorii paracyklist\u016f. Nejv\u00edce byla vid\u011bt Pavl\u00edna Vejvodov\u00e1 (WT1), \u00fa\u0159aduj\u00edc\u00ed mistryn\u011b sv\u011bta ze Skotska potvrdila svou v\u00fdkonnost a v&nbsp;Rotterdamu obl\u00e9kla b\u00edl\u00fd dres se \u017elut\u00fdmi hv\u011bzdami, vyzna\u010duj\u00edc\u00ed nejlep\u0161\u00ed z\u00e1vodnici v&nbsp;Evrop\u011b. \u201eJe\u0161t\u011b si to asi ani po\u0159\u00e1dn\u011b neuv\u011bdomuji, je to ale \u00fa\u017easn\u00fd pocit. Mrz\u00ed m\u011b, [&hellip;]<\/p>\n","protected":false},"author":1,"featured_media":26716,"comment_status":"closed","ping_status":"open","sticky":false,"template":"","format":"standard","meta":{"footnotes":""},"categories":[17,2,99],"tags":[405],"class_list":["post-26715","post","type-post","status-publish","format-standard","has-post-thumbnail","hentry","category-discipliny","category-novinky","category-paracyklistika","tag-para"],"_links":{"self":[{"href":"https:\/\/www.czechcyclingfederation.com\/en\/wp-json\/wp\/v2\/posts\/26715","targetHints":{"allow":["GET"]}}],"collection":[{"href":"https:\/\/www.czechcyclingfederation.com\/en\/wp-json\/wp\/v2\/posts"}],"about":[{"href":"https:\/\/www.czechcyclingfederation.com\/en\/wp-json\/wp\/v2\/types\/post"}],"author":[{"embeddable":true,"href":"https:\/\/www.czechcyclingfederation.com\/en\/wp-json\/wp\/v2\/users\/1"}],"replies":[{"embeddable":true,"href":"https:\/\/www.czechcyclingfederation.com\/en\/wp-json\/wp\/v2\/comments?post=26715"}],"version-history":[{"count":1,"href":"https:\/\/www.czechcyclingfederation.com\/en\/wp-json\/wp\/v2\/posts\/26715\/revisions"}],"predecessor-version":[{"id":26718,"href":"https:\/\/www.czechcyclingfederation.com\/en\/wp-json\/wp\/v2\/posts\/26715\/revisions\/26718"}],"wp:featuredmedia":[{"embeddable":true,"href":"https:\/\/www.czechcyclingfederation.com\/en\/wp-json\/wp\/v2\/media\/26716"}],"wp:attachment":[{"href":"https:\/\/www.czechcyclingfederation.com\/en\/wp-json\/wp\/v2\/media?parent=26715"}],"wp:term":[{"taxonomy":"category","embeddable":true,"href":"https:\/\/www.czechcyclingfederation.com\/en\/wp-json\/wp\/v2\/categories?post=26715"},{"taxonomy":"post_tag","embeddable":true,"href":"https:\/\/www.czechcyclingfederation.com\/en\/wp-json\/wp\/v2\/tags?post=26715"}],"curies":[{"name":"wp","href":"https:\/\/api.w.org\/{rel}","templated":true}]}}