{"id":267,"date":"2020-05-28T02:33:15","date_gmt":"2020-05-28T00:33:15","guid":{"rendered":"http:\/\/www.czechcyclingfederation.com\/?p=267"},"modified":"2020-07-16T13:41:21","modified_gmt":"2020-07-16T11:41:21","slug":"trenuj-s-repre-bmx-3-dil-lukas-mentlik","status":"publish","type":"post","link":"https:\/\/www.czechcyclingfederation.com\/en\/trenuj-s-repre-bmx-3-dil-lukas-mentlik\/","title":{"rendered":"Tr\u00e9nuj s repre BMX &#8211; 3. d\u00edl Luk\u00e1\u0161 Mentl\u00edk"},"content":{"rendered":"\n<p>Dne\u0161n\u00edm hostem projektu \u201eTr\u00e9nuj s repre BMX\u201c je Luk\u00e1\u0161 Mentl\u00edk.<\/p>\n\n\n\n<p>Junior Luk\u00e1\u0161 Mentl\u00edk v\u00e1s provede st\u0159ede\u010dn\u00edm d\u00edlem Tr\u00e9nuj s repre BMX.<\/p>\n\n\n\n<p>Dal\u0161\u00ed informace naleznete n\u00ed\u017ee v p\u0159\u00edsp\u011bvku na Facebooku.<\/p>\n\n\n\n<figure><iframe loading=\"lazy\" src=\"https:\/\/www.facebook.com\/plugins\/video.php?href=https%3A%2F%2Fwww.facebook.com%2Fczechcyclingfederation%2Fvideos%2F225022105479846%2F&amp;show_text=0&amp;width=264\" width=\"264\" height=\"476\" allowfullscreen=\"true\"><\/iframe><\/figure>\n","protected":false},"excerpt":{"rendered":"<p>Dne\u0161n\u00edm hostem projektu \u201eTr\u00e9nuj s repre BMX\u201c je Luk\u00e1\u0161 Mentl\u00edk. Junior Luk\u00e1\u0161 Mentl\u00edk v\u00e1s provede st\u0159ede\u010dn\u00edm d\u00edlem Tr\u00e9nuj s repre BMX. Dal\u0161\u00ed informace naleznete n\u00ed\u017ee v p\u0159\u00edsp\u011bvku na Facebooku.<\/p>\n","protected":false},"author":1,"featured_media":268,"comment_status":"closed","ping_status":"open","sticky":false,"template":"","format":"standard","meta":{"footnotes":""},"categories":[57,2],"tags":[55],"class_list":["post-267","post","type-post","status-publish","format-standard","has-post-thumbnail","hentry","category-bmx","category-novinky","tag-bmx"],"_links":{"self":[{"href":"https:\/\/www.czechcyclingfederation.com\/en\/wp-json\/wp\/v2\/posts\/267","targetHints":{"allow":["GET"]}}],"collection":[{"href":"https:\/\/www.czechcyclingfederation.com\/en\/wp-json\/wp\/v2\/posts"}],"about":[{"href":"https:\/\/www.czechcyclingfederation.com\/en\/wp-json\/wp\/v2\/types\/post"}],"author":[{"embeddable":true,"href":"https:\/\/www.czechcyclingfederation.com\/en\/wp-json\/wp\/v2\/users\/1"}],"replies":[{"embeddable":true,"href":"https:\/\/www.czechcyclingfederation.com\/en\/wp-json\/wp\/v2\/comments?post=267"}],"version-history":[{"count":1,"href":"https:\/\/www.czechcyclingfederation.com\/en\/wp-json\/wp\/v2\/posts\/267\/revisions"}],"predecessor-version":[{"id":269,"href":"https:\/\/www.czechcyclingfederation.com\/en\/wp-json\/wp\/v2\/posts\/267\/revisions\/269"}],"wp:featuredmedia":[{"embeddable":true,"href":"https:\/\/www.czechcyclingfederation.com\/en\/wp-json\/wp\/v2\/media\/268"}],"wp:attachment":[{"href":"https:\/\/www.czechcyclingfederation.com\/en\/wp-json\/wp\/v2\/media?parent=267"}],"wp:term":[{"taxonomy":"category","embeddable":true,"href":"https:\/\/www.czechcyclingfederation.com\/en\/wp-json\/wp\/v2\/categories?post=267"},{"taxonomy":"post_tag","embeddable":true,"href":"https:\/\/www.czechcyclingfederation.com\/en\/wp-json\/wp\/v2\/tags?post=267"}],"curies":[{"name":"wp","href":"https:\/\/api.w.org\/{rel}","templated":true}]}}