{"id":2668,"date":"2020-10-13T17:55:35","date_gmt":"2020-10-13T15:55:35","guid":{"rendered":"http:\/\/www.czechcyclingfederation.com\/?p=2668"},"modified":"2020-10-25T19:19:28","modified_gmt":"2020-10-25T18:19:28","slug":"uspechy-bikeru-scm-kolin","status":"publish","type":"post","link":"https:\/\/www.czechcyclingfederation.com\/en\/uspechy-bikeru-scm-kolin\/","title":{"rendered":"\u00dasp\u011bchy biker\u016f SCM Kol\u00edn"},"content":{"rendered":"\n<p>A\u017e v z\u00e1v\u011bru sezony se mohli na\u0161i bike\u0159i pom\u011b\u0159it s evropskou a sv\u011btovou \u0161pi\u010dkou na mezin\u00e1rodn\u00ed sc\u00e9n\u011b. Jedin\u00e9 dva z\u00e1vody Sv\u011btov\u00e9ho poh\u00e1ru se odjely v Nov\u00e9m M\u011bst\u011b na Morav\u011b se jich p\u0159edstavilo dev\u011bt (\u0161est z Expres CZ-Tufo Team Kol\u00edn, dva z Adastra Cycling Team a jeden z Ivar CS Author Team). A o uplynul\u00e9m v\u00edkendu absolvovali \u010de\u0161t\u00ed reprezentanti mistrovstv\u00ed sv\u011bta<\/p>\n\n\n\n<p>Mezi z\u00e1vodn\u00edky z 38 zem\u00ed sv\u011bta a v nabit\u00e9 konkurenci si vedli na v\u00fdbornou. V kategorii juniorek se o nejlep\u0161\u00ed v\u00fdsledek \u010desk\u00fdch z\u00e1vodn\u00edk\u016f na leto\u0161n\u00edm SP postarala Karol\u00edna Bedrn\u00edkov\u00e1, kter\u00e1 obsadila skv\u011bl\u00e9 t\u0159et\u00ed m\u00edsto a za\u0159adila se mezi kandid\u00e1ty na medailov\u00e9 um\u00edst\u011bn\u00ed na MS. \u0160est\u00fdm m\u00edstem potvrdila svoji p\u0159\u00edslu\u0161nost k juniorsk\u00e9 \u0161pi\u010dce i Aneta Novotn\u00e1. V kategorii junior\u016f se dok\u00e1zal prosadit David \u0160ulc, kter\u00fd obsadil 7. m\u00edsto a nezklamal ani Daniel \u017dvak.<\/p>\n\n\n\n<p>V kategorii \u017een U23 se mimo\u0159\u00e1dn\u011b da\u0159ilo Tereze Tvar\u016f\u017ekov\u00e9, kter\u00e1 dok\u00e1zala vybojovat des\u00e1t\u00e9 a sedm\u00e9 m\u00edsto. Nejlep\u0161\u00edm v\u00fdsledkem v kategorii mu\u017e\u016f U23 bylo 46. m\u00edsto Jakuba Ku\u010dery.<\/p>\n\n\n\n<p>Tyto dobr\u00e9 v\u00fdsledky pak dok\u00e1zali z\u00e1vodn\u00edci SCM Kol\u00edn potvrdit i v Leongangu. O jedinou \u010deskou medaili se postarala Aneta Novotn\u00e1, t\u0159et\u00ed mezi juniorkami, \u0161est\u00fdm m\u00edstem ji podpo\u0159ila Karol\u00edna Bedrn\u00edkov\u00e1.<\/p>\n\n\n\n<p>Mezi juniory uzav\u0159el elitn\u00ed des\u00edtku David \u0160ulc. V\u00fdborn\u011b op\u011bt zajela Tereza Tvar\u016f\u017ekov\u00e1, kter\u00e1 dojela dvan\u00e1ct\u00e1.<\/p>\n\n\n\n<p>FOTO SCM Kol\u00edn<\/p>\n\n\n\n<figure class=\"wp-block-image size-large\"><img loading=\"lazy\" decoding=\"async\" width=\"1000\" height=\"668\" src=\"https:\/\/www.czechcyclingfederation.com\/wp-content\/uploads\/2020\/10\/Bedrn\u00edkov\u00e1.jpg\" alt=\"\" class=\"wp-image-2670\" srcset=\"https:\/\/www.czechcyclingfederation.com\/wp-content\/uploads\/2020\/10\/Bedrn\u00edkov\u00e1.jpg 1000w, https:\/\/www.czechcyclingfederation.com\/wp-content\/uploads\/2020\/10\/Bedrn\u00edkov\u00e1-300x200.jpg 300w, https:\/\/www.czechcyclingfederation.com\/wp-content\/uploads\/2020\/10\/Bedrn\u00edkov\u00e1-768x513.jpg 768w\" sizes=\"auto, (max-width: 1000px) 100vw, 1000px\" \/><\/figure>\n\n\n\n<figure class=\"wp-block-image size-large\"><img loading=\"lazy\" decoding=\"async\" width=\"1000\" height=\"668\" src=\"https:\/\/www.czechcyclingfederation.com\/wp-content\/uploads\/2020\/10\/\u0160ulc.jpg\" alt=\"\" class=\"wp-image-2671\" srcset=\"https:\/\/www.czechcyclingfederation.com\/wp-content\/uploads\/2020\/10\/\u0160ulc.jpg 1000w, https:\/\/www.czechcyclingfederation.com\/wp-content\/uploads\/2020\/10\/\u0160ulc-300x200.jpg 300w, https:\/\/www.czechcyclingfederation.com\/wp-content\/uploads\/2020\/10\/\u0160ulc-768x513.jpg 768w\" sizes=\"auto, (max-width: 1000px) 100vw, 1000px\" \/><\/figure>\n\n\n\n<figure class=\"wp-block-image size-large\"><img loading=\"lazy\" decoding=\"async\" width=\"1000\" height=\"668\" src=\"https:\/\/www.czechcyclingfederation.com\/wp-content\/uploads\/2020\/10\/Tvar\u016f\u017ekov\u00e1-II.jpg\" alt=\"\" class=\"wp-image-2672\" srcset=\"https:\/\/www.czechcyclingfederation.com\/wp-content\/uploads\/2020\/10\/Tvar\u016f\u017ekov\u00e1-II.jpg 1000w, https:\/\/www.czechcyclingfederation.com\/wp-content\/uploads\/2020\/10\/Tvar\u016f\u017ekov\u00e1-II-300x200.jpg 300w, https:\/\/www.czechcyclingfederation.com\/wp-content\/uploads\/2020\/10\/Tvar\u016f\u017ekov\u00e1-II-768x513.jpg 768w\" sizes=\"auto, (max-width: 1000px) 100vw, 1000px\" \/><\/figure>\n","protected":false},"excerpt":{"rendered":"<p>A\u017e v z\u00e1v\u011bru sezony se mohli na\u0161i bike\u0159i pom\u011b\u0159it s evropskou a sv\u011btovou \u0161pi\u010dkou na mezin\u00e1rodn\u00ed sc\u00e9n\u011b. Jedin\u00e9 dva z\u00e1vody Sv\u011btov\u00e9ho poh\u00e1ru se odjely v Nov\u00e9m M\u011bst\u011b na Morav\u011b se jich p\u0159edstavilo dev\u011bt (\u0161est z Expres CZ-Tufo Team Kol\u00edn, dva z Adastra Cycling Team a jeden z Ivar CS Author Team). A o uplynul\u00e9m v\u00edkendu [&hellip;]<\/p>\n","protected":false},"author":8,"featured_media":2669,"comment_status":"closed","ping_status":"open","sticky":false,"template":"","format":"standard","meta":{"footnotes":""},"categories":[6,46,2],"tags":[10],"class_list":["post-2668","post","type-post","status-publish","format-standard","has-post-thumbnail","hentry","category-mtb","category-novinky-sportovni-centra","category-novinky","tag-mtb"],"_links":{"self":[{"href":"https:\/\/www.czechcyclingfederation.com\/en\/wp-json\/wp\/v2\/posts\/2668","targetHints":{"allow":["GET"]}}],"collection":[{"href":"https:\/\/www.czechcyclingfederation.com\/en\/wp-json\/wp\/v2\/posts"}],"about":[{"href":"https:\/\/www.czechcyclingfederation.com\/en\/wp-json\/wp\/v2\/types\/post"}],"author":[{"embeddable":true,"href":"https:\/\/www.czechcyclingfederation.com\/en\/wp-json\/wp\/v2\/users\/8"}],"replies":[{"embeddable":true,"href":"https:\/\/www.czechcyclingfederation.com\/en\/wp-json\/wp\/v2\/comments?post=2668"}],"version-history":[{"count":1,"href":"https:\/\/www.czechcyclingfederation.com\/en\/wp-json\/wp\/v2\/posts\/2668\/revisions"}],"predecessor-version":[{"id":2673,"href":"https:\/\/www.czechcyclingfederation.com\/en\/wp-json\/wp\/v2\/posts\/2668\/revisions\/2673"}],"wp:featuredmedia":[{"embeddable":true,"href":"https:\/\/www.czechcyclingfederation.com\/en\/wp-json\/wp\/v2\/media\/2669"}],"wp:attachment":[{"href":"https:\/\/www.czechcyclingfederation.com\/en\/wp-json\/wp\/v2\/media?parent=2668"}],"wp:term":[{"taxonomy":"category","embeddable":true,"href":"https:\/\/www.czechcyclingfederation.com\/en\/wp-json\/wp\/v2\/categories?post=2668"},{"taxonomy":"post_tag","embeddable":true,"href":"https:\/\/www.czechcyclingfederation.com\/en\/wp-json\/wp\/v2\/tags?post=2668"}],"curies":[{"name":"wp","href":"https:\/\/api.w.org\/{rel}","templated":true}]}}