{"id":26625,"date":"2023-08-12T22:05:40","date_gmt":"2023-08-12T20:05:40","guid":{"rendered":"https:\/\/www.czechcyclingfederation.com\/?p=26625"},"modified":"2023-08-12T22:06:23","modified_gmt":"2023-08-12T20:06:23","slug":"desaty-den-ms-finale-programu-mtb-a-silnicni-zavod-u23","status":"publish","type":"post","link":"https:\/\/www.czechcyclingfederation.com\/en\/desaty-den-ms-finale-programu-mtb-a-silnicni-zavod-u23\/","title":{"rendered":"Des\u00e1t\u00fd den MS, fin\u00e1le programu MTB a silni\u010dn\u00ed z\u00e1vod U23"},"content":{"rendered":"\n<p><strong>MTB<\/strong><\/p>\n\n\n\n<p>Sedmn\u00e1ctou p\u0159\u00ed\u010dku v kr\u00e1sn\u00e9m a dramatick\u00e9m mistrovsk\u00e9m z\u00e1vod\u011b horsk\u00fdch kol v Glentress Forest obsadil \u010desk\u00fd reprezentant Ond\u0159ej Cink. V z\u00e1vod\u011b zv\u00edt\u011bzil favorit Tom Pidcock z Velk\u00e9 Brit\u00e1nie.<\/p>\n\n\n\n<p>\u201cNa Ond\u0159ejovi se ke konci n\u00e1ro\u010dn\u00e9ho z\u00e1vodu za\u010dal projevovat tr\u00e9ninkov\u00fd v\u00fdpadek zap\u0159\u00ed\u010din\u011bn\u00fd onemocn\u011bn\u00edm, nicm\u00e9n\u011b i tak je um\u00edst\u011bn\u00ed v prvn\u00ed sv\u011btov\u00e9 20 velmi kvalitn\u00ed,&#8221; okomentoval v\u00fdsledek stru\u010dn\u011b reprezenta\u010dn\u00ed tren\u00e9r Viktor Zapletal.&nbsp;<\/p>\n\n\n\n<p>D\u00e1le z \u010desk\u00fdch reprezentant\u016f skon\u010dil na 69. pozici Marek Rauchfuss, 70. Luk\u00e1\u0161 Kobes a 74. Jan \u0160karnitzl.&nbsp;<\/p>\n\n\n\n<p>Mezi \u017eenami 33. p\u0159\u00ed\u010dku obsadila v Glentress Forest jedin\u00e1 \u010desk\u00e1 z\u00e1stupkyn\u011b v elitn\u00ed kategorii \u017een, Jitka \u010c\u00e1belick\u00e1. Z\u00e1vod ovl\u00e1dla Pauline F\u00e9rrand-Prevot z Francie.<\/p>\n\n\n\n<p><strong>Silni\u010dn\u00ed cyklistika<\/strong><\/p>\n\n\n\n<p>T\u0159iadvac\u00e1t\u00fd fini\u0161oval Pavel Bittner v z\u00e1vod\u011b mistrovstv\u00ed sv\u011bta do t\u0159iadvaceti let s hromadn\u00fdm startem. Nov\u00fdm sv\u011btov\u00fdm \u0161ampionem je Francouz Axel Laurance, kter\u00fd p\u0159edvedl skvostn\u00fd v\u00fdkon v \u00faniku. St\u0159\u00edbro bral Portugalec Ant\u00f3nio Morgado, senza\u010dn\u00ed bronz Martin Svr\u010dek ze Slovenska.<\/p>\n\n\n\n<p>Bitva dlouh\u00e1 168,4 km s p\u0159ev\u00fd\u0161en\u00edm 2000 metr\u016f se podle o\u010dek\u00e1v\u00e1n\u00ed rozhodla p\u0159i z\u00e1v\u011bre\u010dn\u00fdch okruz\u00edch v Glasgow. Dvacetilet\u00fd Pavel Bittner, kter\u00fd pat\u0159il ke kandid\u00e1t\u016fm na medaili, v kl\u00ed\u010dov\u00e9 pas\u00e1\u017ei prakticky ztratil nad\u011bje na \u00fasp\u011bch.&nbsp;<\/p>\n\n\n\n<p>\u201eDr\u017eeli jsme docela dobrou pozici, co\u017e bylo d\u016fle\u017eit\u00e9 p\u0159i n\u00e1jezdu na okruhy. Jen\u017ee se to p\u0159ed n\u00e1mi semlelo, n\u011bkomu to podklouzlo a j\u00e1 znenad\u00e1n\u00ed le\u017eel na zemi. Docela mi dlouho trvalo, ne\u017e jsem se zvednul, proto\u017ee jsem c\u00edtil skute\u010dn\u011b velkou bolest. A pak je\u0161t\u011b chvilku trvalo, ne\u017e jsem dostal nov\u00e9 kolo,\u201c komentoval z\u00e1sadn\u00ed okam\u017eik vystoupen\u00ed na mistrovstv\u00ed sv\u011bta Pavel Bittner.<\/p>\n\n\n\n<p>\u201eM\u011bl jsem ztr\u00e1tu asi t\u0159i minuty na peloton, ale Tom\u00e1\u0161 P\u0159idal, Pavel Nov\u00e1k a Adam Seeman mi pomohli dojet co nejd\u00e1le. Pak jsem jel doraz, abych se dostal dop\u0159edu. Kluci mi neskute\u010dn\u011b pomohli,\u201c vyzvedl Pavel Bittner t\u00fdmovou spolupr\u00e1ci.<\/p>\n\n\n\n<p>Ve fin\u00e1le se musel spokojit s t\u0159iadvac\u00e1tou p\u0159\u00ed\u010dkou. \u201eNa konci mi s\u00edly vydan\u00e9 p\u0159i st\u00edha\u010dce p\u0159edn\u00ed skupiny chyb\u011bly. Myslel jsem, \u017ee mi je\u0161t\u011b n\u011bco z\u016fstane v noh\u00e1ch a n\u011bjak z\u00e1v\u011br zvl\u00e1dnu, ale slo\u017een\u00ed skupiny nenahr\u00e1valo, abychom se dot\u00e1hli na \u00fanik v \u010dele z\u00e1vodu. Posledn\u00ed t\u0159i kola jsem byl na limitu. Do c\u00edle jsem se sp\u00ed\u0161e doklouzal,\u201c p\u0159iznal nejlep\u0161\u00ed \u010desk\u00fd z\u00e1vodn\u00edk.<\/p>\n\n\n\n<p>Hlavou se mu honila pot\u0159eba d\u016fkladn\u00e9ho vy\u0161et\u0159en\u00ed. \u201eDokud jsem jel, tolik jsem n\u00e1sledky p\u00e1du nevn\u00edmal. Ale bolest v let\u00e9 stran\u011b t\u011bla je docela intenzivn\u00ed. Douf\u00e1m, \u017ee budu v po\u0159\u00e1dku,\u201c ob\u00e1val se n\u00e1sledk\u016f pro dal\u0161\u00ed f\u00e1zi sezony Pavel Bittner.<\/p>\n\n\n\n<p>Dvaadvacetilet\u00fd Axel Laurence prolet\u011bl z\u00e1vod pr\u016fm\u011brnou rychlost\u00ed 41,246 kilometr\u016f v hodin\u011b a zajistil, \u017ee t\u00fdm Alpecin-Deceuninck bude m\u00edt duhov\u00fd dres v obou hlavn\u00edch kategori\u00edch, proto\u017ee Mathieu van der Poel ovl\u00e1dl elitn\u00ed kategorii.<\/p>\n\n\n\n<p><strong>S\u00e1lov\u00e1 cyklistika<\/strong><\/p>\n\n\n\n<p>Po p\u00e1te\u010dn\u00ed proh\u0159e Tom\u00e1\u0161e Hor\u00e1ka s Radkem Adamem 4:7 s Rakouskem dnes \u010de\u0161t\u00ed reprezentanti v kolov\u00e9 p\u0159ekvapili \u0160v\u00fdcary a vyhr\u00e1li 2:1. V&nbsp;dal\u0161\u00edch z\u00e1pasech v\u0161ak nesta\u010dili na Francii (4:5) a N\u011bmecko (0:4), ov\u0161em Belgii se jim poda\u0159ilo zdolat 6:2, co\u017e jim zajistilo v tabulce \u010dtvrt\u00e9 m\u00edsto. To znamen\u00e1, \u017ee v boji o postup do semifin\u00e1le si zopakuj\u00ed souboj s Franci\u00ed.<\/p>\n\n\n\n<p>V kvalifikaci mu\u017e\u016f v krasoj\u00edzd\u011b sta\u010dil v\u00fdkon Kry\u0161tofa Ne\u010dase na patn\u00e1ct\u00e9 m\u00edsto, Jakub Ma\u0161ek dostal od rozhod\u010d\u00edch 132,19 bod\u016f, ale k postupu do fin\u00e1lov\u00e9 \u010dtve\u0159ice to bylo daleko a obsadil des\u00e1tou pozici. Tom\u00e1\u0161 Gruna a Jakub Ma\u0161ek v kvalifikaci dvojic z\u00edskali 89,37 co\u017e znamenalo p\u00e1t\u00e9 m\u00edsto.<\/p>\n\n\n\n<p><strong>BMX Racing<\/strong><\/p>\n\n\n\n<p>Juniorka Sabina Ko\u0161\u00e1rkov\u00e1 postoupila z&nbsp;kvalifikace do dal\u0161\u00edch boj\u016f na MS BMX Racing. Stejn\u011b tak Marek Neu\u017eil v&nbsp;kategorii mu\u017ei U23 a Eli\u0161ka Bart\u016f\u0148kov\u00e1 v elite \u017eeny. Ta sice v prvn\u00edm kole skon\u010dila p\u00e1t\u00e1 a p\u0159\u00edm\u00fd postup si nevybojovala, ale v oprav\u00e1ch usp\u011bla a bude v z\u00e1vod\u011b pokra\u010dovat.<\/p>\n\n\n\n<p>Do fin\u00e1lov\u00fdch boj\u016f se z&nbsp;osmifin\u00e1le bohu\u017eel neprobojovali Mat\u011bj Linhart a Jakub Cidlinsk\u00fd.&nbsp;<\/p>\n\n\n\n<p><strong>Trial<\/strong><\/p>\n\n\n\n<p>Jedin\u00fd \u010desk\u00fd z\u00e1stupce ve fin\u00e1lov\u00fdch z\u00e1vodech junior Vojt\u011bch Kala\u0161 v kategorii 20&#8243; z\u00edskal na p\u011bti sekc\u00edch 70 bod\u016f, co\u017e na soupe\u0159e bohu\u017eel nesta\u010dilo a obsadil \u0161est\u00e9 m\u00edsto.<\/p>\n\n\n\n<p><strong>Para cyklistika<\/strong><\/p>\n\n\n\n<p>Posledn\u00edm para cyklistou, kter\u00fd zas\u00e1hl do boj\u016f o medaile na sv\u011btov\u00e9m \u0161ampion\u00e1tu v Glasgow byl Ivo Koblasa v&nbsp;kategorii C2. Ivo dokon\u010dil sv\u016fj z\u00e1vod m\u011b\u0159\u00edc\u00ed p\u0159es 64 km na 9. m\u00edst\u011b, co\u017e lze v\u00fdsledkov\u011b hodnotit jako jeho standart.&nbsp;<\/p>\n\n\n\n<figure class=\"wp-block-image size-large\"><img loading=\"lazy\" decoding=\"async\" width=\"1024\" height=\"682\" src=\"https:\/\/www.czechcyclingfederation.com\/wp-content\/uploads\/2023\/08\/BrychtaJan_Bittnerjpg-1024x682.jpg\" alt=\"\" class=\"wp-image-26628\" srcset=\"https:\/\/www.czechcyclingfederation.com\/wp-content\/uploads\/2023\/08\/BrychtaJan_Bittnerjpg-1024x682.jpg 1024w, https:\/\/www.czechcyclingfederation.com\/wp-content\/uploads\/2023\/08\/BrychtaJan_Bittnerjpg-300x200.jpg 300w, https:\/\/www.czechcyclingfederation.com\/wp-content\/uploads\/2023\/08\/BrychtaJan_Bittnerjpg-768x511.jpg 768w, https:\/\/www.czechcyclingfederation.com\/wp-content\/uploads\/2023\/08\/BrychtaJan_Bittnerjpg-1536x1022.jpg 1536w, https:\/\/www.czechcyclingfederation.com\/wp-content\/uploads\/2023\/08\/BrychtaJan_Bittnerjpg-2048x1363.jpg 2048w, https:\/\/www.czechcyclingfederation.com\/wp-content\/uploads\/2023\/08\/BrychtaJan_Bittnerjpg-1320x879.jpg 1320w\" sizes=\"auto, (max-width: 1024px) 100vw, 1024px\" \/><\/figure>\n\n\n\n<p><strong>V\u00fdsledky:<\/strong><\/p>\n\n\n\n<p><strong>MTB XCO<\/strong><\/p>\n\n\n\n<p>\u017deny&nbsp;&#8211;&nbsp;1. Pauline F\u00e9rrand-Prevot (FRA) 1:24:14, 2. Loana Lecomte (FRA) +1:14, 3. Puck Pieterse (NED) +1:27, &#8230;33. Jitka \u010c\u00e1belick\u00e1 +9:42.<\/p>\n\n\n\n<p>Mu\u017ei &#8211; 1. Tom Pidcock (GBR) 1:22:09, 2. Samuel Gaze (NZL) +0:19, 3. Nino Schurter (SUI) +0:34, &#8230;17. Ond\u0159ej Cink +2:45, 69. Marek Rauchfuss +8:31, 70. Luk\u00e1\u0161 Kobes +9:04, 74. Jan \u0160karnitzl -1 kolo.<\/p>\n\n\n\n<p><strong>Silni\u010dn\u00ed cyklistika&nbsp;<\/strong><\/p>\n\n\n\n<p>Mu\u017ei do 23 let &#8211; 1. Laurance (Fr.) 4:04:58, 2. Morgado (Portug.), 3. Svr\u010dek (SR) oba +2, &#8230;23. Bittner +3:16, 34. J. \u0164oupal\u00edk +4:54, 38. Nov\u00e1k +4:57, P\u0159idal, Seeman (v\u0161ichni \u010cR) oba nedokon\u010dili.<\/p>\n\n\n\n<p><strong>S\u00e1lov\u00e1 cyklistika:<\/strong><\/p>\n\n\n\n<p>Z\u00e1kladn\u00ed skupina kolov\u00e1 &#8211; 1. Rakousko 15, 2. N\u011bmecko 12, 3. Francie 7, 4. \u010cR (Hor\u00e1k, Adam) 6, 5. \u0160v\u00fdcarsko 4, 6. Belgie 0.<\/p>\n\n\n\n<p>Dvojice open &#8211; 1. Schefold, Hanselmann 169,63, 2. Styberov\u00e1, R\u00f6diger (v\u0161ichni N\u011bm.) 159,50, 3. Lim Tsz Hin, Lim Tsz Leung (Hong.) 118,64, &#8230;5. Gruna, Ma\u0161ek (\u010cR) 89,37.<\/p>\n\n\n\n<p><strong>Trial<\/strong><\/p>\n\n\n\n<p>Junio\u0159i 26&#8243; &#8211; 1. Cegarra (\u0160p.) 180, 2. Pasturel (Fr.) 130, 3. Ostheimer (Rak.) 130, ..6. V. Kala\u0161 (\u010cR) 70.<\/p>\n\n\n\n<p><strong>Para cyklistika \u2013 hromadn\u00fd z\u00e1vod<\/strong><\/p>\n\n\n\n<p>MC2 \u2013 1. Leaute A. (Fra.) 1:34.38, 2. Hicks D. (Aus.) + 2, 3. Vromant E. (Bel.) + 45, ..9. Koblasa I. (\u010cR) +1:41<\/p>\n\n\n\n<p>FOTO: Michal \u010cerven\u00fd \u2013 MTB, Jan Brychta \u2013 silnice<\/p>\n","protected":false},"excerpt":{"rendered":"<p>MTB Sedmn\u00e1ctou p\u0159\u00ed\u010dku v kr\u00e1sn\u00e9m a dramatick\u00e9m mistrovsk\u00e9m z\u00e1vod\u011b horsk\u00fdch kol v Glentress Forest obsadil \u010desk\u00fd reprezentant Ond\u0159ej Cink. V z\u00e1vod\u011b zv\u00edt\u011bzil favorit Tom Pidcock z Velk\u00e9 Brit\u00e1nie. \u201cNa Ond\u0159ejovi se ke konci n\u00e1ro\u010dn\u00e9ho z\u00e1vodu za\u010dal projevovat tr\u00e9ninkov\u00fd v\u00fdpadek zap\u0159\u00ed\u010din\u011bn\u00fd onemocn\u011bn\u00edm, nicm\u00e9n\u011b i tak je um\u00edst\u011bn\u00ed v prvn\u00ed sv\u011btov\u00e9 20 velmi kvalitn\u00ed,&#8221; okomentoval v\u00fdsledek stru\u010dn\u011b [&hellip;]<\/p>\n","protected":false},"author":1,"featured_media":26626,"comment_status":"closed","ping_status":"open","sticky":false,"template":"","format":"standard","meta":{"footnotes":""},"categories":[57,6,2,99,60,18],"tags":[56],"class_list":["post-26625","post","type-post","status-publish","format-standard","has-post-thumbnail","hentry","category-bmx","category-mtb","category-novinky","category-paracyklistika","category-salovka","category-silnice","tag-uci"],"_links":{"self":[{"href":"https:\/\/www.czechcyclingfederation.com\/en\/wp-json\/wp\/v2\/posts\/26625","targetHints":{"allow":["GET"]}}],"collection":[{"href":"https:\/\/www.czechcyclingfederation.com\/en\/wp-json\/wp\/v2\/posts"}],"about":[{"href":"https:\/\/www.czechcyclingfederation.com\/en\/wp-json\/wp\/v2\/types\/post"}],"author":[{"embeddable":true,"href":"https:\/\/www.czechcyclingfederation.com\/en\/wp-json\/wp\/v2\/users\/1"}],"replies":[{"embeddable":true,"href":"https:\/\/www.czechcyclingfederation.com\/en\/wp-json\/wp\/v2\/comments?post=26625"}],"version-history":[{"count":2,"href":"https:\/\/www.czechcyclingfederation.com\/en\/wp-json\/wp\/v2\/posts\/26625\/revisions"}],"predecessor-version":[{"id":26631,"href":"https:\/\/www.czechcyclingfederation.com\/en\/wp-json\/wp\/v2\/posts\/26625\/revisions\/26631"}],"wp:featuredmedia":[{"embeddable":true,"href":"https:\/\/www.czechcyclingfederation.com\/en\/wp-json\/wp\/v2\/media\/26626"}],"wp:attachment":[{"href":"https:\/\/www.czechcyclingfederation.com\/en\/wp-json\/wp\/v2\/media?parent=26625"}],"wp:term":[{"taxonomy":"category","embeddable":true,"href":"https:\/\/www.czechcyclingfederation.com\/en\/wp-json\/wp\/v2\/categories?post=26625"},{"taxonomy":"post_tag","embeddable":true,"href":"https:\/\/www.czechcyclingfederation.com\/en\/wp-json\/wp\/v2\/tags?post=26625"}],"curies":[{"name":"wp","href":"https:\/\/api.w.org\/{rel}","templated":true}]}}