{"id":26612,"date":"2023-08-11T16:21:47","date_gmt":"2023-08-11T14:21:47","guid":{"rendered":"https:\/\/www.czechcyclingfederation.com\/?p=26612"},"modified":"2023-08-11T20:38:04","modified_gmt":"2023-08-11T18:38:04","slug":"vejvodova-vybojovala-druhy-duhovy-trikot-antosova-jahoda-a-masin-v-top-10-2","status":"publish","type":"post","link":"https:\/\/www.czechcyclingfederation.com\/en\/vejvodova-vybojovala-druhy-duhovy-trikot-antosova-jahoda-a-masin-v-top-10-2\/","title":{"rendered":"Vejvodov\u00e1 vybojovala druh\u00fd duhov\u00fd trikot!"},"content":{"rendered":"\n<p>Mistrovstv\u00ed sv\u011bta v para cyklistice dnes pokra\u010dovalo z\u00e1vody s hromadn\u00fdm startem a \u010desk\u00fdm reprezentant\u016fm se op\u011bt da\u0159ilo!<\/p>\n\n\n\n<p>Pro sv\u016fj ji\u017e druh\u00fd duhov\u00fd dres mistryn\u011b sv\u011bta si dojela v dopoledn\u00edm programu tricyklistka Pavl\u00edna Vejvodov\u00e1 (WT1)! Sv\u00fdm soupe\u0159k\u00e1m odjela hned po startu a postupn\u011b sb\u00edrala vte\u0159iny a minuty n\u00e1skoku, a\u017e to bylo \u00factyhodn\u00fdch 7 minut p\u0159i projet\u00ed c\u00edlov\u00e9 \u010d\u00e1ry. Jako druh\u00e1 skon\u010dila Eltje Malzbenderov\u00e1 z Nov\u00e9ho Z\u00e9landu a t\u0159et\u00ed Kana\u010fanka Shelley Gautierov\u00e1.<\/p>\n\n\n\n<p>&#8220;Z\u00e1vod jsem si u\u017eila. Hned na za\u010d\u00e1tku jsem se potkala se soupe\u0159em z jin\u00e9 kategorie, pot\u00e9 jsem p\u016flku z\u00e1vodu jela sama a druhou polovinu s Carol Cook (WT2). Za v\u00fdsledek jsem velmi \u0161\u0165astn\u00e1,&#8221; uvedla Pavl\u00edna v&nbsp;c\u00edli z\u00e1vodu.<\/p>\n\n\n\n<p>Patrik Jahoda (MH1) nepotvrdil svou pozici z \u010dasovky a dojel na \u0161est\u00e9m m\u00edst\u011b. Katka Anto\u0161ov\u00e1 (WH3) si dojela pro dev\u00e1tou p\u0159\u00ed\u010dku, co\u017e je vylep\u0161en\u00ed um\u00edst\u011bn\u00ed o dv\u011b p\u0159\u00ed\u010dky oproti \u010dasovce.<\/p>\n\n\n\n<p>Velmi kvalitn\u00ed v\u00fdsledek podal v z\u00e1vod\u011b s hromadn\u00fdm startem kategori\u00ed T2 mu\u017e\u016f Jind\u0159ich Ma\u0161\u00edn, kter\u00fd skon\u010dil na sedm\u00e9m m\u00edst\u011b. Od p\u00e1t\u00e9 p\u0159\u00ed\u010dky ho d\u011blily desetiny vte\u0159iny, kdy\u017e prohr\u00e1l spurt o p\u00e1t\u00e9 a \u0161est\u00e9 m\u00edsto. I tak je to pro nov\u00e1\u010dka \u010desk\u00e9 para cyklistiky obrovsk\u00fd \u00fasp\u011bch.<\/p>\n\n\n\n<p><strong>V\u00fdsledky:<\/strong><\/p>\n\n\n\n<p><strong>Para cyklistika \u2013 hromadn\u00fd z\u00e1vod<\/strong><\/p>\n\n\n\n<p>WT1 \u2013 1. Vejvodov\u00e1 P. (\u010cR) 1:15.30, 2. Malzbender E. (NZL) + 6.55, 3. Gautier S. (CAN) + 12.59<\/p>\n\n\n\n<p>MT2 \u2013 1. Connors D. (USA) 57.19, 2. Celen T. (BEL) +0, 3. Jager M. (GER) + 3,..6. Ma\u0161\u00edn J. (\u010cR) + 14<\/p>\n\n\n\n<p>MH1 \u2013 1. Hordies M. (BEL) 1:21.17, 2. Cornegliani F. (ITA) + 20, 3. Wilcox B. (USA) + 2.29,..5. Jahoda P. (\u010cR) + 7.12<\/p>\n\n\n\n<p>WH3 \u2013 1. Zeyen A. (GER) 1:24:44, 2. Parker L. (AUS) + 3, 3. Vincent A. (FRA) + 3,..9. Anto\u0161ov\u00e1 K. (\u010cR) + 13.24<\/p>\n\n\n\n<figure class=\"wp-block-image size-large\"><img decoding=\"async\" src=\"https:\/\/www.czechcyclingfederation.com\/wp-content\/uploads\/2023\/08\/BrychtaJan_UCI_WC_Glasgow_20230809_120858_DSC_4100-894x1024.jpg\" alt=\"\" class=\"wp-image-26607\"\/><\/figure>\n\n\n\n<figure class=\"wp-block-image size-large\"><img loading=\"lazy\" decoding=\"async\" width=\"1024\" height=\"803\" src=\"https:\/\/www.czechcyclingfederation.com\/wp-content\/uploads\/2023\/08\/0b0611e2-5e52-47ad-be6c-a15db0aa2c21-1-1024x803.jpg\" alt=\"\" class=\"wp-image-26613\" srcset=\"https:\/\/www.czechcyclingfederation.com\/wp-content\/uploads\/2023\/08\/0b0611e2-5e52-47ad-be6c-a15db0aa2c21-1-1024x803.jpg 1024w, https:\/\/www.czechcyclingfederation.com\/wp-content\/uploads\/2023\/08\/0b0611e2-5e52-47ad-be6c-a15db0aa2c21-1-255x200.jpg 255w, https:\/\/www.czechcyclingfederation.com\/wp-content\/uploads\/2023\/08\/0b0611e2-5e52-47ad-be6c-a15db0aa2c21-1-768x603.jpg 768w, https:\/\/www.czechcyclingfederation.com\/wp-content\/uploads\/2023\/08\/0b0611e2-5e52-47ad-be6c-a15db0aa2c21-1-1320x1036.jpg 1320w, https:\/\/www.czechcyclingfederation.com\/wp-content\/uploads\/2023\/08\/0b0611e2-5e52-47ad-be6c-a15db0aa2c21-1.jpg 1500w\" sizes=\"auto, (max-width: 1024px) 100vw, 1024px\" \/><\/figure>\n","protected":false},"excerpt":{"rendered":"<p>Mistrovstv\u00ed sv\u011bta v para cyklistice dnes pokra\u010dovalo z\u00e1vody s hromadn\u00fdm startem a \u010desk\u00fdm reprezentant\u016fm se op\u011bt da\u0159ilo! Pro sv\u016fj ji\u017e druh\u00fd duhov\u00fd dres mistryn\u011b sv\u011bta si dojela v dopoledn\u00edm programu tricyklistka Pavl\u00edna Vejvodov\u00e1 (WT1)! Sv\u00fdm soupe\u0159k\u00e1m odjela hned po startu a postupn\u011b sb\u00edrala vte\u0159iny a minuty n\u00e1skoku, a\u017e to bylo \u00factyhodn\u00fdch 7 minut p\u0159i projet\u00ed [&hellip;]<\/p>\n","protected":false},"author":3,"featured_media":26607,"comment_status":"closed","ping_status":"open","sticky":false,"template":"","format":"standard","meta":{"footnotes":""},"categories":[2,99],"tags":[405],"class_list":["post-26612","post","type-post","status-publish","format-standard","has-post-thumbnail","hentry","category-novinky","category-paracyklistika","tag-para"],"_links":{"self":[{"href":"https:\/\/www.czechcyclingfederation.com\/en\/wp-json\/wp\/v2\/posts\/26612","targetHints":{"allow":["GET"]}}],"collection":[{"href":"https:\/\/www.czechcyclingfederation.com\/en\/wp-json\/wp\/v2\/posts"}],"about":[{"href":"https:\/\/www.czechcyclingfederation.com\/en\/wp-json\/wp\/v2\/types\/post"}],"author":[{"embeddable":true,"href":"https:\/\/www.czechcyclingfederation.com\/en\/wp-json\/wp\/v2\/users\/3"}],"replies":[{"embeddable":true,"href":"https:\/\/www.czechcyclingfederation.com\/en\/wp-json\/wp\/v2\/comments?post=26612"}],"version-history":[{"count":2,"href":"https:\/\/www.czechcyclingfederation.com\/en\/wp-json\/wp\/v2\/posts\/26612\/revisions"}],"predecessor-version":[{"id":26617,"href":"https:\/\/www.czechcyclingfederation.com\/en\/wp-json\/wp\/v2\/posts\/26612\/revisions\/26617"}],"wp:featuredmedia":[{"embeddable":true,"href":"https:\/\/www.czechcyclingfederation.com\/en\/wp-json\/wp\/v2\/media\/26607"}],"wp:attachment":[{"href":"https:\/\/www.czechcyclingfederation.com\/en\/wp-json\/wp\/v2\/media?parent=26612"}],"wp:term":[{"taxonomy":"category","embeddable":true,"href":"https:\/\/www.czechcyclingfederation.com\/en\/wp-json\/wp\/v2\/categories?post=26612"},{"taxonomy":"post_tag","embeddable":true,"href":"https:\/\/www.czechcyclingfederation.com\/en\/wp-json\/wp\/v2\/tags?post=26612"}],"curies":[{"name":"wp","href":"https:\/\/api.w.org\/{rel}","templated":true}]}}