{"id":2654,"date":"2020-10-12T21:35:24","date_gmt":"2020-10-12T19:35:24","guid":{"rendered":"http:\/\/www.czechcyclingfederation.com\/?p=2654"},"modified":"2020-10-18T19:52:08","modified_gmt":"2020-10-18T17:52:08","slug":"cechman-je-mistrem-evropy-ve-sprintu","status":"publish","type":"post","link":"https:\/\/www.czechcyclingfederation.com\/en\/cechman-je-mistrem-evropy-ve-sprintu\/","title":{"rendered":"\u010cechman je mistrem Evropy ve sprintu"},"content":{"rendered":"\n<p>\u010cesk\u00e1 republika m\u00e1 evropsk\u00e9ho \u0161ampiona ve sprintu. Zlato v kr\u00e1lovsk\u00e9 sprintersk\u00e9 discipl\u00edn\u011b vybojoval na Velodromu Attilia Pavesiho v italsk\u00e9 Fiorenzuole v kategorii U23 jedenadvacetilet\u00fd Martin \u010cechman z Dukly Brno. Po st\u0159\u00edbru z t\u00fdmov\u00e9ho sprintu, kter\u00fd vyjel spolu s Mat\u011bjem Bohusl\u00e1vkem a Jakubem \u0160\u0165astn\u00fdm, se \u010cechman do\u010dkal vytou\u017een\u00e9ho zlata a zazp\u00edval si na stupn\u00edch v\u00edt\u011bz\u016f \u010deskou hymnu. \u201eU\u017eil jsem si ji, je to sen. Doufal jsem, \u017ee si ji po dlouh\u00e9 dob\u011b v\u0161ichni zazp\u00edv\u00e1me a vy\u0161lo to,\u201c radoval se.<\/p>\n\n\n\n<p>Cesta ke zlatu le byla hodn\u011b slo\u017eit\u00e1. \u010cechman v kvalifikaci na dv\u011b st\u011b metr\u016f s letm\u00fdm startem zajel a\u017e sedm\u00fd \u010das 10,641 sekundy. Na suver\u00e9nn\u00edho Rusa Michaila Jakovleva ztr\u00e1cel propastn\u00fdch \u0161est desetin sekundy. \u201eMarty si kuri\u00f3zn\u00ed p\u0159\u00edhodou pro\u0161el cel\u00fdm pavoukem odspodu. Omylem jsme mu dali na dvoustovku leh\u010d\u00ed p\u0159evod, tud\u00ed\u017e \u010das nebyl podle p\u0159edstav. Ale Marty se toho chopil jako v\u00fdzvy a p\u0159etavil ve svou v\u00fdhodu. Pro n\u011bho byl nejt\u011b\u017e\u0161\u00ed z\u00e1vod \u010dtvrtfin\u00e1le, byl fyzicky unaven\u00fd a musel se hrozn\u011b p\u0159emlouvat, ale poda\u0159ilo se mu to zlomit a pak to \u0161lo dob\u0159e. Bylo vid\u011bt, \u017ee si v\u011b\u0159\u00ed,\u201c popsal rozpolo\u017een\u00ed sv\u00e9ho sv\u011b\u0159ence tren\u00e9r sprintersk\u00e9 reprezentace do 23 let Lubom\u00edr Vojta.<\/p>\n\n\n\n<p>Ve \u010dtvrtfin\u00e1le a\u017e ve t\u0159ech j\u00edzd\u00e1ch \u010cechman p\u0159emohl Antona Hohneho z N\u011bmecka, druh\u00e9ho mu\u017ee kvalifikace. V semifin\u00e1le si pak ve dvou j\u00edzd\u00e1ch poradil s Danilem Burlakem z Ruska. \u201eJel jsem \u00fapln\u011b ka\u017edou j\u00edzdu tot\u00e1ln\u011b naplno, soupe\u0159i byli hod\u011b dob\u0159e p\u0159ipraven\u00ed a nebylo v\u016fbec jednoduch\u00e9 zv\u00edt\u011bzit nad k\u00fdmkoli. \u010c\u00edm d\u00e1l jsem v z\u00e1vod\u011b byl, c\u00edtil se l\u00edp. Fin\u00e1le u\u017e bylo za odm\u011bnu,\u201c \u0159\u00edkal dr\u00e1ha\u0159 z Ostrova na Karlovarsko.<\/p>\n\n\n\n<p>Ve fin\u00e1le porazil rusk\u00e9ho favorita Jakovleva 2:1 na v\u00edt\u011bzn\u00e9 j\u00edzdy. \u201eTe\u010f se mi nehon\u00ed hlavou nic. Je mi hodn\u011b dob\u0159e, po dlouh\u00e9 dob\u011b mi v\u0161echno vy\u0161lo. P\u0159itom cesta k z\u00e1vodu byla hodn\u011b trnit\u00e1. M\u011bs\u00edc p\u0159ed z\u00e1vodem n\u00e1m \u0159ekli, \u017ee nebude, pak \u017ee bude, potom \u017ee bude n\u011bkde jinde, nebyl jsem z toho pozitivn\u011b nalad\u011bn\u00fd, ale vy\u0161lo to bezvadn\u011b. Cht\u011bl jsem medaili, doufal jsem, \u017ee bude nejcenn\u011bj\u0161\u00ed a m\u00e1m ji,\u201c rozpl\u00fdval se nov\u00fd mistr Evropy.<\/p>\n\n\n\n<p>Prvn\u00ed j\u00edzdu ve fin\u00e1le neusp\u011bl, v dal\u0161\u00edch ale prok\u00e1zal v\u011bt\u0161\u00ed odhodl\u00e1n\u00ed i v\u00fddr\u017e. \u201eUp\u0159\u00edmn\u011b, jsem soupe\u0159e prokoukl brzy. Disponuje velk\u00fdm v\u00fdkonem, ale takticky nen\u00ed \u00fapln\u011b nejlep\u0161\u00ed. Jezdil na m\u011b v\u0161echno stejn\u011b, tak\u017ee z\u00e1le\u017eelo pouze na m\u011b, jak\u00e9 si to s n\u00edm ud\u011bl\u00e1m,\u201c byl spokojen\u00fd \u010cechman.<\/p>\n\n\n\n<p>Poka\u017ed\u00e9 pak za\u00fato\u010dil ze druh\u00e9 pozice a radoval se ze zlat\u00e9 medaile. \u201eSprint je kr\u00e1lovsk\u00e1 discipl\u00edna, ke kter\u00e9 v\u0161ichni sprinte\u0159i vzhl\u00ed\u017eej\u00ed. Nen\u00ed jen o v\u00fdkonu, ale tak\u00e9 o taktice, kter\u00e1 se te\u010f uk\u00e1zala d\u016fle\u017eit\u00e1. Jakovlev vyhr\u00e1l kvalifikaci s velk\u00fdm n\u00e1skokem, p\u0159esto jej Martin p\u0159ed\u010dil. Den je dlouh\u00fd a nen\u00ed o jedin\u00e9m v\u00fdkonu,\u201c poznamenal kou\u010d brn\u011bnsk\u00e9 Dukly Vojta, jeho\u017e dal\u0161\u00ed sv\u011b\u0159enec Jakub \u0160\u0165astn\u00e1 byl dev\u00e1t\u00fd.<\/p>\n\n\n\n<p>Do elitn\u00ed des\u00edtky se probojovaly je\u0161t\u011b v kategorii U23 Petra \u0160ev\u010d\u00edkov\u00e1 a Kate\u0159ina Kohoutkov\u00e1, kter\u00e9 obsadily p\u00e1t\u00e9 m\u00edsto v madisonu, ve stejn\u00e9 discipl\u00edn\u011b juniorek byly Krist\u00fdna Burlov\u00e1 a Veronika Barton\u00edkov\u00e1 sedm\u00e9.<\/p>\n\n\n\n<p>V\u00fdsledky:<\/p>\n\n\n\n<p>Mu\u017ei U23:<\/p>\n\n\n\n<p>Sprint:<\/p>\n\n\n\n<p>Fin\u00e1le: \u010cechman (\u010cR) &#8211; Jakovlev (Rus.) 2:1, o 3. m\u00edsto: Livanos (\u0158ec.) &#8211; Burlakov (Rus.) 2:0, &#8230;9. \u0160\u0165astn\u00fd (\u010cR).<\/p>\n\n\n\n<p>Scratch:<\/p>\n\n\n\n<p>1. Rudyk (Pol.), 2. Leritao (Port.), 3. Dens (Belg.), &#8230;14. Babor (\u010cR).<\/p>\n\n\n\n<p>Junio\u0159i:<\/p>\n\n\n\n<p>Bodovac\u00ed z\u00e1vod:<\/p>\n\n\n\n<p>1. Kretschy (N\u011bm.) 31, 2. Christen (\u0160v\u00fdc.) 28, 3. Hansen (D\u00e1n.) 20, &#8230;13. V\u00e1vra (\u010cR) -18.<\/p>\n\n\n\n<p>Keirin:<\/p>\n\n\n\n<p>1. Danyl\u010duk (Ukr.), 2. Gross (N\u011bm.), 3. Fortis (\u0160v\u00fdc.), &#8230;10. Pag\u00e1\u010d (\u010cR).<\/p>\n\n\n\n<p>Madison:<\/p>\n\n\n\n<p>1. T. Andresen, K. Andresen (D\u00e1n.) 37, 2. Gual, Rossello (\u0160p.) 25, 3. Teutenberg, Vandenbranden (Belg.) 25, &#8230;11. \u010cekal, \u0160irok\u00fd (\u010cR) 5.<\/p>\n\n\n\n<p>Juniorky:<\/p>\n\n\n\n<p>Bodovac\u00ed z\u00e1vod:<\/p>\n\n\n\n<p>1. de Clercqov\u00e1 (Belg.) 26, 2. Camposov\u00e1 (Port.) 23, 3. Hengeveldov\u00e1 (Niz.) 21, &#8230;10. B\u00e1rtov\u00e1 (\u010cR) -14.<\/p>\n\n\n\n<p>Keirin:<\/p>\n\n\n\n<p>1. Lysenkov\u00e1 (Rus.), 2. Kouameov\u00e1 (Fr.), 3. Bileck\u00e1 (Ukr.), &#8230;9. Barton\u00edkov\u00e1 (\u010cR).<\/p>\n\n\n\n<p>Madison:<\/p>\n\n\n\n<p>1. van Hoveov\u00e1, de Clercqov\u00e1 (Belg.) 31, 2. Wielowsk\u00e1, Olejniczakov\u00e1 (Pol.) 23, 3. Crestanellov\u00e1, Basilicov\u00e1 (It.) 23, &#8230;7. Burlov\u00e1, Barton\u00edkov\u00e1 (\u010cR) 6.<\/p>\n\n\n\n<p>Bodovac\u00ed z\u00e1vod:<\/p>\n\n\n\n<p>1. Zanardiov\u00e1 (It.) 61, 2. Bossuytov\u00e1 (Belg.) 40, 3. Brausseov\u00e1 (N\u011bm) 33, &#8230;12. Kohoutkov\u00e1 (\u010cR) 0.<\/p>\n\n\n\n<p>Madison:<\/p>\n\n\n\n<p>1. Consoniov\u00e1, Fidanzaov\u00e1 (It.) 44, 2. Teutenbergov\u00e1, Brausseov\u00e1 (N\u011bm.) 26, 3. W. Pikulikov\u00e1, Lorkowsk\u00e1 (Pol.) 22, &#8230;5. \u0160ev\u010d\u00edkov\u00e1, Kohoutkov\u00e1 (\u010cR) 18.<\/p>\n\n\n\n<p>FOTO Martin Straka<\/p>\n\n\n\n<figure class=\"wp-block-image size-large\"><img loading=\"lazy\" decoding=\"async\" width=\"1024\" height=\"736\" src=\"https:\/\/www.czechcyclingfederation.com\/wp-content\/uploads\/2020\/10\/MAS_1230-1024x736.jpg\" alt=\"\" class=\"wp-image-2656\" srcset=\"https:\/\/www.czechcyclingfederation.com\/wp-content\/uploads\/2020\/10\/MAS_1230-1024x736.jpg 1024w, https:\/\/www.czechcyclingfederation.com\/wp-content\/uploads\/2020\/10\/MAS_1230-278x200.jpg 278w, https:\/\/www.czechcyclingfederation.com\/wp-content\/uploads\/2020\/10\/MAS_1230-768x552.jpg 768w, https:\/\/www.czechcyclingfederation.com\/wp-content\/uploads\/2020\/10\/MAS_1230-1536x1103.jpg 1536w, https:\/\/www.czechcyclingfederation.com\/wp-content\/uploads\/2020\/10\/MAS_1230-1320x948.jpg 1320w, https:\/\/www.czechcyclingfederation.com\/wp-content\/uploads\/2020\/10\/MAS_1230.jpg 2020w\" sizes=\"auto, (max-width: 1024px) 100vw, 1024px\" \/><\/figure>\n\n\n\n<figure class=\"wp-block-image size-large\"><img loading=\"lazy\" decoding=\"async\" width=\"1024\" height=\"721\" src=\"https:\/\/www.czechcyclingfederation.com\/wp-content\/uploads\/2020\/10\/MAS_1311-1024x721.jpg\" alt=\"\" class=\"wp-image-2657\" srcset=\"https:\/\/www.czechcyclingfederation.com\/wp-content\/uploads\/2020\/10\/MAS_1311-1024x721.jpg 1024w, https:\/\/www.czechcyclingfederation.com\/wp-content\/uploads\/2020\/10\/MAS_1311-284x200.jpg 284w, https:\/\/www.czechcyclingfederation.com\/wp-content\/uploads\/2020\/10\/MAS_1311-768x541.jpg 768w, https:\/\/www.czechcyclingfederation.com\/wp-content\/uploads\/2020\/10\/MAS_1311-1536x1082.jpg 1536w, https:\/\/www.czechcyclingfederation.com\/wp-content\/uploads\/2020\/10\/MAS_1311-1320x930.jpg 1320w, https:\/\/www.czechcyclingfederation.com\/wp-content\/uploads\/2020\/10\/MAS_1311.jpg 2020w\" sizes=\"auto, (max-width: 1024px) 100vw, 1024px\" \/><\/figure>\n\n\n\n<figure class=\"wp-block-image size-large\"><img loading=\"lazy\" decoding=\"async\" width=\"1024\" height=\"702\" src=\"https:\/\/www.czechcyclingfederation.com\/wp-content\/uploads\/2020\/10\/MAS_1251-1024x702.jpg\" alt=\"\" class=\"wp-image-2658\" srcset=\"https:\/\/www.czechcyclingfederation.com\/wp-content\/uploads\/2020\/10\/MAS_1251-1024x702.jpg 1024w, https:\/\/www.czechcyclingfederation.com\/wp-content\/uploads\/2020\/10\/MAS_1251-292x200.jpg 292w, https:\/\/www.czechcyclingfederation.com\/wp-content\/uploads\/2020\/10\/MAS_1251-768x526.jpg 768w, https:\/\/www.czechcyclingfederation.com\/wp-content\/uploads\/2020\/10\/MAS_1251-1536x1052.jpg 1536w, https:\/\/www.czechcyclingfederation.com\/wp-content\/uploads\/2020\/10\/MAS_1251-1320x904.jpg 1320w, https:\/\/www.czechcyclingfederation.com\/wp-content\/uploads\/2020\/10\/MAS_1251.jpg 2020w\" sizes=\"auto, (max-width: 1024px) 100vw, 1024px\" \/><\/figure>\n","protected":false},"excerpt":{"rendered":"<p>\u010cesk\u00e1 republika m\u00e1 evropsk\u00e9ho \u0161ampiona ve sprintu. Zlato v kr\u00e1lovsk\u00e9 sprintersk\u00e9 discipl\u00edn\u011b vybojoval na Velodromu Attilia Pavesiho v italsk\u00e9 Fiorenzuole v kategorii U23 jedenadvacetilet\u00fd Martin \u010cechman z Dukly Brno. Po st\u0159\u00edbru z t\u00fdmov\u00e9ho sprintu, kter\u00fd vyjel spolu s Mat\u011bjem Bohusl\u00e1vkem a Jakubem \u0160\u0165astn\u00fdm, se \u010cechman do\u010dkal vytou\u017een\u00e9ho zlata a zazp\u00edval si na stupn\u00edch v\u00edt\u011bz\u016f \u010deskou [&hellip;]<\/p>\n","protected":false},"author":8,"featured_media":2655,"comment_status":"closed","ping_status":"open","sticky":false,"template":"","format":"standard","meta":{"footnotes":""},"categories":[54,2,103],"tags":[9],"class_list":["post-2654","post","type-post","status-publish","format-standard","has-post-thumbnail","hentry","category-draha","category-novinky","category-reprezentace","tag-draha"],"_links":{"self":[{"href":"https:\/\/www.czechcyclingfederation.com\/en\/wp-json\/wp\/v2\/posts\/2654","targetHints":{"allow":["GET"]}}],"collection":[{"href":"https:\/\/www.czechcyclingfederation.com\/en\/wp-json\/wp\/v2\/posts"}],"about":[{"href":"https:\/\/www.czechcyclingfederation.com\/en\/wp-json\/wp\/v2\/types\/post"}],"author":[{"embeddable":true,"href":"https:\/\/www.czechcyclingfederation.com\/en\/wp-json\/wp\/v2\/users\/8"}],"replies":[{"embeddable":true,"href":"https:\/\/www.czechcyclingfederation.com\/en\/wp-json\/wp\/v2\/comments?post=2654"}],"version-history":[{"count":1,"href":"https:\/\/www.czechcyclingfederation.com\/en\/wp-json\/wp\/v2\/posts\/2654\/revisions"}],"predecessor-version":[{"id":2659,"href":"https:\/\/www.czechcyclingfederation.com\/en\/wp-json\/wp\/v2\/posts\/2654\/revisions\/2659"}],"wp:featuredmedia":[{"embeddable":true,"href":"https:\/\/www.czechcyclingfederation.com\/en\/wp-json\/wp\/v2\/media\/2655"}],"wp:attachment":[{"href":"https:\/\/www.czechcyclingfederation.com\/en\/wp-json\/wp\/v2\/media?parent=2654"}],"wp:term":[{"taxonomy":"category","embeddable":true,"href":"https:\/\/www.czechcyclingfederation.com\/en\/wp-json\/wp\/v2\/categories?post=2654"},{"taxonomy":"post_tag","embeddable":true,"href":"https:\/\/www.czechcyclingfederation.com\/en\/wp-json\/wp\/v2\/tags?post=2654"}],"curies":[{"name":"wp","href":"https:\/\/api.w.org\/{rel}","templated":true}]}}