{"id":26502,"date":"2023-08-06T15:54:16","date_gmt":"2023-08-06T13:54:16","guid":{"rendered":"https:\/\/www.czechcyclingfederation.com\/?p=26502"},"modified":"2023-08-06T15:54:18","modified_gmt":"2023-08-06T13:54:18","slug":"junior-stepan-zahalka-vyhral-regionem-orlicka","status":"publish","type":"post","link":"https:\/\/www.czechcyclingfederation.com\/en\/junior-stepan-zahalka-vyhral-regionem-orlicka\/","title":{"rendered":"Junior \u0160t\u011bp\u00e1n Zah\u00e1lka vyhr\u00e1l Regionem Orlicka"},"content":{"rendered":"\n<p>V\u00edt\u011bzem 37. ro\u010dn\u00edk mezin\u00e1rodn\u00edho cyklistick\u00e9ho z\u00e1vodu junior\u016f Regionem Orlicka Lan\u0161kroun 2023 se stal \u010desk\u00fd mlad\u00edk \u0160t\u011bp\u00e1n Zah\u00e1lka z\u00a0t\u00fdmu Mapei Merida Ka\u0148kovsk\u00fd.\u00a0 Na druh\u00e9m m\u00edst\u011b se ztr\u00e1tou 26 vte\u0159in skon\u010dil Paul Gremer z\u00a0N\u011bmecka.<\/p>\n\n\n\n<p>\u010cesk\u00fdm junior\u016fm se v\u00a0z\u00e1vod\u011b da\u0159ilo. V\u00a0prvn\u00ed etap\u011b skon\u010dil Jan Poda\u0159il (Mapei Merida Ka\u0148kovsk\u00fd) druh\u00fd. Rozhodlo se ve t\u0159et\u00ed etap\u011b, kdy dvojice Zah\u00e1lka \u2013 Albrecht p\u0159ijela do c\u00edle s\u00a0minutov\u00fdm n\u00e1skokem p\u0159ed soupe\u0159i. Zah\u00e1lka si v\u00a0z\u00e1v\u011bre\u010dn\u00e9 \u010dtvrt\u00e9 etap\u011b \u017elut\u00fd trikot pohl\u00eddal a v\u00a0c\u00edli etapy slavil v\u00edt\u011bzstv\u00ed Richard Kobr (Roman Kreuziger Cycling Academy), za n\u00edm spurtoval Filip Samec (Rexonix KOVO Praha.<\/p>\n\n\n\n<figure class=\"wp-block-image size-full\"><img loading=\"lazy\" decoding=\"async\" width=\"782\" height=\"1024\" src=\"http:\/\/www.czechcyclingfederation.com\/wp-content\/uploads\/2023\/08\/Obrazek-WhatsApp-2023-08-06-v-12.32.15-1.jpg\" alt=\"\" class=\"wp-image-26507\" srcset=\"https:\/\/www.czechcyclingfederation.com\/wp-content\/uploads\/2023\/08\/Obrazek-WhatsApp-2023-08-06-v-12.32.15-1.jpg 782w, https:\/\/www.czechcyclingfederation.com\/wp-content\/uploads\/2023\/08\/Obrazek-WhatsApp-2023-08-06-v-12.32.15-1-153x200.jpg 153w, https:\/\/www.czechcyclingfederation.com\/wp-content\/uploads\/2023\/08\/Obrazek-WhatsApp-2023-08-06-v-12.32.15-1-768x1006.jpg 768w\" sizes=\"auto, (max-width: 782px) 100vw, 782px\" \/><\/figure>\n\n\n\n<p>V\u00fdsledky.<\/p>\n\n\n\n<p>1. etapa (102,2 km):<\/p>\n\n\n\n<p>1. Langer (Pol.) 2:27:47, 2. Poda\u0159il (Mapei Merida Ka\u0148kovsk\u00fd), 3. Vrbik (SR), 4. Pol\u00e1k (LAWI Junior Team), 5. Brad\u00e1\u010d (Dukla Praha), 6. Marut (Pol.), 7. Elbardi (Dukla Praha), &#8230;10. D. \u0160ilhav\u00fd (Rexonix KOVO Praha) v\u0161ichni +16.<\/p>\n\n\n\n<p>&nbsp;2. etapa (\u010dasovka na 9,2 km):<\/p>\n\n\n\n<p>1. Sorbian (Pol.) 11:57, 2. L\u00fcdemann +2, 3. Germer (oba N\u011bm.) +4, 4. Zah\u00e1lka (Mapei Merida Ka\u0148kovsk\u00fd) +4, 5. Pe\u0161ek (Roman Kreuziger Cycling Academy), 6. Kocur (Pol.) oba +6.<\/p>\n\n\n\n<p>3. etapa (95,4 km):<\/p>\n\n\n\n<p>1. Zah\u00e1lka 2:27:13, 2. Albrecht (N\u011bm.) stejn\u00fd \u010das, 3. Poda\u0159il, 4. Bittman (Rexonix KOVO Praha), 5. Kuba (Dukla Praha), 6. Engelhart (N\u011bm.), &#8230;8. Rube\u0161 (Expres CZ TUFO Team Kol\u00edn) v\u0161ichni +1:00.<\/p>\n\n\n\n<p>4. etapa (85,1 km):<\/p>\n\n\n\n<p>1. Rich. Kobr 2:09:57, 2. Samec (Rexonix KOVO Praha), 3. Albrecht, 4. Pol\u00e1k (LAWI Junior Team), 5. Bittman, 6. Seidl (Jaroslav Kulhav\u00fd Cycling Team), 7. Brad\u00e1\u010d, &#8230;10. Kuba v\u0161ichni stejn\u00fd \u010das.<\/p>\n\n\n\n<p>Kone\u010dn\u00e9 po\u0159ad\u00ed:<\/p>\n\n\n\n<p>1. Zah\u00e1lka 7:17:48, 2. Gremer (N\u011bm.) +26, 3. Kocur (Pol.) +27, 4. Albrecht +37, 5. Rintsch (N\u011bm.) +42, 6. Daleck\u00fd (TJ Favorit Brno MIX) +43, 7. Kuba +45, 8. Bittman +49, &#8230;10. Hrdli\u010dka (Mapei Merida Ka\u0148kovsk\u00fd) +1:23, 11. Poda\u0159il +1:23, 12. D. \u0160ilhav\u00fd +1:29, 13. Soukup +1:31, 14. Sedl\u00e1k (Mapei Merida Ka\u0148kovsk\u00fd) +1:34, 16. Rube\u0161 +1:41, 18. Mayer (Rexonix KOBVO Praha) +1:52, 20. Pe\u0161ek +2:36.<\/p>\n\n\n\n<figure class=\"wp-block-image size-full\"><img loading=\"lazy\" decoding=\"async\" width=\"750\" height=\"422\" src=\"http:\/\/www.czechcyclingfederation.com\/wp-content\/uploads\/2023\/08\/230619-regionem.jpg\" alt=\"\" class=\"wp-image-26503\" srcset=\"https:\/\/www.czechcyclingfederation.com\/wp-content\/uploads\/2023\/08\/230619-regionem.jpg 750w, https:\/\/www.czechcyclingfederation.com\/wp-content\/uploads\/2023\/08\/230619-regionem-300x169.jpg 300w\" sizes=\"auto, (max-width: 750px) 100vw, 750px\" \/><\/figure>\n","protected":false},"excerpt":{"rendered":"<p>V\u00edt\u011bzem 37. ro\u010dn\u00edk mezin\u00e1rodn\u00edho cyklistick\u00e9ho z\u00e1vodu junior\u016f Regionem Orlicka Lan\u0161kroun 2023 se stal \u010desk\u00fd mlad\u00edk \u0160t\u011bp\u00e1n Zah\u00e1lka z\u00a0t\u00fdmu Mapei Merida Ka\u0148kovsk\u00fd.\u00a0 Na druh\u00e9m m\u00edst\u011b se ztr\u00e1tou 26 vte\u0159in skon\u010dil Paul Gremer z\u00a0N\u011bmecka. \u010cesk\u00fdm junior\u016fm se v\u00a0z\u00e1vod\u011b da\u0159ilo. V\u00a0prvn\u00ed etap\u011b skon\u010dil Jan Poda\u0159il (Mapei Merida Ka\u0148kovsk\u00fd) druh\u00fd. Rozhodlo se ve t\u0159et\u00ed etap\u011b, kdy dvojice Zah\u00e1lka \u2013 [&hellip;]<\/p>\n","protected":false},"author":8,"featured_media":26509,"comment_status":"closed","ping_status":"open","sticky":false,"template":"","format":"standard","meta":{"footnotes":""},"categories":[2,18],"tags":[11],"class_list":["post-26502","post","type-post","status-publish","format-standard","has-post-thumbnail","hentry","category-novinky","category-silnice","tag-silnice"],"_links":{"self":[{"href":"https:\/\/www.czechcyclingfederation.com\/en\/wp-json\/wp\/v2\/posts\/26502","targetHints":{"allow":["GET"]}}],"collection":[{"href":"https:\/\/www.czechcyclingfederation.com\/en\/wp-json\/wp\/v2\/posts"}],"about":[{"href":"https:\/\/www.czechcyclingfederation.com\/en\/wp-json\/wp\/v2\/types\/post"}],"author":[{"embeddable":true,"href":"https:\/\/www.czechcyclingfederation.com\/en\/wp-json\/wp\/v2\/users\/8"}],"replies":[{"embeddable":true,"href":"https:\/\/www.czechcyclingfederation.com\/en\/wp-json\/wp\/v2\/comments?post=26502"}],"version-history":[{"count":1,"href":"https:\/\/www.czechcyclingfederation.com\/en\/wp-json\/wp\/v2\/posts\/26502\/revisions"}],"predecessor-version":[{"id":26511,"href":"https:\/\/www.czechcyclingfederation.com\/en\/wp-json\/wp\/v2\/posts\/26502\/revisions\/26511"}],"wp:featuredmedia":[{"embeddable":true,"href":"https:\/\/www.czechcyclingfederation.com\/en\/wp-json\/wp\/v2\/media\/26509"}],"wp:attachment":[{"href":"https:\/\/www.czechcyclingfederation.com\/en\/wp-json\/wp\/v2\/media?parent=26502"}],"wp:term":[{"taxonomy":"category","embeddable":true,"href":"https:\/\/www.czechcyclingfederation.com\/en\/wp-json\/wp\/v2\/categories?post=26502"},{"taxonomy":"post_tag","embeddable":true,"href":"https:\/\/www.czechcyclingfederation.com\/en\/wp-json\/wp\/v2\/tags?post=26502"}],"curies":[{"name":"wp","href":"https:\/\/api.w.org\/{rel}","templated":true}]}}