{"id":265,"date":"2020-05-28T02:31:49","date_gmt":"2020-05-28T00:31:49","guid":{"rendered":"http:\/\/www.czechcyclingfederation.com\/?p=265"},"modified":"2020-07-16T13:41:21","modified_gmt":"2020-07-16T11:41:21","slug":"uci-prijima-radu-opatreni-a-celi-nasledkum-covid19","status":"publish","type":"post","link":"https:\/\/www.czechcyclingfederation.com\/en\/uci-prijima-radu-opatreni-a-celi-nasledkum-covid19\/","title":{"rendered":"UCI p\u0159ij\u00edm\u00e1 \u0159adu opat\u0159en\u00ed a \u010del\u00ed n\u00e1sledk\u016fm Covid19"},"content":{"rendered":"\n<p>V\u00edce infomac\u00ed naleznete v odkazu n\u00ed\u017ee:<\/p>\n\n\n\n<p><a href=\"https:\/\/www.uci.org\/inside-uci\/press-releases\/the-uci-adopts-a-series-of-measures-to-confront-the-effects-of-the-coronavirus-on-cycling-and-the-federation\">https:\/\/www.uci.org\/inside-uci\/press-releases\/the-uci-adopts-a-series-of-measures-to-confront-the-effects-of-the-coronavirus-on-cycling-and-the-federation<\/a><\/p>\n","protected":false},"excerpt":{"rendered":"<p>V\u00edce infomac\u00ed naleznete v odkazu n\u00ed\u017ee: https:\/\/www.uci.org\/inside-uci\/press-releases\/the-uci-adopts-a-series-of-measures-to-confront-the-effects-of-the-coronavirus-on-cycling-and-the-federation<\/p>\n","protected":false},"author":1,"featured_media":81,"comment_status":"closed","ping_status":"open","sticky":false,"template":"","format":"standard","meta":{"footnotes":""},"categories":[2],"tags":[56],"class_list":["post-265","post","type-post","status-publish","format-standard","has-post-thumbnail","hentry","category-novinky","tag-uci"],"_links":{"self":[{"href":"https:\/\/www.czechcyclingfederation.com\/en\/wp-json\/wp\/v2\/posts\/265","targetHints":{"allow":["GET"]}}],"collection":[{"href":"https:\/\/www.czechcyclingfederation.com\/en\/wp-json\/wp\/v2\/posts"}],"about":[{"href":"https:\/\/www.czechcyclingfederation.com\/en\/wp-json\/wp\/v2\/types\/post"}],"author":[{"embeddable":true,"href":"https:\/\/www.czechcyclingfederation.com\/en\/wp-json\/wp\/v2\/users\/1"}],"replies":[{"embeddable":true,"href":"https:\/\/www.czechcyclingfederation.com\/en\/wp-json\/wp\/v2\/comments?post=265"}],"version-history":[{"count":1,"href":"https:\/\/www.czechcyclingfederation.com\/en\/wp-json\/wp\/v2\/posts\/265\/revisions"}],"predecessor-version":[{"id":266,"href":"https:\/\/www.czechcyclingfederation.com\/en\/wp-json\/wp\/v2\/posts\/265\/revisions\/266"}],"wp:featuredmedia":[{"embeddable":true,"href":"https:\/\/www.czechcyclingfederation.com\/en\/wp-json\/wp\/v2\/media\/81"}],"wp:attachment":[{"href":"https:\/\/www.czechcyclingfederation.com\/en\/wp-json\/wp\/v2\/media?parent=265"}],"wp:term":[{"taxonomy":"category","embeddable":true,"href":"https:\/\/www.czechcyclingfederation.com\/en\/wp-json\/wp\/v2\/categories?post=265"},{"taxonomy":"post_tag","embeddable":true,"href":"https:\/\/www.czechcyclingfederation.com\/en\/wp-json\/wp\/v2\/tags?post=265"}],"curies":[{"name":"wp","href":"https:\/\/api.w.org\/{rel}","templated":true}]}}