{"id":26491,"date":"2023-08-05T21:39:08","date_gmt":"2023-08-05T19:39:08","guid":{"rendered":"https:\/\/www.czechcyclingfederation.com\/?p=26491"},"modified":"2023-08-05T21:39:11","modified_gmt":"2023-08-05T19:39:11","slug":"3-den-ms-a-junior-kral-dvanacty-v-silnicnim-zavode","status":"publish","type":"post","link":"https:\/\/www.czechcyclingfederation.com\/en\/3-den-ms-a-junior-kral-dvanacty-v-silnicnim-zavode\/","title":{"rendered":"3. den MS a junior Kr\u00e1l dvan\u00e1ct\u00fd v silni\u010dn\u00edm z\u00e1vod\u011b"},"content":{"rendered":"\n<p><strong>Silni\u010dn\u00ed cyklistika<\/strong><\/p>\n\n\n\n<p>Kry\u0161tof Kr\u00e1l se postaral o nejlep\u0161\u00ed \u010desk\u00fd v\u00fdsledek v \u00favodn\u00edch den z\u00e1vod\u016f v silni\u010dn\u00ed cyklistice, kdy\u017e v z\u00e1vod\u011b junior\u016f s hromadn\u00fdm startem obsadil dvan\u00e1ct\u00e9 m\u00edsto. Titul mezi juniory vybojoval 16let\u00fd D\u00e1n Albert Withen Philipsen, kter\u00fd v p\u0159edposledn\u00edm kole zhruba 16 km p\u0159ed c\u00edlem atakoval z vedouc\u00ed 7\u010dlenn\u00e9 skupinky. Ta jela na \u010dele skoro t\u0159i \u010dtvrtiny z\u00e1vodu a dvojn\u00e1sobn\u00e9 zastoupen\u00ed v n\u00ed m\u011bli D\u00e1nov\u00e9 a Norov\u00e9.&nbsp;<\/p>\n\n\n\n<p>Philipsen, kter\u00fd skon\u010dil letos \u010dtvrt\u00fd na Z\u00e1vodu m\u00edru junior\u016f a vyhr\u00e1l bodovac\u00ed sout\u011b\u017e, p\u0159ijel do c\u00edle osamocen, st\u0159\u00edbro vybojoval ve spurtu N\u011bmec Fietzke a bronz Nor Orn-Kristoff. Z \u010cech\u016f si nejl\u00e9pe po\u010d\u00ednal Kr\u00e1l, kter\u00fd ve t\u0159et\u00ed skupin\u011b spurtoval na kone\u010dn\u00e9m 12. m\u00edst\u011b. \u201eTajn\u011b jsem doufal, \u017ee se n\u00e1m povede dojet vedouc\u00ed skupinu, pak by ve spurtu byla \u0161ance na lep\u0161\u00ed v\u00fdsledek. Bohu\u017eel se tam ale moc nespolupracovalo a nedojeli jsme je. To m\u011b velmi mrz\u00ed,\u201c uvedl po z\u00e1vod\u011b Kry\u0161tof Kr\u00e1l. Jeho st\u00e1jov\u00fd kolega z n\u011bmeck\u00e9ho t\u00fdmu Auto-Eder Martin B\u00e1rta skon\u010dil v \u0161est\u00e9 des\u00edtce, Pavel \u0160ump\u00edk ani Jan Bittner z\u00e1vod nedokon\u010dili.<\/p>\n\n\n\n<p>V z\u00e1vod\u011b juniorek, kter\u00fd se jel za de\u0161t\u011b, si na technick\u00fdch okruz\u00edch ulicemi Glasgow nejl\u00e9pe po\u010d\u00ednala Francouzka Julie Begoov\u00e1. Do c\u00edle p\u0159ijela sama d\u00edky \u00fasp\u011b\u0161n\u00e9mu ataku 20 km p\u0159ed c\u00edlem. \u010cesk\u00fdm juniork\u00e1m t\u011b\u017ek\u00fd z\u00e1vod s \u0159adou p\u00e1d\u016f p\u0159\u00edli\u0161 nevy\u0161el. Nela Ka\u0148kovsk\u00e1 obsadila 41. m\u00edsto, Kate\u0159ina Doud\u011brov\u00e1 byla 45. a Ad\u00e9la Pernick\u00e1 nedokon\u010dila kv\u016fli p\u00e1du po kolizi s neuk\u00e1zn\u011bn\u00fdm fanou\u0161kem. Musela do nemocnice a m\u00e1 zlomenou kl\u00ed\u010dn\u00ed kost.<\/p>\n\n\n\n<p><strong>Freestyle BMX Park<\/strong><\/p>\n\n\n\n<p>Sout\u011b\u017ee za\u010daly i reprezentant\u016fm ve freestyle BMX v discipl\u00edn\u011b Park, kde m\u00e1 \u010cesko favoritku na jednu z medail\u00ed Ivetu Miculy\u010dovou. Ta vloni na MS v Ab\u00fa Dhab\u00ed skon\u010dila t\u0159et\u00ed a letos obh\u00e1jila titul mistryn\u011b Evropy.&nbsp;<\/p>\n\n\n\n<p>Program naru\u0161oval d\u00e9\u0161\u0165, tak\u017ee sv\u00e9 j\u00edzdy jeli pouze n\u011bkte\u0159\u00ed mu\u017ei a kvalifikace zbytku plus \u017een byla p\u0159esunuta na ned\u011bli. \u201eChci se dostat do fin\u00e1le. Samoz\u0159ejm\u011b bych r\u00e1da obh\u00e1jila t\u0159et\u00ed m\u00edsto nebo se je\u0161t\u011b zlep\u0161ila, ale v\u00edm, \u017ee to nebude v\u016fbec snadn\u00e9. C\u00edl je fin\u00e1le a potom se uvid\u00ed,\u201c \u0159ekla. Spolu s n\u00ed startuje i Kate\u0159ina Jal\u016fvkov\u00e1.<\/p>\n\n\n\n<p>Mezi mu\u017ei reprezentuj\u00ed \u010cesko Tom\u00e1\u0161 Beran a Martin Habada. Ti sv\u00e9 j\u00edzdy zajet stihli a Beran si v\u00fdkon v kvalifikaci pochvaloval. \u201ePrvn\u00ed j\u00edzdu jsem odjel podle p\u0159edstav, byly tam sice men\u0161\u00ed chyby, ale za m\u011b byla v pohod\u011b. Pak za\u010dalo pr\u0161et, tak\u017ee jsme hodinu sed\u011bli, ale i druh\u00e1 j\u00edzda dopadla dob\u0159e,\u201c uvedl Beran.<\/p>\n\n\n\n<p><strong>Dr\u00e1ha&nbsp;<\/strong><\/p>\n\n\n\n<p>Ve sprintu Martin \u010cechman zajel v kvalifikaci na letm\u00fdch 200 metr\u016f \u010das 9,887 co\u017e jej za\u0159adilo na 24. m\u00edsto a v prvn\u00ed vy\u0159azovac\u00ed j\u00edzd\u011b jej postavilo proti Michailu Jakovlevovi z Izraele. Ten byl nad jeho s\u00edly a \u010cechman tak skon\u010dil. L\u00e9pe si nevedla ani Veronika Jaborn\u00edkov\u00e1 v keirinu. Ve sv\u00e9 j\u00edzd\u011b dojela na posledn\u00edm p\u00e1t\u00e9m m\u00edst\u011b, v oprav\u011b nesta\u010dila na soupe\u0159ky z Japonska a Kanady a byla vy\u0159azena.<\/p>\n\n\n\n<p>V kategorii C2 jedin\u00fd z\u00e1stupce \u010desk\u00e9 para cyklistiky Ivo Koblasa obsadil ve scratchi velmi slu\u0161n\u00e9 sedm\u00e9 m\u00edsto.<\/p>\n\n\n\n<p><strong>MTB<\/strong><\/p>\n\n\n\n<p>Na dr\u00e1ze ve Fort William byly zakon\u010deny z\u00e1vody sjezda\u0159\u016f elitn\u00edmi kategoriemi. Velk\u00e1 sm\u016fla potkala Stanislava Sehnala, kter\u00e9mu t\u011bsn\u011b p\u0159ed jeho startem za\u010dalo velmi siln\u011b pr\u0161et. &#8220;Nav\u00edc mu na prvn\u00edm skoku fouklo do p\u0159edn\u00edho kola a \u0161el k zemi a t\u00edm pro n\u011bj z\u00e1vod skon\u010dil. Chv\u00edli jej zdravotn\u00edci o\u0161et\u0159ovali, ale ji\u017e je relativn\u011b v po\u0159\u00e1dku a jedeme dom\u016f. Takov\u00fd je prost\u011b sjezd. Monika Mixov\u00e1 zajela v r\u00e1mci sv\u00fdch mo\u017enost\u00ed a schopnost\u00ed, ale sp\u00ed\u0161e na\u0161e vystoupen\u00ed lze hodnotit jako ne\u00fasp\u011bch,&#8221; \u0159ekl reprezenta\u010dn\u00ed tren\u00e9r Milan Suchomel.<\/p>\n\n\n\n<p>Nej\u00fasp\u011b\u0161n\u011bj\u0161\u00ed zem\u00ed byli p\u0159ekvapiv\u011b Raku\u0161an\u00e9, z\u00e1vod \u017een vyhr\u00e1la Valentina H\u00f6llov\u00e1. Mezi mu\u017ei za zv\u00edt\u011bzil Brit Charlie Hattononem.<\/p>\n\n\n\n<figure class=\"wp-block-image size-large\"><img loading=\"lazy\" decoding=\"async\" width=\"1024\" height=\"682\" src=\"https:\/\/www.czechcyclingfederation.com\/wp-content\/uploads\/2023\/08\/BrychtaJan_UCI_WC_Glasgow_Habada-1024x682.jpg\" alt=\"\" class=\"wp-image-26494\" srcset=\"https:\/\/www.czechcyclingfederation.com\/wp-content\/uploads\/2023\/08\/BrychtaJan_UCI_WC_Glasgow_Habada-1024x682.jpg 1024w, https:\/\/www.czechcyclingfederation.com\/wp-content\/uploads\/2023\/08\/BrychtaJan_UCI_WC_Glasgow_Habada-300x200.jpg 300w, https:\/\/www.czechcyclingfederation.com\/wp-content\/uploads\/2023\/08\/BrychtaJan_UCI_WC_Glasgow_Habada-768x511.jpg 768w, https:\/\/www.czechcyclingfederation.com\/wp-content\/uploads\/2023\/08\/BrychtaJan_UCI_WC_Glasgow_Habada-1536x1022.jpg 1536w, https:\/\/www.czechcyclingfederation.com\/wp-content\/uploads\/2023\/08\/BrychtaJan_UCI_WC_Glasgow_Habada-2048x1363.jpg 2048w, https:\/\/www.czechcyclingfederation.com\/wp-content\/uploads\/2023\/08\/BrychtaJan_UCI_WC_Glasgow_Habada-1320x879.jpg 1320w\" sizes=\"auto, (max-width: 1024px) 100vw, 1024px\" \/><\/figure>\n\n\n\n<figure class=\"wp-block-image size-large\"><img loading=\"lazy\" decoding=\"async\" width=\"1024\" height=\"682\" src=\"https:\/\/www.czechcyclingfederation.com\/wp-content\/uploads\/2023\/08\/BrychtaJan_UCI_WC_Glasgow_Koblasa-1024x682.jpg\" alt=\"\" class=\"wp-image-26496\" srcset=\"https:\/\/www.czechcyclingfederation.com\/wp-content\/uploads\/2023\/08\/BrychtaJan_UCI_WC_Glasgow_Koblasa-1024x682.jpg 1024w, https:\/\/www.czechcyclingfederation.com\/wp-content\/uploads\/2023\/08\/BrychtaJan_UCI_WC_Glasgow_Koblasa-300x200.jpg 300w, https:\/\/www.czechcyclingfederation.com\/wp-content\/uploads\/2023\/08\/BrychtaJan_UCI_WC_Glasgow_Koblasa-768x511.jpg 768w, https:\/\/www.czechcyclingfederation.com\/wp-content\/uploads\/2023\/08\/BrychtaJan_UCI_WC_Glasgow_Koblasa-1536x1022.jpg 1536w, https:\/\/www.czechcyclingfederation.com\/wp-content\/uploads\/2023\/08\/BrychtaJan_UCI_WC_Glasgow_Koblasa-2048x1363.jpg 2048w, https:\/\/www.czechcyclingfederation.com\/wp-content\/uploads\/2023\/08\/BrychtaJan_UCI_WC_Glasgow_Koblasa-1320x879.jpg 1320w\" sizes=\"auto, (max-width: 1024px) 100vw, 1024px\" \/><\/figure>\n\n\n\n<figure class=\"wp-block-image size-large\"><img loading=\"lazy\" decoding=\"async\" width=\"1024\" height=\"682\" src=\"https:\/\/www.czechcyclingfederation.com\/wp-content\/uploads\/2023\/08\/BrychtaJan_UCI_WC_Glasgow_20230805_194535_DSC_9676-1024x682.jpg\" alt=\"\" class=\"wp-image-26498\" srcset=\"https:\/\/www.czechcyclingfederation.com\/wp-content\/uploads\/2023\/08\/BrychtaJan_UCI_WC_Glasgow_20230805_194535_DSC_9676-1024x682.jpg 1024w, https:\/\/www.czechcyclingfederation.com\/wp-content\/uploads\/2023\/08\/BrychtaJan_UCI_WC_Glasgow_20230805_194535_DSC_9676-300x200.jpg 300w, https:\/\/www.czechcyclingfederation.com\/wp-content\/uploads\/2023\/08\/BrychtaJan_UCI_WC_Glasgow_20230805_194535_DSC_9676-768x511.jpg 768w, https:\/\/www.czechcyclingfederation.com\/wp-content\/uploads\/2023\/08\/BrychtaJan_UCI_WC_Glasgow_20230805_194535_DSC_9676-1536x1022.jpg 1536w, https:\/\/www.czechcyclingfederation.com\/wp-content\/uploads\/2023\/08\/BrychtaJan_UCI_WC_Glasgow_20230805_194535_DSC_9676-2048x1363.jpg 2048w, https:\/\/www.czechcyclingfederation.com\/wp-content\/uploads\/2023\/08\/BrychtaJan_UCI_WC_Glasgow_20230805_194535_DSC_9676-1320x879.jpg 1320w\" sizes=\"auto, (max-width: 1024px) 100vw, 1024px\" \/><\/figure>\n\n\n\n<p><strong>V\u00fdsledky<\/strong>:<\/p>\n\n\n\n<p>Silni\u010dn\u00ed z\u00e1vody:<\/p>\n\n\n\n<p>Junio\u0159i (127,7 km): 1. Philipsen (D\u00e1n.) 3:06:26, 2. Fietzke (N\u011bm.), 3. \u00d6rn-Kristoff (Nor.) oba +1:1\u00ed, 4. Sierra (It.) +1:24, 5. Storm (D\u00e1n.) +1:29, \u2026 12. Kr\u00e1l +3:01, 56. B\u00e1rta +12:29, \u0160ump\u00edk, J. Bittner (v\u0161. \u010cR) oba nedokon\u010dili.<\/p>\n\n\n\n<p>Juniorky (70,3 km): Begoov\u00e1 (Fr.) 1:54:53, 2. Fergusonov\u00e1 (Brit.) 3. Moorsov\u00e1 (Belg.), 4. Venturelliov\u00e1 (It.) v\u0161. +9, 5. Wolffov\u00e1 (Brit.) +12, \u2026 41. Ka\u0148kovsk\u00e1 +6:56, 45. Doud\u011brov\u00e1 +8:27, \u2026 Pernick\u00e1 (v\u0161. \u010cR) nedokon\u010dila.<\/p>\n\n\n\n<p>Sjezd:<\/p>\n\n\n\n<p>\u017deny:<\/p>\n\n\n\n<p>1. H\u00f6llov\u00e1 (Rak.) 4:58,242, 2. Balancheov\u00e1 (\u0160v\u00fdc.) +2,020, 3. Cabirouov\u00e1 (Fr.) +2,361, 4. Fergusonov\u00e1 +9,721, 5. Galeov\u00e1 +10,501, 6. Seagraveov\u00e1 (v\u0161echny Brit.) +10,522, &#8230;29. Mixov\u00e1 (\u010cR) +51,069.<\/p>\n\n\n\n<p>Mu\u017ei:<\/p>\n\n\n\n<p>1. Hatton (Brit.) 4:26,747, 2. Kolb (Rak.) +0,599, 3. Greenland (Brit.) +1,229, 4. Bruni (Fr.) +1,489, 5. Brosnan (Austr.) +1,512, 6. Vergier (Fr.) +2,429, &#8230;Sehnal (\u010cR) nedokon\u010dil.<\/p>\n\n\n\n<p>Dr\u00e1ha:<\/p>\n\n\n\n<p>Mu\u017ei:<\/p>\n\n\n\n<p>St\u00edhac\u00ed z\u00e1vod dru\u017estev, fin\u00e1le: D\u00e1nsko (Bevort, Leth, Pedersen, Larsen) 3:45,161 &#8211; It\u00e1lie (Ganna, Lamon, Milan, Moro) 3:47,396, o 3. m\u00edsto: Nov\u00fd Z\u00e9land (Gate, Stewart, Sexton, Kergozou) &#8211; Austr\u00e1lie dojeta, 5. Francie, 6. Kanada.<\/p>\n\n\n\n<p>FOTO: Jan Brychta\u00a0<\/p>\n","protected":false},"excerpt":{"rendered":"<p>Silni\u010dn\u00ed cyklistika Kry\u0161tof Kr\u00e1l se postaral o nejlep\u0161\u00ed \u010desk\u00fd v\u00fdsledek v \u00favodn\u00edch den z\u00e1vod\u016f v silni\u010dn\u00ed cyklistice, kdy\u017e v z\u00e1vod\u011b junior\u016f s hromadn\u00fdm startem obsadil dvan\u00e1ct\u00e9 m\u00edsto. Titul mezi juniory vybojoval 16let\u00fd D\u00e1n Albert Withen Philipsen, kter\u00fd v p\u0159edposledn\u00edm kole zhruba 16 km p\u0159ed c\u00edlem atakoval z vedouc\u00ed 7\u010dlenn\u00e9 skupinky. Ta jela na \u010dele skoro [&hellip;]<\/p>\n","protected":false},"author":1,"featured_media":26492,"comment_status":"closed","ping_status":"open","sticky":false,"template":"","format":"standard","meta":{"footnotes":""},"categories":[57,17,54,6,2,99,18],"tags":[56],"class_list":["post-26491","post","type-post","status-publish","format-standard","has-post-thumbnail","hentry","category-bmx","category-discipliny","category-draha","category-mtb","category-novinky","category-paracyklistika","category-silnice","tag-uci"],"_links":{"self":[{"href":"https:\/\/www.czechcyclingfederation.com\/en\/wp-json\/wp\/v2\/posts\/26491","targetHints":{"allow":["GET"]}}],"collection":[{"href":"https:\/\/www.czechcyclingfederation.com\/en\/wp-json\/wp\/v2\/posts"}],"about":[{"href":"https:\/\/www.czechcyclingfederation.com\/en\/wp-json\/wp\/v2\/types\/post"}],"author":[{"embeddable":true,"href":"https:\/\/www.czechcyclingfederation.com\/en\/wp-json\/wp\/v2\/users\/1"}],"replies":[{"embeddable":true,"href":"https:\/\/www.czechcyclingfederation.com\/en\/wp-json\/wp\/v2\/comments?post=26491"}],"version-history":[{"count":1,"href":"https:\/\/www.czechcyclingfederation.com\/en\/wp-json\/wp\/v2\/posts\/26491\/revisions"}],"predecessor-version":[{"id":26500,"href":"https:\/\/www.czechcyclingfederation.com\/en\/wp-json\/wp\/v2\/posts\/26491\/revisions\/26500"}],"wp:featuredmedia":[{"embeddable":true,"href":"https:\/\/www.czechcyclingfederation.com\/en\/wp-json\/wp\/v2\/media\/26492"}],"wp:attachment":[{"href":"https:\/\/www.czechcyclingfederation.com\/en\/wp-json\/wp\/v2\/media?parent=26491"}],"wp:term":[{"taxonomy":"category","embeddable":true,"href":"https:\/\/www.czechcyclingfederation.com\/en\/wp-json\/wp\/v2\/categories?post=26491"},{"taxonomy":"post_tag","embeddable":true,"href":"https:\/\/www.czechcyclingfederation.com\/en\/wp-json\/wp\/v2\/tags?post=26491"}],"curies":[{"name":"wp","href":"https:\/\/api.w.org\/{rel}","templated":true}]}}