{"id":26483,"date":"2023-08-04T23:23:27","date_gmt":"2023-08-04T21:23:27","guid":{"rendered":"https:\/\/www.czechcyclingfederation.com\/?p=26483"},"modified":"2023-08-04T23:23:30","modified_gmt":"2023-08-04T21:23:30","slug":"druhy-den-mistrovstvi-sveta-a-sjezdarka-kosarkova-v-top-deset","status":"publish","type":"post","link":"https:\/\/www.czechcyclingfederation.com\/en\/druhy-den-mistrovstvi-sveta-a-sjezdarka-kosarkova-v-top-deset\/","title":{"rendered":"Druh\u00fd den mistrovstv\u00ed sv\u011bta a sjezda\u0159ka Ko\u0161\u00e1rkov\u00e1 v TOP deset!"},"content":{"rendered":"\n<p>Ve druh\u00e9m dnu multicyklistick\u00e9ho sv\u011btov\u00e9ho \u0161ampion\u00e1tu si medaile rozd\u011blili junio\u0159i a juniorky ve sjezdu. Na trati ve Fort Willian, kde se pravideln\u011b jezd\u00ed Sv\u011btov\u00fd poh\u00e1r, se neztratila Sabina Ko\u0161\u00e1rkov\u00e1, kter\u00e1 obsadila des\u00e1t\u00e9 m\u00edsto, kdy\u017e kompletn\u011b stupn\u011b v\u00edt\u011bzek obsadily z\u00e1vodnice z Nov\u00e9ho Z\u00e9landu. Kry\u0161tof H\u00fa\u0161\u0165 a Ond\u0159ej Kole\u010d\u00edk skon\u010dili na 39. resp. 40. m\u00edst\u011b.<\/p>\n\n\n\n<p>&#8220;Um\u00edst\u011bn\u00ed Sabiny Ko\u0161\u00e1rkov\u00e9 v TOP 10 je super, jeliko\u017e se sjezdu tak zcela nev\u011bnuje, prim\u00e1rn\u011b jezd\u00ed BMX Racing. Na\u0161i junio\u0159i dnes zajeli jednodu\u0161e to, na co maj\u00ed. Nespadli, nerozbili se, tak\u017ee jsem spokojen, jsme amat\u00e9\u0159i v profesion\u00e1ln\u00edm sv\u011bt\u011b a tak prost\u011b je,&#8221; \u0159ekl tren\u00e9r sjezda\u0159\u016f Milan Suchomel.<\/p>\n\n\n\n<p>Na dr\u00e1ze velodromu Sira Chrise Hoye zas\u00e1hly do boj\u016f dv\u011b \u010desk\u00e9 \u017eeny, ale do po\u0159ad\u00ed nejlep\u0161\u00edch nepromluvily. Petra \u0160ev\u010d\u00edkov\u00e1 skon\u010dila ve scratchi patn\u00e1ct\u00e1, Veronika Jaborn\u00edkov\u00e1 v z\u00e1vodu na 500 m s pevn\u00fdm startem osmn\u00e1ct\u00e1.&nbsp;<\/p>\n\n\n\n<p>&#8220;Petra byla nerv\u00f3zn\u00ed, dvakr\u00e1t byla vep\u0159edu moc brzo a nepoda\u0159ilo se j\u00ed vybudovat dobrou pozici. Pak ji soupe\u0159ky zav\u0159ely a bylo z to patn\u00e1ct\u00e9 m\u00edsto,&#8221; zhodnotil v\u00fdkon \u0160ev\u010d\u00edkov\u00e9 tren\u00e9r Milan Kadlec. Zlato vybojovala Jennifer Valenteov\u00e1 z USA.<\/p>\n\n\n\n<p>Sprinterka Veronika Jaborn\u00edkov\u00e1 v kvalifikaci z\u00e1vodu na 500 m s pevn\u00fdm startem zajela \u010das 34,678, ten ji v\u0161ak za\u0159adil a\u017e na 18. m\u00edsto. Nejrychlej\u0161\u00ed byla N\u011bmka Emma Hinzeov\u00e1 (32,850) a svoji roli favority potvrdila, ve fin\u00e1le se je\u0161t\u011b o dv\u011b desetiny vte\u0159iny zlep\u0161ila a slavila zlato.<\/p>\n\n\n\n<p>V dr\u00e1hov\u00e9m programu mistrovstv\u00ed sv\u011bta se ji\u017e podruh\u00e9 p\u0159edstavil tak\u00e9 jedin\u00fd z\u00e1stupce \u010desk\u00e9 para cyklistiky Ivo Koblasa. V p\u0159edprogramu \u0161ampion\u00e1tu ve st\u0159edu zajel v kvalifikaci na 3 km individu\u00e1ln\u00ed st\u00edha\u010dky nov\u00fd \u010desk\u00fd rekord kategorie C2 3:44,749 a obsadil velmi kvalitn\u00ed osm\u00e9 m\u00edsto. Dal\u0161\u00ed discipl\u00ednou, kterou Ivo absolvoval v n\u00e1ro\u010dn\u00e9m programu MS, byl dne\u0161n\u00ed z\u00e1vod na 200 m letm\u00fdm startem, kter\u00fd se zapo\u010d\u00edt\u00e1v\u00e1 do \u201ev\u00edceboje\u201c omnia. \u201eZat\u00edm jsem s v\u00fdsledky spokojen\u00fd. St\u00edha\u010dka se mi jela velmi dob\u0159e, a i za v\u00fdsledek z dne\u0161n\u00edho sprintu jsem r\u00e1d. Z\u00edt\u0159ej\u0161\u00ed z\u00e1vod ve scratchi bude velk\u00e1 loterie a budu r\u00e1d, kdy\u017e se mi poda\u0159\u00ed b\u00fdt do p\u00e1t\u00e9ho m\u00edsta,\u201c uvedl Ivo po dne\u0161n\u00edm z\u00e1vod\u011b. Ivo, kter\u00fd nem\u00e1 p\u0159\u00edli\u0161 v oblib\u011b sprintersk\u00e9 discipl\u00edny, zajel dnes kvalitn\u00ed \u010das a skon\u010dil des\u00e1t\u00fd.<\/p>\n\n\n\n<figure class=\"wp-block-image size-large\"><img loading=\"lazy\" decoding=\"async\" width=\"1024\" height=\"682\" src=\"https:\/\/www.czechcyclingfederation.com\/wp-content\/uploads\/2023\/08\/BrychtaJan_UCI_WC_Glasgow_20230804_212211_DSC_8061-1024x682.jpg\" alt=\"\" class=\"wp-image-26488\" srcset=\"https:\/\/www.czechcyclingfederation.com\/wp-content\/uploads\/2023\/08\/BrychtaJan_UCI_WC_Glasgow_20230804_212211_DSC_8061-1024x682.jpg 1024w, https:\/\/www.czechcyclingfederation.com\/wp-content\/uploads\/2023\/08\/BrychtaJan_UCI_WC_Glasgow_20230804_212211_DSC_8061-300x200.jpg 300w, https:\/\/www.czechcyclingfederation.com\/wp-content\/uploads\/2023\/08\/BrychtaJan_UCI_WC_Glasgow_20230804_212211_DSC_8061-768x511.jpg 768w, https:\/\/www.czechcyclingfederation.com\/wp-content\/uploads\/2023\/08\/BrychtaJan_UCI_WC_Glasgow_20230804_212211_DSC_8061-1536x1022.jpg 1536w, https:\/\/www.czechcyclingfederation.com\/wp-content\/uploads\/2023\/08\/BrychtaJan_UCI_WC_Glasgow_20230804_212211_DSC_8061-2048x1363.jpg 2048w, https:\/\/www.czechcyclingfederation.com\/wp-content\/uploads\/2023\/08\/BrychtaJan_UCI_WC_Glasgow_20230804_212211_DSC_8061-1320x879.jpg 1320w\" sizes=\"auto, (max-width: 1024px) 100vw, 1024px\" \/><\/figure>\n\n\n\n<figure class=\"wp-block-image size-large\"><img loading=\"lazy\" decoding=\"async\" width=\"1024\" height=\"754\" src=\"https:\/\/www.czechcyclingfederation.com\/wp-content\/uploads\/2023\/08\/DSC_3427-foto-Martin-Straka-1024x754.jpg\" alt=\"\" class=\"wp-image-26486\" srcset=\"https:\/\/www.czechcyclingfederation.com\/wp-content\/uploads\/2023\/08\/DSC_3427-foto-Martin-Straka-1024x754.jpg 1024w, https:\/\/www.czechcyclingfederation.com\/wp-content\/uploads\/2023\/08\/DSC_3427-foto-Martin-Straka-272x200.jpg 272w, https:\/\/www.czechcyclingfederation.com\/wp-content\/uploads\/2023\/08\/DSC_3427-foto-Martin-Straka-768x565.jpg 768w, https:\/\/www.czechcyclingfederation.com\/wp-content\/uploads\/2023\/08\/DSC_3427-foto-Martin-Straka-1536x1131.jpg 1536w, https:\/\/www.czechcyclingfederation.com\/wp-content\/uploads\/2023\/08\/DSC_3427-foto-Martin-Straka-1320x972.jpg 1320w, https:\/\/www.czechcyclingfederation.com\/wp-content\/uploads\/2023\/08\/DSC_3427-foto-Martin-Straka.jpg 2023w\" sizes=\"auto, (max-width: 1024px) 100vw, 1024px\" \/><\/figure>\n\n\n\n<p><strong>V\u00fdsledky:<\/strong><\/p>\n\n\n\n<p><strong>Sjezd:<\/strong><\/p>\n\n\n\n<p>Juniorky:<\/p>\n\n\n\n<p>1. van Leuvenov\u00e1 5:15,613, 2. Lanyov\u00e1 +5,208, 3. Earnestov\u00e1 (v\u0161echny N. Z\u00e9l.)<\/p>\n\n\n\n<p>+5,625, &#8230;10. Ko\u0161\u00e1rkov\u00e1 (\u010cR) +15,904.<\/p>\n\n\n\n<p>Junio\u0159i:<\/p>\n\n\n\n<p>1. Kiefer (N\u011bm.) 4:30,727, 2. Kuhn (Kan.) +0,418, 3. Abella (Fr.) +26,964, &#8230;39. H\u00fa\u0161\u0165 +26,883, 40. Kole\u010d\u00edk (oba \u010cR) +27,548.<\/p>\n\n\n\n<p><strong>Dr\u00e1ha:<\/strong><\/p>\n\n\n\n<p>\u017deny:<\/p>\n\n\n\n<p>Scratch:<\/p>\n\n\n\n<p>1. Valenteov\u00e1 (USA), 2. van der Duinov\u00e1 (Niz.), 3. Drummondov\u00e1 (N. Z\u00e9l.), 4. Fidanzaov\u00e1 (It.), 5. Copponiov\u00e1 (Fr.), 6. U\u010dinov\u00e1 (Jap.), &#8230;15. \u0160ev\u010d\u00edkov\u00e1 (\u010cR).<\/p>\n\n\n\n<p>500 m s pevn\u00fdm startem:<\/p>\n\n\n\n<p>1. Hinzeov\u00e1 (N\u011bm.) 32,820, 2. Clonanov\u00e1 (Austr.) +0,136, 3. Friedrichov\u00e1 (N\u011bm.) +0,314, 4. Capewellov\u00e1 (Brit.) +0,436, 5. Graboschov\u00e1 (N\u011bm.) +0,476, 6, Pao \u0160an-\u0165\u00fc (\u010c\u00edna) +0,558, &#8230;18. V. Jaborn\u00edkov\u00e1 (\u010cR) 34,678.<\/p>\n\n\n\n<p>FOTO: Michal \u010cerven\u00fd \u2013 DHI, Martin Straka, Jan Brychta \u2013 dr\u00e1ha\u00a0<\/p>\n","protected":false},"excerpt":{"rendered":"<p>Ve druh\u00e9m dnu multicyklistick\u00e9ho sv\u011btov\u00e9ho \u0161ampion\u00e1tu si medaile rozd\u011blili junio\u0159i a juniorky ve sjezdu. Na trati ve Fort Willian, kde se pravideln\u011b jezd\u00ed Sv\u011btov\u00fd poh\u00e1r, se neztratila Sabina Ko\u0161\u00e1rkov\u00e1, kter\u00e1 obsadila des\u00e1t\u00e9 m\u00edsto, kdy\u017e kompletn\u011b stupn\u011b v\u00edt\u011bzek obsadily z\u00e1vodnice z Nov\u00e9ho Z\u00e9landu. Kry\u0161tof H\u00fa\u0161\u0165 a Ond\u0159ej Kole\u010d\u00edk skon\u010dili na 39. resp. 40. m\u00edst\u011b. &#8220;Um\u00edst\u011bn\u00ed Sabiny [&hellip;]<\/p>\n","protected":false},"author":1,"featured_media":26484,"comment_status":"closed","ping_status":"open","sticky":false,"template":"","format":"standard","meta":{"footnotes":""},"categories":[17,54,6,2,99,18],"tags":[56],"class_list":["post-26483","post","type-post","status-publish","format-standard","has-post-thumbnail","hentry","category-discipliny","category-draha","category-mtb","category-novinky","category-paracyklistika","category-silnice","tag-uci"],"_links":{"self":[{"href":"https:\/\/www.czechcyclingfederation.com\/en\/wp-json\/wp\/v2\/posts\/26483","targetHints":{"allow":["GET"]}}],"collection":[{"href":"https:\/\/www.czechcyclingfederation.com\/en\/wp-json\/wp\/v2\/posts"}],"about":[{"href":"https:\/\/www.czechcyclingfederation.com\/en\/wp-json\/wp\/v2\/types\/post"}],"author":[{"embeddable":true,"href":"https:\/\/www.czechcyclingfederation.com\/en\/wp-json\/wp\/v2\/users\/1"}],"replies":[{"embeddable":true,"href":"https:\/\/www.czechcyclingfederation.com\/en\/wp-json\/wp\/v2\/comments?post=26483"}],"version-history":[{"count":1,"href":"https:\/\/www.czechcyclingfederation.com\/en\/wp-json\/wp\/v2\/posts\/26483\/revisions"}],"predecessor-version":[{"id":26490,"href":"https:\/\/www.czechcyclingfederation.com\/en\/wp-json\/wp\/v2\/posts\/26483\/revisions\/26490"}],"wp:featuredmedia":[{"embeddable":true,"href":"https:\/\/www.czechcyclingfederation.com\/en\/wp-json\/wp\/v2\/media\/26484"}],"wp:attachment":[{"href":"https:\/\/www.czechcyclingfederation.com\/en\/wp-json\/wp\/v2\/media?parent=26483"}],"wp:term":[{"taxonomy":"category","embeddable":true,"href":"https:\/\/www.czechcyclingfederation.com\/en\/wp-json\/wp\/v2\/categories?post=26483"},{"taxonomy":"post_tag","embeddable":true,"href":"https:\/\/www.czechcyclingfederation.com\/en\/wp-json\/wp\/v2\/tags?post=26483"}],"curies":[{"name":"wp","href":"https:\/\/api.w.org\/{rel}","templated":true}]}}