{"id":2648,"date":"2020-10-12T10:30:36","date_gmt":"2020-10-12T08:30:36","guid":{"rendered":"http:\/\/www.czechcyclingfederation.com\/?p=2648"},"modified":"2020-10-18T19:52:48","modified_gmt":"2020-10-18T17:52:48","slug":"sehnal-na-ms-ve-sjezdu-v-prvni-patnactce","status":"publish","type":"post","link":"https:\/\/www.czechcyclingfederation.com\/en\/sehnal-na-ms-ve-sjezdu-v-prvni-patnactce\/","title":{"rendered":"Sehnal na MS ve sjezdu v prvn\u00ed patn\u00e1ctce"},"content":{"rendered":"\n<p>P\u0159ekvapiv\u00e9 v\u00edt\u011bze Camile Blancheovou ze \u0160v\u00fdcarka a Brita Reece Wilsona m\u011bly z\u00e1vody ve sjezdu na sv\u011btov\u00e9m \u0161ampion\u00e1tu horsk\u00fdch kol v rakousk\u00e9m Leongangu. Z\u00e1v\u011bre\u010dn\u00fd den mistrovstv\u00ed ale p\u0159inesl je\u0161t\u011b jednu velkou radost \u010desk\u00e9 v\u00fdprav\u011b, Stanislav Sehnal se jako prvn\u00ed \u010cech dok\u00e1zal probojovat do prvn\u00ed patn\u00e1ctky, na 15. m\u00edst\u011b na v\u00edt\u011bzn\u00e9ho Wilsona ztratil necel\u00fdch 13 vte\u0159in.&nbsp; Postaral se tak o nejlep\u0161\u00ed \u010desk\u00fd v\u00fdsledek na mistrovstv\u00ed sv\u011bta, ten dosud dr\u017eel Adam V\u00e1gner, kdy\u017e p\u0159esn\u011b p\u0159ed dvaceti lety skon\u010dil v Ando\u0159e na 23. m\u00edst\u011b.<\/p>\n\n\n\n<p>&#8220;Asi nejhor\u0161\u00ed podm\u00ednky, co jsem kdy za\u017eil. Ono se to ale dalo v p\u016flce \u0159\u00edjna \u010dekat. Sn\u011b\u017eilo a pr\u0161elo, v lese se to vyjelo a bylo to t\u00e9m\u011b\u0159 tot\u00e1ln\u011b nesj\u00edzdn\u00e9. Bylo to jenom o tom, kdo spadne m\u00e9n\u011bkr\u00e1t, kdo to plynuleji projede. A mn\u011b se to docela poda\u0159ilo i kdy\u017e jsem p\u00e1r mal\u00fdch chyb ud\u011blal,&#8221; \u0159ekl v c\u00edli Sehnal o nejprud\u0161\u00ed trati sv\u011bta.<\/p>\n\n\n\n<p>&#8220;V\u011bd\u011bl jsem, \u017ee by to mohl b\u00fdt dobr\u00fd v\u00fdsledek, proto\u017ee ta j\u00edzda se mi fakt povedla. V c\u00edli jsem pak jen sledoval, jak v\u0161ichni padaj\u00ed a j\u00e1 se posouv\u00e1m v\u00fd\u0161. Bylo to i trochu se \u0161t\u011bst\u00edm, ale takov\u00fd u\u017e to bylo. Jsem z toho fakt nad\u0161en\u00fd, takov\u00fd v\u00fdsledek jsem ne\u010dekal ani ve snu,&#8221; \u0159ekl webu mtbs.cz po skon\u010den\u00ed cel\u00e9ho \u0161ampion\u00e1tu Sehnal.<\/p>\n\n\n\n<p>V\u00fdsledky:<\/p>\n\n\n\n<p>Mu\u017ei:<\/p>\n\n\n\n<p>1. Wilson (Brit.) 3:51,243, 2. Trummer (Rak.) +3,197, 3. Thirion (Fr.) +5,953, &#8230;15. Sehnal +12,759, 43. Kr\u00e1l +37,356, 46. Charv\u00e1t +40,580, 49. Folvar\u010dn\u00fd (v\u0161ichni \u010cR) 44,503.<\/p>\n\n\n\n<p>Junio\u0159i.<\/p>\n\n\n\n<p>1. O&#8217;Callaghan (Ir.) 4:02,142, 2. Slack +2,141, 3. Elliot (oba Brit.) +10,705, &#8230;26. Bart\u016fn\u011bk +36,497, 47. Cvinger (ob \u010cR) +1:20,156.<\/p>\n\n\n\n<p>\u017deny:<\/p>\n\n\n\n<p>1. Blancheov\u00e1 (\u0160v\u00fdc.) 5:08,426, 2. Nicoleov\u00e1 (Fr.) +3,130, 3. Hrastniko\u00e1 (Slovin.) +16,966.<\/p>\n\n\n\n<p>FOTO Milan Suchomel<\/p>\n\n\n\n<figure class=\"wp-block-image size-large\"><img loading=\"lazy\" decoding=\"async\" width=\"1024\" height=\"682\" src=\"https:\/\/www.czechcyclingfederation.com\/wp-content\/uploads\/2020\/10\/IMG-20201012-WA0001-1024x682.jpg\" alt=\"\" class=\"wp-image-2650\" srcset=\"https:\/\/www.czechcyclingfederation.com\/wp-content\/uploads\/2020\/10\/IMG-20201012-WA0001-1024x682.jpg 1024w, https:\/\/www.czechcyclingfederation.com\/wp-content\/uploads\/2020\/10\/IMG-20201012-WA0001-300x200.jpg 300w, https:\/\/www.czechcyclingfederation.com\/wp-content\/uploads\/2020\/10\/IMG-20201012-WA0001-768x511.jpg 768w, https:\/\/www.czechcyclingfederation.com\/wp-content\/uploads\/2020\/10\/IMG-20201012-WA0001-1536x1022.jpg 1536w, https:\/\/www.czechcyclingfederation.com\/wp-content\/uploads\/2020\/10\/IMG-20201012-WA0001-1320x879.jpg 1320w, https:\/\/www.czechcyclingfederation.com\/wp-content\/uploads\/2020\/10\/IMG-20201012-WA0001.jpg 1600w\" sizes=\"auto, (max-width: 1024px) 100vw, 1024px\" \/><\/figure>\n\n\n\n<figure class=\"wp-block-image size-large\"><img loading=\"lazy\" decoding=\"async\" width=\"1024\" height=\"682\" src=\"https:\/\/www.czechcyclingfederation.com\/wp-content\/uploads\/2020\/10\/IMG-20201012-WA0002-1024x682.jpg\" alt=\"\" class=\"wp-image-2651\" srcset=\"https:\/\/www.czechcyclingfederation.com\/wp-content\/uploads\/2020\/10\/IMG-20201012-WA0002-1024x682.jpg 1024w, https:\/\/www.czechcyclingfederation.com\/wp-content\/uploads\/2020\/10\/IMG-20201012-WA0002-300x200.jpg 300w, https:\/\/www.czechcyclingfederation.com\/wp-content\/uploads\/2020\/10\/IMG-20201012-WA0002-768x511.jpg 768w, https:\/\/www.czechcyclingfederation.com\/wp-content\/uploads\/2020\/10\/IMG-20201012-WA0002-1536x1022.jpg 1536w, https:\/\/www.czechcyclingfederation.com\/wp-content\/uploads\/2020\/10\/IMG-20201012-WA0002-1320x879.jpg 1320w, https:\/\/www.czechcyclingfederation.com\/wp-content\/uploads\/2020\/10\/IMG-20201012-WA0002.jpg 1600w\" sizes=\"auto, (max-width: 1024px) 100vw, 1024px\" \/><\/figure>\n\n\n\n<figure class=\"wp-block-image size-large\"><img loading=\"lazy\" decoding=\"async\" width=\"1024\" height=\"682\" src=\"https:\/\/www.czechcyclingfederation.com\/wp-content\/uploads\/2020\/10\/IMG-20201012-WA0003-1024x682.jpg\" alt=\"\" class=\"wp-image-2652\" srcset=\"https:\/\/www.czechcyclingfederation.com\/wp-content\/uploads\/2020\/10\/IMG-20201012-WA0003-1024x682.jpg 1024w, https:\/\/www.czechcyclingfederation.com\/wp-content\/uploads\/2020\/10\/IMG-20201012-WA0003-300x200.jpg 300w, https:\/\/www.czechcyclingfederation.com\/wp-content\/uploads\/2020\/10\/IMG-20201012-WA0003-768x511.jpg 768w, https:\/\/www.czechcyclingfederation.com\/wp-content\/uploads\/2020\/10\/IMG-20201012-WA0003-1536x1022.jpg 1536w, https:\/\/www.czechcyclingfederation.com\/wp-content\/uploads\/2020\/10\/IMG-20201012-WA0003-1320x879.jpg 1320w, https:\/\/www.czechcyclingfederation.com\/wp-content\/uploads\/2020\/10\/IMG-20201012-WA0003.jpg 1600w\" sizes=\"auto, (max-width: 1024px) 100vw, 1024px\" \/><\/figure>\n","protected":false},"excerpt":{"rendered":"<p>P\u0159ekvapiv\u00e9 v\u00edt\u011bze Camile Blancheovou ze \u0160v\u00fdcarka a Brita Reece Wilsona m\u011bly z\u00e1vody ve sjezdu na sv\u011btov\u00e9m \u0161ampion\u00e1tu horsk\u00fdch kol v rakousk\u00e9m Leongangu. Z\u00e1v\u011bre\u010dn\u00fd den mistrovstv\u00ed ale p\u0159inesl je\u0161t\u011b jednu velkou radost \u010desk\u00e9 v\u00fdprav\u011b, Stanislav Sehnal se jako prvn\u00ed \u010cech dok\u00e1zal probojovat do prvn\u00ed patn\u00e1ctky, na 15. m\u00edst\u011b na v\u00edt\u011bzn\u00e9ho Wilsona ztratil necel\u00fdch 13 vte\u0159in.&nbsp; Postaral [&hellip;]<\/p>\n","protected":false},"author":8,"featured_media":2649,"comment_status":"closed","ping_status":"open","sticky":false,"template":"","format":"standard","meta":{"footnotes":""},"categories":[6,2,103],"tags":[10],"class_list":["post-2648","post","type-post","status-publish","format-standard","has-post-thumbnail","hentry","category-mtb","category-novinky","category-reprezentace","tag-mtb"],"_links":{"self":[{"href":"https:\/\/www.czechcyclingfederation.com\/en\/wp-json\/wp\/v2\/posts\/2648","targetHints":{"allow":["GET"]}}],"collection":[{"href":"https:\/\/www.czechcyclingfederation.com\/en\/wp-json\/wp\/v2\/posts"}],"about":[{"href":"https:\/\/www.czechcyclingfederation.com\/en\/wp-json\/wp\/v2\/types\/post"}],"author":[{"embeddable":true,"href":"https:\/\/www.czechcyclingfederation.com\/en\/wp-json\/wp\/v2\/users\/8"}],"replies":[{"embeddable":true,"href":"https:\/\/www.czechcyclingfederation.com\/en\/wp-json\/wp\/v2\/comments?post=2648"}],"version-history":[{"count":2,"href":"https:\/\/www.czechcyclingfederation.com\/en\/wp-json\/wp\/v2\/posts\/2648\/revisions"}],"predecessor-version":[{"id":2705,"href":"https:\/\/www.czechcyclingfederation.com\/en\/wp-json\/wp\/v2\/posts\/2648\/revisions\/2705"}],"wp:featuredmedia":[{"embeddable":true,"href":"https:\/\/www.czechcyclingfederation.com\/en\/wp-json\/wp\/v2\/media\/2649"}],"wp:attachment":[{"href":"https:\/\/www.czechcyclingfederation.com\/en\/wp-json\/wp\/v2\/media?parent=2648"}],"wp:term":[{"taxonomy":"category","embeddable":true,"href":"https:\/\/www.czechcyclingfederation.com\/en\/wp-json\/wp\/v2\/categories?post=2648"},{"taxonomy":"post_tag","embeddable":true,"href":"https:\/\/www.czechcyclingfederation.com\/en\/wp-json\/wp\/v2\/tags?post=2648"}],"curies":[{"name":"wp","href":"https:\/\/api.w.org\/{rel}","templated":true}]}}