{"id":26473,"date":"2023-08-03T23:10:45","date_gmt":"2023-08-03T21:10:45","guid":{"rendered":"https:\/\/www.czechcyclingfederation.com\/?p=26473"},"modified":"2023-08-03T23:10:49","modified_gmt":"2023-08-03T21:10:49","slug":"zacalo-mistrovstvi-sveta-v-glasgow","status":"publish","type":"post","link":"https:\/\/www.czechcyclingfederation.com\/en\/zacalo-mistrovstvi-sveta-v-glasgow\/","title":{"rendered":"Za\u010dalo mistrovstv\u00ed sv\u011bta v\u00a0Glasgow"},"content":{"rendered":"\n<p>V Glasgow se dnes rozb\u011bhly sout\u011b\u017ee cyklistick\u00e9ho sv\u011btov\u00e9 \u0161ampion\u00e1tu, kter\u00fd nem\u00e1 obdoby. Ode dne\u0161ka do 13. srpna se ve Skotsku bude bojovat o sv\u011btov\u00e9 medaile ve v\u0161ech cyklistick\u00fdch odv\u011btv\u00edch s jedinou v\u00fdjimkou, kterou je cyklokros.&nbsp;<\/p>\n\n\n\n<p>V \u00favodn\u00ed den \u0161ampion\u00e1tu bohu\u017eel \u010deskou v\u00fdpravu potkala sm\u016fla. T\u00fdmov\u00fd sprint po technick\u00fdch pot\u00ed\u017e\u00edch odsadil jeden\u00e1ct\u00e9 m\u00edsto, kdy\u017e p\u0159ed startem myslel na elitn\u00ed osmi\u010dku. Jasn\u011b nejrychlej\u0161\u00ed byli suver\u00e9ni posledn\u00edch let Nizozemci, kte\u0159\u00ed v kvalifikaci zajeli \u010das 42,046. \u010cesk\u00e9 trio ve slo\u017een\u00ed Mat\u011bj Bohusl\u00e1vek, Martin \u010cechman a Dominik Topinka zajelo \u010das 43,893 a to sta\u010dilo jen na jeden\u00e1ctou p\u0159\u00ed\u010dku, pouh\u00e9 dv\u011b desetiny vte\u0159ina za osmou \u010c\u00ednou.<\/p>\n\n\n\n<p>&#8220;V na\u0161em prvn\u00edm startu Martin \u010cechman rozlomil ped\u00e1l a spadl a Mat\u011bj Bohusl\u00e1vek absolvoval jedno kolo. Potom jsme sice dostali \u010das na zotavenou a dostali i druh\u00fd startovn\u00ed pokus. Bohu\u017eel obsluha startovac\u00edho za\u0159\u00edzen\u00ed nedot\u00e1hla jednu \u010d\u00e1st a to zap\u0159\u00ed\u010dinilo, \u017ee Martin Bohusl\u00e1vek hodn\u011b na startu ztratil. A v\u00fdsledkem je to, \u017ee se n\u00e1m nepoda\u0159ilo splnit um\u00edst\u011bn\u00ed do osm\u00e9ho m\u00edsta,&#8221; \u0159ekl zklaman\u00fd tren\u00e9r Petr Klime\u0161.<\/p>\n\n\n\n<p>K tomu jim chyb\u011bly pouh\u00e9 dv\u011b desetiny vte\u0159iny. &#8220;Byl to prost\u011b smoln\u00fd den, c\u00edt\u00edm zklam\u00e1n\u00ed, stejn\u011b jako kluci. V noh\u00e1ch to kluci dnes m\u011bli, od t\u00e9 osmi\u010dky nebyli daleko, ale &#8230;. Nezp\u016fsobili jsme si to sami a bohu\u017eel jsou to ztracen\u00e9 olympijsk\u00e9 body o n\u011b\u017e jsme p\u0159i\u0161li,&#8221; dodal Klime\u0161.<\/p>\n\n\n\n<p>Z\u00e1vod se scratchi vyhr\u00e1l dom\u00e1c\u00ed William Tidball, \u010desk\u00fd jezdec Jan Vone\u0161 obsadil t\u0159in\u00e1ct\u00e9 m\u00edsto.&nbsp;&nbsp;St\u00edhac\u00ed z\u00e1vod \u017een se stal ko\u0159ist\u00ed Chloe Dygertov\u00e9 z USA a druh\u00e9 zlato pro dom\u00e1c\u00ed z\u00edskalo trio \u017een v t\u00fdmov\u00e9m sprintu.<\/p>\n\n\n\n<p>Kvalifikaci absolvovali tak\u00e9 junio\u0159i ve sjezdu. \u201ePo\u0159adatel\u00e9 na tra\u0165 um\u00edstili dva skoky, kter\u00e9 hodn\u011b vyhazovali. Mnoho jezdc\u016f na to doplatilo p\u00e1dy, t\u0159eba i n\u00e1\u0161 Ond\u0159ej Kole\u010d\u00edk, ale je v po\u0159\u00e1dku a z\u00edtra pojede. Po\u0159adatel\u00e9 ji\u017e potvrdili informaci, \u017ee skoky uprav\u00ed,\u201c \u0159ekl reprezenta\u010dn\u00ed tren\u00e9r sjezda\u0159\u016f Milan Suchomel. V boj\u00edch o medaile se p\u0159edstav\u00ed z\u00edtra v z\u00e1vodech junior\u016f Sabina Ko\u0161\u00e1rkov\u00e1, Kry\u0161tof H\u00fa\u0161\u0165 a Ond\u0159ej Kole\u010d\u00edk.<\/p>\n\n\n\n<figure class=\"wp-block-image size-large\"><img loading=\"lazy\" decoding=\"async\" width=\"1024\" height=\"682\" src=\"https:\/\/www.czechcyclingfederation.com\/wp-content\/uploads\/2023\/08\/BrychtaJan_UCI_WC_Glasgow_20230803_215423_DSC_7422-1024x682.jpg\" alt=\"\" class=\"wp-image-26476\" srcset=\"https:\/\/www.czechcyclingfederation.com\/wp-content\/uploads\/2023\/08\/BrychtaJan_UCI_WC_Glasgow_20230803_215423_DSC_7422-1024x682.jpg 1024w, https:\/\/www.czechcyclingfederation.com\/wp-content\/uploads\/2023\/08\/BrychtaJan_UCI_WC_Glasgow_20230803_215423_DSC_7422-300x200.jpg 300w, https:\/\/www.czechcyclingfederation.com\/wp-content\/uploads\/2023\/08\/BrychtaJan_UCI_WC_Glasgow_20230803_215423_DSC_7422-768x511.jpg 768w, https:\/\/www.czechcyclingfederation.com\/wp-content\/uploads\/2023\/08\/BrychtaJan_UCI_WC_Glasgow_20230803_215423_DSC_7422-1536x1022.jpg 1536w, https:\/\/www.czechcyclingfederation.com\/wp-content\/uploads\/2023\/08\/BrychtaJan_UCI_WC_Glasgow_20230803_215423_DSC_7422-2048x1363.jpg 2048w, https:\/\/www.czechcyclingfederation.com\/wp-content\/uploads\/2023\/08\/BrychtaJan_UCI_WC_Glasgow_20230803_215423_DSC_7422-1320x879.jpg 1320w\" sizes=\"auto, (max-width: 1024px) 100vw, 1024px\" \/><\/figure>\n\n\n\n<figure class=\"wp-block-image size-large\"><img loading=\"lazy\" decoding=\"async\" width=\"1024\" height=\"683\" src=\"https:\/\/www.czechcyclingfederation.com\/wp-content\/uploads\/2023\/08\/CER_0537-1024x683.jpg\" alt=\"\" class=\"wp-image-26478\" srcset=\"https:\/\/www.czechcyclingfederation.com\/wp-content\/uploads\/2023\/08\/CER_0537-1024x683.jpg 1024w, https:\/\/www.czechcyclingfederation.com\/wp-content\/uploads\/2023\/08\/CER_0537-300x200.jpg 300w, https:\/\/www.czechcyclingfederation.com\/wp-content\/uploads\/2023\/08\/CER_0537-768x512.jpg 768w, https:\/\/www.czechcyclingfederation.com\/wp-content\/uploads\/2023\/08\/CER_0537-1536x1024.jpg 1536w, https:\/\/www.czechcyclingfederation.com\/wp-content\/uploads\/2023\/08\/CER_0537-2048x1365.jpg 2048w, https:\/\/www.czechcyclingfederation.com\/wp-content\/uploads\/2023\/08\/CER_0537-1320x880.jpg 1320w\" sizes=\"auto, (max-width: 1024px) 100vw, 1024px\" \/><\/figure>\n\n\n\n<p><strong>V\u00fdsledky:<\/strong><\/p>\n\n\n\n<p>\u017deny:<\/p>\n\n\n\n<p>St\u00edhac\u00ed z\u00e1vod:<\/p>\n\n\n\n<p>Fin\u00e1le: Dygertov\u00e1 (USA) 3:17,713 &#8211; Brausseov\u00e1 (N\u011bm.) 3:20,101, o 3. m\u00edsto: Bothaov\u00e1 (N. Z\u00e9l.) 3:20,327 &#8211; Evansov\u00e1 (Brit.) 3:21,811, 5. Plouffeov\u00e1 (Austr.) 3:21,940, 6. Kleinov\u00e1 (N\u011bm.) 3:25,728.<\/p>\n\n\n\n<p>T\u00fdmov\u00fd sprint:<\/p>\n\n\n\n<p>Fin\u00e1le: Brit\u00e1nie (Bellov\u00e1, Capewellov\u00e1, Finucaneov\u00e1) 46,072 &#8211; N\u011bmecko (Graboschov\u00e1, Hinzeov\u00e1, Frierdrichov\u00e1) 46,467, o 32. m\u00edsto: \u010c\u00edna (Kuo J\u00fc-fang, Pao \u0160an-\u0165\u00fc, J\u00fcan Li-jing) 46,679 &#8211; Nizozemsko 47,049, 5. Nov\u00fd Z\u00e9land 47,158, 6. Mexiko 47,328.<\/p>\n\n\n\n<p>Mu\u017ei:<\/p>\n\n\n\n<p>Scratch:<\/p>\n\n\n\n<p>1.Tidball (Brit.), 2. Kuboki (Jap.), 3. Dens (Belg.), 4. Eefting (Niz.), 4. Grondin (Fr.), 6. Bibic (Kan.), &#8230;13. Vone\u0161 (\u010cR).<\/p>\n\n\n\n<p>FOTO: Michal \u010cerven\u00fd \u2013 DHI, Jan Brychta \u2013 dr\u00e1ha\u00a0<\/p>\n","protected":false},"excerpt":{"rendered":"<p>V Glasgow se dnes rozb\u011bhly sout\u011b\u017ee cyklistick\u00e9ho sv\u011btov\u00e9 \u0161ampion\u00e1tu, kter\u00fd nem\u00e1 obdoby. Ode dne\u0161ka do 13. srpna se ve Skotsku bude bojovat o sv\u011btov\u00e9 medaile ve v\u0161ech cyklistick\u00fdch odv\u011btv\u00edch s jedinou v\u00fdjimkou, kterou je cyklokros.&nbsp; V \u00favodn\u00ed den \u0161ampion\u00e1tu bohu\u017eel \u010deskou v\u00fdpravu potkala sm\u016fla. T\u00fdmov\u00fd sprint po technick\u00fdch pot\u00ed\u017e\u00edch odsadil jeden\u00e1ct\u00e9 m\u00edsto, kdy\u017e p\u0159ed startem [&hellip;]<\/p>\n","protected":false},"author":1,"featured_media":26474,"comment_status":"closed","ping_status":"open","sticky":false,"template":"","format":"standard","meta":{"footnotes":""},"categories":[57,17,54,6,2,99,60,18],"tags":[56],"class_list":["post-26473","post","type-post","status-publish","format-standard","has-post-thumbnail","hentry","category-bmx","category-discipliny","category-draha","category-mtb","category-novinky","category-paracyklistika","category-salovka","category-silnice","tag-uci"],"_links":{"self":[{"href":"https:\/\/www.czechcyclingfederation.com\/en\/wp-json\/wp\/v2\/posts\/26473","targetHints":{"allow":["GET"]}}],"collection":[{"href":"https:\/\/www.czechcyclingfederation.com\/en\/wp-json\/wp\/v2\/posts"}],"about":[{"href":"https:\/\/www.czechcyclingfederation.com\/en\/wp-json\/wp\/v2\/types\/post"}],"author":[{"embeddable":true,"href":"https:\/\/www.czechcyclingfederation.com\/en\/wp-json\/wp\/v2\/users\/1"}],"replies":[{"embeddable":true,"href":"https:\/\/www.czechcyclingfederation.com\/en\/wp-json\/wp\/v2\/comments?post=26473"}],"version-history":[{"count":1,"href":"https:\/\/www.czechcyclingfederation.com\/en\/wp-json\/wp\/v2\/posts\/26473\/revisions"}],"predecessor-version":[{"id":26480,"href":"https:\/\/www.czechcyclingfederation.com\/en\/wp-json\/wp\/v2\/posts\/26473\/revisions\/26480"}],"wp:featuredmedia":[{"embeddable":true,"href":"https:\/\/www.czechcyclingfederation.com\/en\/wp-json\/wp\/v2\/media\/26474"}],"wp:attachment":[{"href":"https:\/\/www.czechcyclingfederation.com\/en\/wp-json\/wp\/v2\/media?parent=26473"}],"wp:term":[{"taxonomy":"category","embeddable":true,"href":"https:\/\/www.czechcyclingfederation.com\/en\/wp-json\/wp\/v2\/categories?post=26473"},{"taxonomy":"post_tag","embeddable":true,"href":"https:\/\/www.czechcyclingfederation.com\/en\/wp-json\/wp\/v2\/tags?post=26473"}],"curies":[{"name":"wp","href":"https:\/\/api.w.org\/{rel}","templated":true}]}}