{"id":26457,"date":"2023-07-31T10:31:29","date_gmt":"2023-07-31T08:31:29","guid":{"rendered":"https:\/\/www.czechcyclingfederation.com\/?p=26457"},"modified":"2023-07-31T12:35:37","modified_gmt":"2023-07-31T10:35:37","slug":"rauchfuss-ma-po-bikovem-titulu-i-zlato-z-gravelu","status":"publish","type":"post","link":"https:\/\/www.czechcyclingfederation.com\/en\/rauchfuss-ma-po-bikovem-titulu-i-zlato-z-gravelu\/","title":{"rendered":"Rauchfuss m\u00e1 po bikov\u00e9m titulu i zlato z gravelu"},"content":{"rendered":"\n<p>Druh\u00fd mistrovsk\u00fd titul vybojoval po t\u00fddnu Marek Rauchfuss z celku \u010cesk\u00e1 spo\u0159itelna Accolade. Po zlatu na \u0161ampion\u00e1tu biker\u016f zv\u00edt\u011bzil i na druh\u00e9m mistrovstv\u00ed republiky v mlad\u00e9 discipl\u00edn\u011b gravel. V Hlinsku na promo\u010den\u00e9 75 km dlouh\u00e9 trati s p\u0159ev\u00fd\u0161en\u00edm kolem 1000 metr\u016f spolu s n\u00edm na stupn\u011b v\u00edt\u011bz\u016f \u0161li Jan Zatloukal a (Nutrend Specialized Racing) a Maty\u00e1\u0161 Fiala (\u010cEZ Cyklo Team T\u00e1bor).<\/p>\n\n\n\n<p>V \u017een\u00e1ch zv\u00edt\u011bzila Kate\u0159ina Hlad\u00edkov\u00e1 (Brilon Racing Team). V kategorii juniorek vyhr\u00e1la Eli\u0161ka Han\u00e1kov\u00e1 (Han\u00e1k Sisters Cycling Academy) a v juniorech triumfoval V\u00e1clav Je\u017eek (Brilon Racing Team).<\/p>\n\n\n\n<p>Rauchfuss se od startu pohyboval v \u010deln\u00ed skupin\u011b a pozi\u010dn\u011b v\u0161e kontroloval. Dojezd v Hlinsku sed\u011bl sp\u00ed\u0161e specialist\u016fm na cyklokros a velk\u00fd pozor si musel d\u00e1vat na mlad\u00e9 jezdce Zatloukala a Fialu. Asi 15 km p\u0159ed c\u00edlem za\u00fato\u010dil a dojel s velice slu\u0161n\u00fdm n\u00e1skokem pro titul \u0161ampi\u00f3na.<\/p>\n\n\n\n<figure class=\"wp-block-image size-large\"><img loading=\"lazy\" decoding=\"async\" width=\"1024\" height=\"624\" src=\"http:\/\/www.czechcyclingfederation.com\/wp-content\/uploads\/2023\/07\/Grave-Rauchfuss-Hlinsko-9dd16900-ace3-459c-8c79-0ac36f873ada-1024x624.jpeg\" alt=\"\" class=\"wp-image-26460\" srcset=\"https:\/\/www.czechcyclingfederation.com\/wp-content\/uploads\/2023\/07\/Grave-Rauchfuss-Hlinsko-9dd16900-ace3-459c-8c79-0ac36f873ada-1024x624.jpeg 1024w, https:\/\/www.czechcyclingfederation.com\/wp-content\/uploads\/2023\/07\/Grave-Rauchfuss-Hlinsko-9dd16900-ace3-459c-8c79-0ac36f873ada-300x183.jpeg 300w, https:\/\/www.czechcyclingfederation.com\/wp-content\/uploads\/2023\/07\/Grave-Rauchfuss-Hlinsko-9dd16900-ace3-459c-8c79-0ac36f873ada-768x468.jpeg 768w, https:\/\/www.czechcyclingfederation.com\/wp-content\/uploads\/2023\/07\/Grave-Rauchfuss-Hlinsko-9dd16900-ace3-459c-8c79-0ac36f873ada.jpeg 1280w\" sizes=\"auto, (max-width: 1024px) 100vw, 1024px\" \/><\/figure>\n\n\n\n<p>V\u00fdsledky:<\/p>\n\n\n\n<p>1.Rauchfuss (\u010cesk\u00e1 spo\u0159itelna Accolade) 2:22:56, 2. Zatloukal (Nutrend Specialized Racing) +1:50, 3. Fiala +2:07, 4. Bakus (oba \u010cEZ Cyklo Team T\u00e1bor) +4:42, 5. \u0160ulc (Mondraker Racing Team) +5:59.<\/p>\n\n\n\n<p>\u017deny:<\/p>\n\n\n\n<p>1.Hlad\u00edkov\u00e1 (Brilon Racing Team) 3:03:20, 2. Vor\u00e1\u010dov\u00e1 (Force KCK Zl\u00edn) +2:55, 3. Herren (Kome Klub Kraslice) +52:47.<br>Junio\u0159:i<\/p>\n\n\n\n<p>1.,Je\u017eek (Brilon Racing Team) 2:24:06, 2. Va\u0161ut (Bike Pro Racing) +5:56, 3. Hojka (Express CZ Tufo Team Kol\u00edn) +7:00.<br>Juniorky<\/p>\n\n\n\n<p>1.E. Han\u00e1kov\u00e1 (Han\u00e1k Sisters Cycling Academy) 2:48:18, 2. Doud\u011brov\u00e1 (Jaroslav Kulhav\u00fd Cycling Team) +9:19, 3. A. Han\u00e1kov\u00e1 (Han\u00e1k Sisters Cycling Academy) +15:02.<\/p>\n\n\n\n<p>FOTO Milan \u017dejdl\u00edk<\/p>\n","protected":false},"excerpt":{"rendered":"<p>Druh\u00fd mistrovsk\u00fd titul vybojoval po t\u00fddnu Marek Rauchfuss z celku \u010cesk\u00e1 spo\u0159itelna Accolade. Po zlatu na \u0161ampion\u00e1tu biker\u016f zv\u00edt\u011bzil i na druh\u00e9m mistrovstv\u00ed republiky v mlad\u00e9 discipl\u00edn\u011b gravel. V Hlinsku na promo\u010den\u00e9 75 km dlouh\u00e9 trati s p\u0159ev\u00fd\u0161en\u00edm kolem 1000 metr\u016f spolu s n\u00edm na stupn\u011b v\u00edt\u011bz\u016f \u0161li Jan Zatloukal a (Nutrend Specialized Racing) a [&hellip;]<\/p>\n","protected":false},"author":8,"featured_media":26458,"comment_status":"closed","ping_status":"open","sticky":false,"template":"","format":"standard","meta":{"footnotes":""},"categories":[2,65],"tags":[196],"class_list":["post-26457","post","type-post","status-publish","format-standard","has-post-thumbnail","hentry","category-novinky","category-subdisciplina","tag-gravel"],"_links":{"self":[{"href":"https:\/\/www.czechcyclingfederation.com\/en\/wp-json\/wp\/v2\/posts\/26457","targetHints":{"allow":["GET"]}}],"collection":[{"href":"https:\/\/www.czechcyclingfederation.com\/en\/wp-json\/wp\/v2\/posts"}],"about":[{"href":"https:\/\/www.czechcyclingfederation.com\/en\/wp-json\/wp\/v2\/types\/post"}],"author":[{"embeddable":true,"href":"https:\/\/www.czechcyclingfederation.com\/en\/wp-json\/wp\/v2\/users\/8"}],"replies":[{"embeddable":true,"href":"https:\/\/www.czechcyclingfederation.com\/en\/wp-json\/wp\/v2\/comments?post=26457"}],"version-history":[{"count":3,"href":"https:\/\/www.czechcyclingfederation.com\/en\/wp-json\/wp\/v2\/posts\/26457\/revisions"}],"predecessor-version":[{"id":26470,"href":"https:\/\/www.czechcyclingfederation.com\/en\/wp-json\/wp\/v2\/posts\/26457\/revisions\/26470"}],"wp:featuredmedia":[{"embeddable":true,"href":"https:\/\/www.czechcyclingfederation.com\/en\/wp-json\/wp\/v2\/media\/26458"}],"wp:attachment":[{"href":"https:\/\/www.czechcyclingfederation.com\/en\/wp-json\/wp\/v2\/media?parent=26457"}],"wp:term":[{"taxonomy":"category","embeddable":true,"href":"https:\/\/www.czechcyclingfederation.com\/en\/wp-json\/wp\/v2\/categories?post=26457"},{"taxonomy":"post_tag","embeddable":true,"href":"https:\/\/www.czechcyclingfederation.com\/en\/wp-json\/wp\/v2\/tags?post=26457"}],"curies":[{"name":"wp","href":"https:\/\/api.w.org\/{rel}","templated":true}]}}