{"id":26420,"date":"2023-07-28T18:04:13","date_gmt":"2023-07-28T16:04:13","guid":{"rendered":"https:\/\/www.czechcyclingfederation.com\/?p=26420"},"modified":"2023-07-28T18:05:17","modified_gmt":"2023-07-28T16:05:17","slug":"26420","status":"publish","type":"post","link":"https:\/\/www.czechcyclingfederation.com\/en\/26420\/","title":{"rendered":"Na Pustevn\u00e1ch prvn\u00ed v c\u00edli Lipowitz, Adam \u0164oupal\u00edk \u010dtvrt\u00fd"},"content":{"rendered":"\n<p>N\u011bmeck\u00fd jezdec Florian Lipowitz ze st\u00e1je Bora-hansgrohe ovl\u00e1dl druhou etapu cyklistick\u00e9ho z\u00e1vodu Czech Tour. Ta vedla z Olomouce na Pustevny a m\u011b\u0159ila 167 kilometr\u016f. Lipowitz si t\u00edm vybojoval prvn\u00ed profesion\u00e1ln\u00ed v\u00edt\u011bzstv\u00ed v kari\u00e9\u0159e.<\/p>\n\n\n\n<p>N\u00e1ro\u010dnou etapu, p\u0159i n\u00ed\u017e z\u00e1vodn\u00edci nastoupali 2840 metr\u016f a dvakr\u00e1t vyjeli na Pustevny, nav\u00edc poznamenalo nep\u0159\u00edzniv\u00e9 po\u010das\u00ed, v\u011bt\u0161inu \u010dasu tr\u00e1pil jezdce d\u00e9\u0161\u0165. Ale rozhodovalo se a\u017e v c\u00edlov\u00e9m fini\u0161i v n\u011bm\u017e Lipowitz o dv\u011b sekundy porazil Nora Per Strand Hagenesem z t\u00fdmu Jumbo-Visma, t\u0159et\u00ed byl se ztr\u00e1tou 23 sekund dal\u0161\u00ed norsk\u00fd cyklista Andreas Halla Johannessen. Nejlep\u0161\u00edm z \u010cech\u016f byl \u010dtvrt\u00fd Adam \u0164oupal\u00edk (Elkov-Kasper), jen\u017e projel c\u00edlem s mankem 25 sekund na v\u00edt\u011bze. Nejv\u011bt\u0161\u00ed jm\u00e9no na startu Brit Chris Froome dojel na 126. pozici s obrovskou ztr\u00e1tou v\u00edce ne\u017e 22 minut na v\u00edt\u011bze, ve \u017elut\u00e9m trikotu jedouc\u00ed Itamar Einhorn z Izraele po p\u00e1du etapu nedokon\u010di a vyst\u0159\u00eddal jej dne\u0161n\u00ed v\u00edt\u011bz.<\/p>\n\n\n\n<figure class=\"wp-block-image size-large\"><img loading=\"lazy\" decoding=\"async\" width=\"1024\" height=\"680\" src=\"https:\/\/www.czechcyclingfederation.com\/wp-content\/uploads\/2023\/07\/CzechTour-2-1024x680.jpeg\" alt=\"\" class=\"wp-image-26425\" srcset=\"https:\/\/www.czechcyclingfederation.com\/wp-content\/uploads\/2023\/07\/CzechTour-2-1024x680.jpeg 1024w, https:\/\/www.czechcyclingfederation.com\/wp-content\/uploads\/2023\/07\/CzechTour-2-300x200.jpeg 300w, https:\/\/www.czechcyclingfederation.com\/wp-content\/uploads\/2023\/07\/CzechTour-2-768x510.jpeg 768w, https:\/\/www.czechcyclingfederation.com\/wp-content\/uploads\/2023\/07\/CzechTour-2-1536x1021.jpeg 1536w, https:\/\/www.czechcyclingfederation.com\/wp-content\/uploads\/2023\/07\/CzechTour-2-2048x1361.jpeg 2048w, https:\/\/www.czechcyclingfederation.com\/wp-content\/uploads\/2023\/07\/CzechTour-2-1320x877.jpeg 1320w\" sizes=\"auto, (max-width: 1024px) 100vw, 1024px\" \/><\/figure>\n\n\n\n<p>V prvn\u00ed t\u011b\u017ek\u00e9 kopcovit\u00e9 etap\u011b se hned od za\u010d\u00e1tku n\u011bkolik z\u00e1vodn\u00edk\u016f pokusilo ujet, ale povedlo se to a\u017e \u010dtve\u0159ici p\u0159ibli\u017en\u011b 50 kilometr\u016f po startu. Byl mezi nimi stejn\u011b jako v prvn\u00ed etap\u011b Mat\u011bj Zah\u00e1lka z Elkov-Kasper, spolu s n\u00edm se do odv\u00e1\u017en\u00e9 akce pustili tak\u00e9 Slov\u00e1k Mat\u00fa\u0161 \u0160to\u010dek z ATT Investments, Belgi\u010dan Ruben Apers a Brit Toby Perry. Skupina z\u00edskala k dobru p\u0159es sedm minut a p\u0159i prvn\u00edm v\u00fdjezdu na Pustevny Zah\u00e1lka vyhr\u00e1l vrcha\u0159skou pr\u00e9mii a obl\u00e9kl se d\u00edky tomu do punt\u00edkat\u00e9ho dresu.<\/p>\n\n\n\n<figure class=\"wp-block-image size-large\"><img loading=\"lazy\" decoding=\"async\" width=\"1024\" height=\"681\" src=\"https:\/\/www.czechcyclingfederation.com\/wp-content\/uploads\/2023\/07\/Zahalka-1-1024x681.jpg\" alt=\"\" class=\"wp-image-26423\" srcset=\"https:\/\/www.czechcyclingfederation.com\/wp-content\/uploads\/2023\/07\/Zahalka-1-1024x681.jpg 1024w, https:\/\/www.czechcyclingfederation.com\/wp-content\/uploads\/2023\/07\/Zahalka-1-300x200.jpg 300w, https:\/\/www.czechcyclingfederation.com\/wp-content\/uploads\/2023\/07\/Zahalka-1-768x511.jpg 768w, https:\/\/www.czechcyclingfederation.com\/wp-content\/uploads\/2023\/07\/Zahalka-1-1536x1021.jpg 1536w, https:\/\/www.czechcyclingfederation.com\/wp-content\/uploads\/2023\/07\/Zahalka-1-1320x878.jpg 1320w, https:\/\/www.czechcyclingfederation.com\/wp-content\/uploads\/2023\/07\/Zahalka-1.jpg 1600w\" sizes=\"auto, (max-width: 1024px) 100vw, 1024px\" \/><\/figure>\n\n\n\n<p>Postupn\u011b se ale n\u00e1skok ten\u010dil a p\u0159ed z\u00e1v\u011bre\u010dn\u00fdm stoup\u00e1n\u00edm byl u\u017e pod minutu. Zah\u00e1lka se je\u0161t\u011b chv\u00edli p\u0159ed c\u00edlem sna\u017eil ujet a n\u00e1skok udr\u017eet, ale tak\u00e9 jeho ostatn\u00ed pohltili. Krom\u011b \u010dtvrt\u00e9ho Adama \u0164oupal\u00edka se do elitn\u00ed des\u00edtky dnes dostai osm\u00fd Jakub Otruba (ATT Investmens), t\u0159in\u00e1ct\u00fd skon\u010dil Karel Vacek (Team Corratec &#8211; Selle Italia) a dvaadvac\u00e1t\u00fd Karel Camrda (ATT Investmens).<\/p>\n\n\n\n<p>Adam \u0164oupal\u00edk ne\u010dekal, \u017ee by se prosadil v n\u00e1ro\u010dn\u00e9 etap\u011b tak vysoko. \u201eNev\u011bd\u011bl jsem, jak na tom budu, letos se mi moc neda\u0159ilo, ale kdy\u017e jsem jel nahoru na Pustevny podruh\u00e9, c\u00edtil jsem rezervu. P\u0159ed c\u00edlem za to vzala dvojice soupe\u0159\u016f, tak\u017ee se to hodn\u011b cukalo a taktizovalo, ale posledn\u00ed kilometr, to u\u017e byl sprint o pozici,\u201c \u0159\u00edkal \u0164oupal\u00edk. \u201eMo\u017en\u00e1 jsem to m\u011bl zkusit d\u0159\u00edv, podium je podium. Budu se to sna\u017eit vylep\u0161it z\u00edtra. Bude to ale dlouh\u00fd den, je tam t\u011bch kopc\u016f v\u00edc, z\u00e1v\u011bre\u010dn\u00e9 t\u0159i jsou nejv\u011bt\u0161\u00ed, ale zase chci bojovat o co nejlep\u0161\u00ed um\u00edst\u011bn\u00ed,\u201c doplnil.<\/p>\n\n\n\n<p>V\u00fdsledky:<\/p>\n\n\n\n<p>2. etapa: Olomouc &#8211; Pustevny (166,9 km):<\/p>\n\n\n\n<p>1. Lipowitz (N\u011bm.) 4:06:39, 2. Hagens +2, 3. Johannessen (oba Nor.) +23, 4. A. \u0164oupal\u00edk (Elkov &#8211; Kasper) 5. Zweihoff (N\u011bm.) oba +25, 6. Maris (Belg.) +26, &#8230;8. Otruba (ATT Investments) +27, 13. K. Vacek (Team Corratec &#8211; Selle Italia)&nbsp;&nbsp;&nbsp;&nbsp;&nbsp;&nbsp; +28, 22. Camrda (ATT Investments) +33, 48. \u0158eha +1:56, 54. Boro\u0161 (oba Elkov &#8211; Kasper) +2:25, 55. Vyso\u010dan (RRK Group &#8211; Pierre Baguette &#8211; Benzinol) +2:26, 56. Neuman (Elkov &#8211; Kasper) +3:00, 64. Kukrle (Team Felbermayr &#8211; Simplon Wels) +3:48, 67. B\u00e1rta (Elkov &#8211; Kasper) +4:07, 69. Petru\u0161 (ATT Investments) +5:28, 76. Zah\u00e1lka +6:21, 85. P\u0159idal (oba Elkov &#8211; Kasper) +6:56, 87. Jakoubek (ATT Investments) +6:57.<\/p>\n\n\n\n<p>Po\u0159ad\u00ed po druh\u00e9 etap\u011b:<\/p>\n\n\n\n<p>1. Lipowitz 7:54:44, 2. Hagenes +6, 3. Johannessen +27, 4. Tolio (It.), 5. Zweihoff, 6. de Tier, 7. Otruba +35, &#8230;11. Camrda +35, 12. A. \u0164oupal\u00edk v\u0161ichni +35, 48. \u0158eha +2:06, 54. Boro\u0161 +2:35, 55. Vyso\u010dan +2:35, 56. Neuman +3:10, 64. Kukrle +3:58, 67. B\u00e1rta +4:17, 68. Petru\u0161 +5:38, 75. Zah\u00e1lka +6:31, 84. P\u0159idal +7:03, 86. Jakoubek +7:03, 90. Turek (ATT Investmens) +8:09.<\/p>\n\n\n\n<p>FOTO Czech Tour.<\/p>\n","protected":false},"excerpt":{"rendered":"<p>N\u011bmeck\u00fd jezdec Florian Lipowitz ze st\u00e1je Bora-hansgrohe ovl\u00e1dl druhou etapu cyklistick\u00e9ho z\u00e1vodu Czech Tour. Ta vedla z Olomouce na Pustevny a m\u011b\u0159ila 167 kilometr\u016f. Lipowitz si t\u00edm vybojoval prvn\u00ed profesion\u00e1ln\u00ed v\u00edt\u011bzstv\u00ed v kari\u00e9\u0159e. N\u00e1ro\u010dnou etapu, p\u0159i n\u00ed\u017e z\u00e1vodn\u00edci nastoupali 2840 metr\u016f a dvakr\u00e1t vyjeli na Pustevny, nav\u00edc poznamenalo nep\u0159\u00edzniv\u00e9 po\u010das\u00ed, v\u011bt\u0161inu \u010dasu tr\u00e1pil jezdce d\u00e9\u0161\u0165. [&hellip;]<\/p>\n","protected":false},"author":8,"featured_media":26421,"comment_status":"closed","ping_status":"open","sticky":false,"template":"","format":"standard","meta":{"footnotes":""},"categories":[2,18],"tags":[11],"class_list":["post-26420","post","type-post","status-publish","format-standard","has-post-thumbnail","hentry","category-novinky","category-silnice","tag-silnice"],"_links":{"self":[{"href":"https:\/\/www.czechcyclingfederation.com\/en\/wp-json\/wp\/v2\/posts\/26420","targetHints":{"allow":["GET"]}}],"collection":[{"href":"https:\/\/www.czechcyclingfederation.com\/en\/wp-json\/wp\/v2\/posts"}],"about":[{"href":"https:\/\/www.czechcyclingfederation.com\/en\/wp-json\/wp\/v2\/types\/post"}],"author":[{"embeddable":true,"href":"https:\/\/www.czechcyclingfederation.com\/en\/wp-json\/wp\/v2\/users\/8"}],"replies":[{"embeddable":true,"href":"https:\/\/www.czechcyclingfederation.com\/en\/wp-json\/wp\/v2\/comments?post=26420"}],"version-history":[{"count":2,"href":"https:\/\/www.czechcyclingfederation.com\/en\/wp-json\/wp\/v2\/posts\/26420\/revisions"}],"predecessor-version":[{"id":26428,"href":"https:\/\/www.czechcyclingfederation.com\/en\/wp-json\/wp\/v2\/posts\/26420\/revisions\/26428"}],"wp:featuredmedia":[{"embeddable":true,"href":"https:\/\/www.czechcyclingfederation.com\/en\/wp-json\/wp\/v2\/media\/26421"}],"wp:attachment":[{"href":"https:\/\/www.czechcyclingfederation.com\/en\/wp-json\/wp\/v2\/media?parent=26420"}],"wp:term":[{"taxonomy":"category","embeddable":true,"href":"https:\/\/www.czechcyclingfederation.com\/en\/wp-json\/wp\/v2\/categories?post=26420"},{"taxonomy":"post_tag","embeddable":true,"href":"https:\/\/www.czechcyclingfederation.com\/en\/wp-json\/wp\/v2\/tags?post=26420"}],"curies":[{"name":"wp","href":"https:\/\/api.w.org\/{rel}","templated":true}]}}