{"id":26412,"date":"2023-07-27T18:40:21","date_gmt":"2023-07-27T16:40:21","guid":{"rendered":"https:\/\/www.czechcyclingfederation.com\/?p=26412"},"modified":"2023-07-27T18:40:24","modified_gmt":"2023-07-27T16:40:24","slug":"uvodni-etapu-czech-tour-vyhral-izraelec-einhorn","status":"publish","type":"post","link":"https:\/\/www.czechcyclingfederation.com\/en\/uvodni-etapu-czech-tour-vyhral-izraelec-einhorn\/","title":{"rendered":"\u00davodn\u00ed etapu Czech Tour vyhr\u00e1l Izraelec Einhorn"},"content":{"rendered":"\n<p>Izraelsk\u00fd jezdec Itamar Einhorn z t\u00fdmu Israel-Premier Tech vyhr\u00e1l \u00favodn\u00ed etapu cyklistick\u00e9 Czech Tour. Ve spurtu etapy, kter\u00e1 vedla z Prost\u011bjova do Uni\u010dova a m\u011b\u0159ila 165 kilometr\u016f, porazil v z\u00e1v\u011bre\u010dn\u00e9m spurtu cel\u00e9ho pelotonu Belgi\u010dana Milana Fretina, t\u0159et\u00ed dojel Ameri\u010dan Luke Lamperti. Nejlep\u0161\u00edm z \u010cech\u016f byl dev\u00e1t\u00fd Dominik Neumann z t\u00fdmu Elkov-Kasper.<\/p>\n\n\n\n<p>Od startu se jednotlivci \u010di mal\u00e9 skupiny sna\u017eili o \u00fanik, ale usp\u011bl a\u017e n\u00e1stup t\u0159\u00ed jezdc\u016f po zhruba dvaceti kilometrech, mezi nimi\u017e byl tak\u00e9 \u010cech Mat\u011bj Zah\u00e1lka. I kdy\u017e skupina m\u011bla v jednu chv\u00edli n\u00e1skok v\u00edce ne\u017e dv\u011b minuty, tak peloton d\u011bn\u00ed kontroloval. Hlavn\u00ed skupinu se nepoda\u0159ilo roztrhat, a tak se rozhodovalo v Uni\u010dov\u011b ve spurtu.<\/p>\n\n\n\n<figure class=\"wp-block-image size-large\"><img loading=\"lazy\" decoding=\"async\" width=\"1024\" height=\"683\" src=\"http:\/\/www.czechcyclingfederation.com\/wp-content\/uploads\/2023\/07\/Einhorn-CzechTour_1_etapa_finis-1024x683.jpeg\" alt=\"\" class=\"wp-image-26413\" srcset=\"https:\/\/www.czechcyclingfederation.com\/wp-content\/uploads\/2023\/07\/Einhorn-CzechTour_1_etapa_finis-1024x683.jpeg 1024w, https:\/\/www.czechcyclingfederation.com\/wp-content\/uploads\/2023\/07\/Einhorn-CzechTour_1_etapa_finis-300x200.jpeg 300w, https:\/\/www.czechcyclingfederation.com\/wp-content\/uploads\/2023\/07\/Einhorn-CzechTour_1_etapa_finis-768x512.jpeg 768w, https:\/\/www.czechcyclingfederation.com\/wp-content\/uploads\/2023\/07\/Einhorn-CzechTour_1_etapa_finis-1536x1024.jpeg 1536w, https:\/\/www.czechcyclingfederation.com\/wp-content\/uploads\/2023\/07\/Einhorn-CzechTour_1_etapa_finis-2048x1366.jpeg 2048w, https:\/\/www.czechcyclingfederation.com\/wp-content\/uploads\/2023\/07\/Einhorn-CzechTour_1_etapa_finis-1320x880.jpeg 1320w\" sizes=\"auto, (max-width: 1024px) 100vw, 1024px\" \/><\/figure>\n\n\n\n<p>Hlavn\u00ed hv\u011bzda na startu z\u00e1vodu Chris Froome uznal, \u017ee etapa byla n\u00e1ro\u010dn\u011bj\u0161\u00ed, ne\u017e \u010dekal. \u201eAle pro n\u00e1\u0161 t\u00fdm dobr\u00e1, vyhr\u00e1li jsme, byl to dobr\u00fd start Czech Tour,\u201c hodnotil.<\/p>\n\n\n\n<p>V\u00fdsledky:<\/p>\n\n\n\n<p>1. etapa:<\/p>\n\n\n\n<p>Prost\u011bjov &#8211; Uni\u010dov (165 km):<\/p>\n\n\n\n<p>1. Einhorn (Izr.) 3:48:15, 2. Fretin (N\u011bm.), 3. Laperti (USA), 4. Koch (N\u011bm.), 5. Fredheim (Nor.), 6. Lonardi (It.), &#8230;9. Neuman (Elkov &#8211; Kapser), 15. Petru\u0161 (ATT Investments), 28. Boro\u0161 (Elkov &#8211; Kasper), 49. Otruba, 51. Camrda (ATT Investments), 53. Kukrle (Team Felbermayr &#8211; Simplon Wels), 57. Vyso\u010dan (RRK Group &#8211; Pierre Baguette &#8211; Benzinol), 65. P\u0159idal (Elkov &#8211; Kasper), 68. Turek (ATT Investments), 75. A. \u0164oupal\u00edk, 83. Zah\u00e1lka, 84. \u0158eha (v\u0161ichni Elkov &#8211; Kasper), 91. Jakoubek (ATT Investments), 100. B\u00e1rta (Elkov &#8211; Kasper) v\u0161ichni stejn\u00fd \u010das.<\/p>\n\n\n\n<figure class=\"wp-block-image size-large\"><img loading=\"lazy\" decoding=\"async\" width=\"1024\" height=\"681\" src=\"http:\/\/www.czechcyclingfederation.com\/wp-content\/uploads\/2023\/07\/stupne-1-1024x681.jpg\" alt=\"\" class=\"wp-image-26417\" srcset=\"https:\/\/www.czechcyclingfederation.com\/wp-content\/uploads\/2023\/07\/stupne-1-1024x681.jpg 1024w, https:\/\/www.czechcyclingfederation.com\/wp-content\/uploads\/2023\/07\/stupne-1-300x200.jpg 300w, https:\/\/www.czechcyclingfederation.com\/wp-content\/uploads\/2023\/07\/stupne-1-768x511.jpg 768w, https:\/\/www.czechcyclingfederation.com\/wp-content\/uploads\/2023\/07\/stupne-1-1536x1021.jpg 1536w, https:\/\/www.czechcyclingfederation.com\/wp-content\/uploads\/2023\/07\/stupne-1-1320x878.jpg 1320w, https:\/\/www.czechcyclingfederation.com\/wp-content\/uploads\/2023\/07\/stupne-1.jpg 1600w\" sizes=\"auto, (max-width: 1024px) 100vw, 1024px\" \/><\/figure>\n","protected":false},"excerpt":{"rendered":"<p>Izraelsk\u00fd jezdec Itamar Einhorn z t\u00fdmu Israel-Premier Tech vyhr\u00e1l \u00favodn\u00ed etapu cyklistick\u00e9 Czech Tour. Ve spurtu etapy, kter\u00e1 vedla z Prost\u011bjova do Uni\u010dova a m\u011b\u0159ila 165 kilometr\u016f, porazil v z\u00e1v\u011bre\u010dn\u00e9m spurtu cel\u00e9ho pelotonu Belgi\u010dana Milana Fretina, t\u0159et\u00ed dojel Ameri\u010dan Luke Lamperti. Nejlep\u0161\u00edm z \u010cech\u016f byl dev\u00e1t\u00fd Dominik Neumann z t\u00fdmu Elkov-Kasper. Od startu se jednotlivci [&hellip;]<\/p>\n","protected":false},"author":8,"featured_media":26415,"comment_status":"closed","ping_status":"open","sticky":false,"template":"","format":"standard","meta":{"footnotes":""},"categories":[2,46,18],"tags":[11],"class_list":["post-26412","post","type-post","status-publish","format-standard","has-post-thumbnail","hentry","category-novinky","category-novinky-sportovni-centra","category-silnice","tag-silnice"],"_links":{"self":[{"href":"https:\/\/www.czechcyclingfederation.com\/en\/wp-json\/wp\/v2\/posts\/26412","targetHints":{"allow":["GET"]}}],"collection":[{"href":"https:\/\/www.czechcyclingfederation.com\/en\/wp-json\/wp\/v2\/posts"}],"about":[{"href":"https:\/\/www.czechcyclingfederation.com\/en\/wp-json\/wp\/v2\/types\/post"}],"author":[{"embeddable":true,"href":"https:\/\/www.czechcyclingfederation.com\/en\/wp-json\/wp\/v2\/users\/8"}],"replies":[{"embeddable":true,"href":"https:\/\/www.czechcyclingfederation.com\/en\/wp-json\/wp\/v2\/comments?post=26412"}],"version-history":[{"count":1,"href":"https:\/\/www.czechcyclingfederation.com\/en\/wp-json\/wp\/v2\/posts\/26412\/revisions"}],"predecessor-version":[{"id":26419,"href":"https:\/\/www.czechcyclingfederation.com\/en\/wp-json\/wp\/v2\/posts\/26412\/revisions\/26419"}],"wp:featuredmedia":[{"embeddable":true,"href":"https:\/\/www.czechcyclingfederation.com\/en\/wp-json\/wp\/v2\/media\/26415"}],"wp:attachment":[{"href":"https:\/\/www.czechcyclingfederation.com\/en\/wp-json\/wp\/v2\/media?parent=26412"}],"wp:term":[{"taxonomy":"category","embeddable":true,"href":"https:\/\/www.czechcyclingfederation.com\/en\/wp-json\/wp\/v2\/categories?post=26412"},{"taxonomy":"post_tag","embeddable":true,"href":"https:\/\/www.czechcyclingfederation.com\/en\/wp-json\/wp\/v2\/tags?post=26412"}],"curies":[{"name":"wp","href":"https:\/\/api.w.org\/{rel}","templated":true}]}}