{"id":26375,"date":"2023-07-24T14:09:47","date_gmt":"2023-07-24T12:09:47","guid":{"rendered":"https:\/\/www.czechcyclingfederation.com\/?p=26375"},"modified":"2023-07-24T14:09:49","modified_gmt":"2023-07-24T12:09:49","slug":"czech-tour-chris-froome-tri-elitni-formace-world-tour-a-hvezdy-ceskeho-pelotonu","status":"publish","type":"post","link":"https:\/\/www.czechcyclingfederation.com\/en\/czech-tour-chris-froome-tri-elitni-formace-world-tour-a-hvezdy-ceskeho-pelotonu\/","title":{"rendered":"Czech Tour: Chris Froome, t\u0159i elitn\u00ed formace World Tour a hv\u011bzdy \u010desk\u00e9ho pelotonu"},"content":{"rendered":"\n<p>Bude to show! Na startu Czech Tour, nejpresti\u017en\u011bj\u0161\u00edho etapov\u00e9ho z\u00e1vodu u n\u00e1s, se objev\u00ed hv\u011bzdn\u00fd Chris Froome z Israel \u2013 Premier Tech, t\u0159i t\u00fdmy z World Tour i \u010desk\u00e1 \u0161pi\u010dka. Fanou\u0161k\u016fm se p\u0159edstav\u00ed od 27. do 30. \u010dervence zejm\u00e9na v Olomouck\u00e9m a Moravskoslezsk\u00e9m kraji. Na&nbsp;cyklisty \u010dek\u00e1 ve \u010dty\u0159ech dnech porce t\u00e9m\u011b\u0159 11,5 tis\u00edce v\u00fd\u0161kov\u00fdch metr\u016f. Pro div\u00e1ky je nav\u00edc p\u0159ipraven\u00fd bohat\u00fd doprovodn\u00fd program.<\/p>\n\n\n\n<p><strong>Chris Froome a nabit\u00e1 startovn\u00ed listina<\/strong><\/p>\n\n\n\n<p>\u201eMoc se t\u011b\u0161\u00edm na to, \u017ee budu poprv\u00e9 z\u00e1vodit v \u010cesk\u00e9 republice pr\u00e1v\u011b na Czech Tour. Je super, \u017ee se znovu setk\u00e1m se sv\u00fdm b\u00fdval\u00fdm t\u00fdmov\u00fdm kolegou Leo K\u00f6nigem, kter\u00fd se mnou ve Sky v&nbsp;roce 2015 vyhr\u00e1l Tour de France, a uvid\u00edm z\u00e1vod, kter\u00fd nyn\u00ed \u0159\u00edd\u00ed. M\u00e1m za sebou dobr\u00fd tr\u00e9ninkov\u00fd blok a jsem p\u0159ipraven zah\u00e1jit druhou \u010d\u00e1st sezony,\u201c \u0159\u00edk\u00e1 Chris Froome.<\/p>\n\n\n\n<p>Na \u010desk\u00fdch silnic\u00edch pojedou tak\u00e9 t\u0159i formace z World Tour:&nbsp;Jumbo-Visma, BORA &#8211; hansgrohe, Intermarch\u00e9 &#8211; Circus &#8211; Wanty. \u201eSlibujeme atraktivn\u00ed cyklistiku nejvy\u0161\u0161\u00ed kvality. Nabit\u00e1 startovn\u00ed listina garantuje skv\u011blou pod\u00edvanou,\u201c \u0159\u00edk\u00e1 Leopold K\u00f6nig, \u0159editel Czech Tour. Za n\u011bmeckou Boru se p\u0159edvede Estonec Rein Taaram\u00e4e, osmn\u00e1ctin\u00e1sobn\u00fd \u00fa\u010dastn\u00edk Grand Tours a&nbsp;dvojn\u00e1sobn\u00fd v\u00edt\u011bz etapy na Vuelta a Espa\u00f1a.<\/p>\n\n\n\n<p>\u00da\u010dast potvrdil nap\u0159\u00edklad i Karel Vacek (Corratec Selle Italia), kter\u00fd letos dojel druh\u00fd v sedm\u00e9 etap\u011b Giro d&#8217;Italia. Mezi p\u0159ihl\u00e1\u0161en\u00fdmi jsou i \u0161pi\u010dkov\u00e9 t\u00fdmy druh\u00e9 nejvy\u0161\u0161\u00ed divize, v\u010detn\u011b Uno-X, \u00fa\u010dastn\u00edka leto\u0161n\u00ed Tour de France. Chyb\u011bt nebudou ani nejlep\u0161\u00ed \u010desk\u00e9 sestavy Elkov &#8211; Kasper a ATT Investments.<\/p>\n\n\n\n<p><strong>\u010cty\u0159i t\u011b\u017ek\u00e9 dny, v kr\u00e1lovsk\u00e9 etap\u011b dvakr\u00e1t na Dlouh\u00e9 str\u00e1n\u011b<\/strong><\/p>\n\n\n\n<p>\u00davodn\u00ed etapa startuje v Prost\u011bjov\u011b a po t\u00e9m\u011b\u0159 170 kilometrech kon\u010d\u00ed v Uni\u010dov\u011b. Z\u00e1vodn\u00edci budou m\u00edt v noh\u00e1ch 2 217 v\u00fd\u0161kov\u00fdch metr\u016f a o\u010dek\u00e1v\u00e1 se hromadn\u00fd dojezd.<\/p>\n\n\n\n<p>O den pozd\u011bji se peloton vyd\u00e1 vst\u0159\u00edc 167 kilometr\u016fm z Horn\u00edho n\u00e1m\u011bst\u00ed v Olomouci, p\u0159i\u010dem\u017e fini\u0161ovat se bude na Pustevn\u00e1ch. Cyklist\u00e9 poko\u0159\u00ed 2 840 v\u00fd\u0161kov\u00fdch metr\u016f. \u201eKa\u017ed\u00fd z&nbsp;borc\u016f s&nbsp;ambicemi na celkov\u00e9 po\u0159ad\u00ed bude muset b\u00fdt mimo\u0159\u00e1dn\u011b ostra\u017eit\u00fd, aby jeho sen v t\u011b\u017ek\u00e9m stoup\u00e1n\u00ed neskon\u010dil p\u0159ed\u010dasn\u011b,\u201c podot\u00fdk\u00e1 K\u00f6nig.&nbsp;<\/p>\n\n\n\n<p>T\u0159et\u00ed d\u011bjstv\u00ed odstartuje v Moravsk\u00e9 T\u0159ebov\u00e9, rodi\u0161ti Leo K\u00f6niga. Kr\u00e1lovsk\u00e1 etapa napl\u00e1novan\u00e1 na 29. \u010dervence m\u011b\u0159\u00ed 161,5 kilometru a bude drsnou prov\u011brkou pro v\u0161echny vrcha\u0159e. Celkem se do nohou borc\u016f v sedlech zakousne 3 404 v\u00fd\u0161kov\u00fdch metr\u016f. Dvakr\u00e1t se pojede na Dlouh\u00e9 str\u00e1n\u011b, ov\u0161em c\u00edl organiz\u00e1to\u0159i p\u0159ipravili v podob\u011b v\u00fdstupu na \u010cervenohorsk\u00e9 sedlo. Tady se m\u016f\u017ee z\u00e1vod rozhodnout.<\/p>\n\n\n\n<p>Fin\u00e1le p\u0159ijde na \u0159adu p\u0159i etap\u011b z \u0160umperku do \u0160ternberku. Cyklist\u00e9 budou muset b\u011bhem 176,2 kilometru zdolat 2 982 v\u00fd\u0161kov\u00fdch metr\u016f. Okruhy ve \u0160ternberku jsou nevyzpytateln\u00e9 a&nbsp;mohou je\u0161t\u011b zp\u016fsobit zm\u011bny v kone\u010dn\u00e9m po\u0159ad\u00ed.<\/p>\n\n\n\n<p><strong>Nov\u00fd n\u00e1zev, vy\u0161\u0161\u00ed ambice<\/strong><\/p>\n\n\n\n<p>Gener\u00e1ln\u00edm partnerem z\u016fst\u00e1v\u00e1 spole\u010dnost SAZKA, jej\u00ed\u017e n\u00e1zev v minulosti z\u00e1vod nesl. Czech Tour je i v roce 2023 sou\u010d\u00e1st\u00ed s\u00e9rie Europe Tour.&nbsp;<\/p>\n\n\n\n<p>\u201eCyklistika je v \u010cesku zdaleka nejpopul\u00e1rn\u011bj\u0161\u00ed sport a my v\u011b\u0159\u00edme, \u017ee Czech Tour m\u00e1 potenci\u00e1l st\u00e1t se nejzn\u00e1m\u011bj\u0161\u00ed sportovn\u00ed akc\u00ed spojenou s \u010ceskou republikou, na kterou bude cel\u00e1 zem\u011b py\u0161n\u00e1,\u201c \u0159\u00edk\u00e1 Petr Jon\u00e1k, \u0159editel vn\u011bj\u0161\u00edch vztah\u016f a udr\u017eitelnosti spole\u010dnosti Sazka, a dopl\u0148uje: Se z\u00e1vodem m\u00e1me velk\u00e9 pl\u00e1ny. Zat\u00edm se odehr\u00e1v\u00e1 v Jesen\u00edk\u00e1ch a Beskydech, ale v dal\u0161\u00edch letech chceme s organiz\u00e1tory vyu\u017e\u00edt potenci\u00e1l cel\u00e9 zem\u011b. Pro p\u0159\u00ed\u0161t\u00ed ro\u010dn\u00edk po\u010d\u00edt\u00e1me i s hobby z\u00e1vody a vt\u00e1hnut\u00edm co nej\u0161ir\u0161\u00edho okruhu zap\u00e1len\u00fdch amat\u00e9r\u016f. Rozr\u016fstat se bude tak\u00e9 doprovodn\u00fd program pro ve\u0159ejnost.\u201c<\/p>\n\n\n\n<p><strong>Atraktivn\u00ed doprovodn\u00fd program pro cel\u00e9 rodiny<\/strong><\/p>\n\n\n\n<p>Na startech jednotliv\u00fdch etap mohou fanou\u0161ci sledovat p\u0159edstaven\u00ed t\u00fdm\u016f a tak\u00e9 v c\u00edli je v\u017edy p\u0159ipraven\u00fd atraktivn\u00ed program. Ka\u017ed\u00fd den zahraj\u00ed hudebn\u00ed kapely, v prodeji bude ofici\u00e1ln\u00ed merchandising.&nbsp;<\/p>\n\n\n\n<p>O v\u00edkendu se n\u00e1v\u0161t\u011bvn\u00edci mohou t\u011b\u0161it na uk\u00e1zky adrenalinov\u00fdch sport\u016f, jako je slackline nebo j\u00edzda na BMX kole na Sazka pumptracku, kter\u00fd postavil Jan Valenta, trojn\u00e1sobn\u00fd mistr sv\u011bta ve&nbsp;freestyle BMX. Kompletn\u00ed program je k dispozici na<a href=\"http:\/\/www.czechtour.com\/\">&nbsp;www.czechtour.com<\/a>.<\/p>\n\n\n\n<p>Nejlep\u0161\u00ed cyklistiku lze za\u017e\u00edt i v Praze. Na pra\u017esk\u00e9 Bo\u0159islavce pokra\u010duje Pelotonie, prodejn\u00ed v\u00fdstava nejlep\u0161\u00edch cyklistick\u00fdch fotografi\u00ed nejen z Czech Tour, ale i Tour de France a dal\u0161\u00edch elitn\u00edch z\u00e1vod\u016f. V\u00fdt\u011b\u017eek je v\u011bnov\u00e1n na dobro\u010dinn\u00e9 \u00fa\u010dely.<\/p>\n\n\n\n<p><strong>Program Czech Tour 2023<\/strong><\/p>\n\n\n\n<p>\u00b7&nbsp;&nbsp;&nbsp;&nbsp;&nbsp;&nbsp;&nbsp;&nbsp;1. etapa \u2013 27. \u010dervence: Prost\u011bjov (N\u00e1m. T. G. Masaryka) \u2013 Uni\u010dov (ul. Hrdin\u016f),&nbsp;<br>165 km \/ 2 217 v\u00fd\u0161kov\u00fdch metr\u016f<\/p>\n\n\n\n<p>\u00b7&nbsp;&nbsp;&nbsp;&nbsp;&nbsp;&nbsp;&nbsp;&nbsp;2. etapa \u2013 28. \u010dervence: Olomouc (Horn\u00ed n\u00e1m.) \u2013 Pustevny, 166,9 km \/ 2 840 v\u00fd\u0161kov\u00fdch metr\u016f<\/p>\n\n\n\n<p>\u00b7&nbsp;&nbsp;&nbsp;&nbsp;&nbsp;&nbsp;&nbsp;&nbsp;3. etapa \u2013 29. \u010dervence: Moravsk\u00e1 T\u0159ebov\u00e1 (N\u00e1m\u011bst\u00ed T. G. Masaryka) \u2013 \u010cervenohorsk\u00e9 sedlo, 161,5 km \/ 3 404 v\u00fd\u0161kov\u00fdch metr\u016f<\/p>\n\n\n\n<p>\u00b7&nbsp;&nbsp;&nbsp;&nbsp;&nbsp;&nbsp;&nbsp;&nbsp;4. etapa \u2013 30. \u010dervence: \u0160umperk (N\u00e1m. m\u00edru) \u2013 \u0160ternberk (Radni\u010dn\u00ed), 176,2 km \/ 2&nbsp;982 v\u00fd\u0161kov\u00fdch metr\u016f<\/p>\n\n\n\n<p>\u010cesk\u00e1 televize p\u0159inese ka\u017ed\u00fd den sest\u0159ih z dan\u00e9 etapy.<\/p>\n\n\n\n<p>AUTOR: TZ Czech Tour<\/p>\n\n\n\n<p>FOTO: \u00a0Israel \u2013 Premier Tech<\/p>\n","protected":false},"excerpt":{"rendered":"<p>Bude to show! Na startu Czech Tour, nejpresti\u017en\u011bj\u0161\u00edho etapov\u00e9ho z\u00e1vodu u n\u00e1s, se objev\u00ed hv\u011bzdn\u00fd Chris Froome z Israel \u2013 Premier Tech, t\u0159i t\u00fdmy z World Tour i \u010desk\u00e1 \u0161pi\u010dka. Fanou\u0161k\u016fm se p\u0159edstav\u00ed od 27. do 30. \u010dervence zejm\u00e9na v Olomouck\u00e9m a Moravskoslezsk\u00e9m kraji. Na&nbsp;cyklisty \u010dek\u00e1 ve \u010dty\u0159ech dnech porce t\u00e9m\u011b\u0159 11,5 tis\u00edce v\u00fd\u0161kov\u00fdch metr\u016f. [&hellip;]<\/p>\n","protected":false},"author":1,"featured_media":26376,"comment_status":"closed","ping_status":"open","sticky":false,"template":"","format":"standard","meta":{"footnotes":""},"categories":[2,18],"tags":[11],"class_list":["post-26375","post","type-post","status-publish","format-standard","has-post-thumbnail","hentry","category-novinky","category-silnice","tag-silnice"],"_links":{"self":[{"href":"https:\/\/www.czechcyclingfederation.com\/en\/wp-json\/wp\/v2\/posts\/26375","targetHints":{"allow":["GET"]}}],"collection":[{"href":"https:\/\/www.czechcyclingfederation.com\/en\/wp-json\/wp\/v2\/posts"}],"about":[{"href":"https:\/\/www.czechcyclingfederation.com\/en\/wp-json\/wp\/v2\/types\/post"}],"author":[{"embeddable":true,"href":"https:\/\/www.czechcyclingfederation.com\/en\/wp-json\/wp\/v2\/users\/1"}],"replies":[{"embeddable":true,"href":"https:\/\/www.czechcyclingfederation.com\/en\/wp-json\/wp\/v2\/comments?post=26375"}],"version-history":[{"count":1,"href":"https:\/\/www.czechcyclingfederation.com\/en\/wp-json\/wp\/v2\/posts\/26375\/revisions"}],"predecessor-version":[{"id":26378,"href":"https:\/\/www.czechcyclingfederation.com\/en\/wp-json\/wp\/v2\/posts\/26375\/revisions\/26378"}],"wp:featuredmedia":[{"embeddable":true,"href":"https:\/\/www.czechcyclingfederation.com\/en\/wp-json\/wp\/v2\/media\/26376"}],"wp:attachment":[{"href":"https:\/\/www.czechcyclingfederation.com\/en\/wp-json\/wp\/v2\/media?parent=26375"}],"wp:term":[{"taxonomy":"category","embeddable":true,"href":"https:\/\/www.czechcyclingfederation.com\/en\/wp-json\/wp\/v2\/categories?post=26375"},{"taxonomy":"post_tag","embeddable":true,"href":"https:\/\/www.czechcyclingfederation.com\/en\/wp-json\/wp\/v2\/tags?post=26375"}],"curies":[{"name":"wp","href":"https:\/\/api.w.org\/{rel}","templated":true}]}}