{"id":26353,"date":"2023-07-23T18:50:34","date_gmt":"2023-07-23T16:50:34","guid":{"rendered":"https:\/\/www.czechcyclingfederation.com\/?p=26353"},"modified":"2023-07-23T18:50:37","modified_gmt":"2023-07-23T16:50:37","slug":"toupalik-slavi-vitezny-hattrick-v-zavode-brno-mikulov-brno","status":"publish","type":"post","link":"https:\/\/www.czechcyclingfederation.com\/en\/toupalik-slavi-vitezny-hattrick-v-zavode-brno-mikulov-brno\/","title":{"rendered":"\u0164oupal\u00edk slav\u00ed v\u00edt\u011bzn\u00fd hattrick v\u00a0z\u00e1vod\u011b Brno-Mikulov-Brno"},"content":{"rendered":"\n<p><strong>Adam \u0164oupal\u00edk<\/strong> z\u00a0t\u00fdmu Elkov Kasper se stal pot\u0159et\u00ed v\u00a0\u0159ad\u011b kr\u00e1lem cyklistick\u00e9ho z\u00e1vodu Brno-Mikulov-Brno za\u0159azen\u00e9ho do s\u00e9rie Visegrad 4 Bicycle Race. Dosavadn\u00ed t\u0159i ro\u010dn\u00edky tak maj\u00ed st\u00e1le stejn\u00e9ho v\u00edt\u011bze.<\/p>\n\n\n\n<p><strong><em>\u201eUr\u010dit\u011b je to jeden z\u00a0m\u00fdch obl\u00edben\u00fdch z\u00e1vod\u016f. L\u00edb\u00ed se mi zdej\u0161\u00ed tra\u0165, v\u00a0tomto obdob\u00ed m\u00edv\u00e1m dobrou formu a m\u00e1m radost, \u017ee se mi povedlo znovu vyhr\u00e1t,\u201c <\/em><\/strong>\u0159ekl \u0164oupal\u00edk.<\/p>\n\n\n\n<figure class=\"wp-block-image size-large\"><img loading=\"lazy\" decoding=\"async\" width=\"1024\" height=\"682\" src=\"https:\/\/www.czechcyclingfederation.com\/wp-content\/uploads\/2023\/07\/DSC_1074-1024x682.jpg\" alt=\"\" class=\"wp-image-26356\" srcset=\"https:\/\/www.czechcyclingfederation.com\/wp-content\/uploads\/2023\/07\/DSC_1074-1024x682.jpg 1024w, https:\/\/www.czechcyclingfederation.com\/wp-content\/uploads\/2023\/07\/DSC_1074-300x200.jpg 300w, https:\/\/www.czechcyclingfederation.com\/wp-content\/uploads\/2023\/07\/DSC_1074-768x511.jpg 768w, https:\/\/www.czechcyclingfederation.com\/wp-content\/uploads\/2023\/07\/DSC_1074-1536x1022.jpg 1536w, https:\/\/www.czechcyclingfederation.com\/wp-content\/uploads\/2023\/07\/DSC_1074-2048x1363.jpg 2048w, https:\/\/www.czechcyclingfederation.com\/wp-content\/uploads\/2023\/07\/DSC_1074-1320x879.jpg 1320w\" sizes=\"auto, (max-width: 1024px) 100vw, 1024px\" \/><\/figure>\n\n\n\n<p>O sv\u00e9m triumfu rozhodl a\u017e v\u00a0sam\u00e9m z\u00e1v\u011bru ve stoup\u00e1n\u00ed na \u0160pilberk, kdy m\u011bl nejv\u00edce sil z\u00a0vedouc\u00ed \u010dtve\u0159ice. C\u00edlem projel s\u00a0m\u00edrn\u00fdm n\u00e1skokem p\u0159ed Pol\u00e1kem <strong>Maciejem Paterskim<\/strong> (Voster ATS Team), t\u0159et\u00ed skon\u010dil <strong>Ma\u010far M\u00e1rton <\/strong>Dina z\u00a0\u010desk\u00e9 st\u00e1je ATT Investments. <strong><em>\u201eZ\u00e1v\u011br jsem dob\u0159e znal a v\u011bd\u011bl jsem, kde to chci zkusit. Stoup\u00e1n\u00ed na \u0160pilberk mi sed\u00ed a zase se mi to poda\u0159ilo urvat,\u201c <\/em><\/strong>m\u011bl radost v\u00edt\u011bz z\u00a0t\u00fdmu Elkov Kasper.<\/p>\n\n\n\n<figure class=\"wp-block-image size-large\"><img loading=\"lazy\" decoding=\"async\" width=\"1024\" height=\"684\" src=\"https:\/\/www.czechcyclingfederation.com\/wp-content\/uploads\/2023\/07\/IHP_2358-1024x684.jpg\" alt=\"\" class=\"wp-image-26358\" srcset=\"https:\/\/www.czechcyclingfederation.com\/wp-content\/uploads\/2023\/07\/IHP_2358-1024x684.jpg 1024w, https:\/\/www.czechcyclingfederation.com\/wp-content\/uploads\/2023\/07\/IHP_2358-300x200.jpg 300w, https:\/\/www.czechcyclingfederation.com\/wp-content\/uploads\/2023\/07\/IHP_2358-768x513.jpg 768w, https:\/\/www.czechcyclingfederation.com\/wp-content\/uploads\/2023\/07\/IHP_2358-1536x1025.jpg 1536w, https:\/\/www.czechcyclingfederation.com\/wp-content\/uploads\/2023\/07\/IHP_2358-2048x1367.jpg 2048w, https:\/\/www.czechcyclingfederation.com\/wp-content\/uploads\/2023\/07\/IHP_2358-1320x881.jpg 1320w\" sizes=\"auto, (max-width: 1024px) 100vw, 1024px\" \/><\/figure>\n\n\n\n<p>Zhruba 40 km p\u0159ed c\u00edlem atakoval z&nbsp;vedouc\u00ed skupiny Raku\u0161an Zangerle, vytvo\u0159il si n\u00e1skok a\u017e minutu a p\u016fl, ale d\u00edky spolupr\u00e1ci t\u00fdm\u016f Elkov Kasper a ATT Investments byl i on zhruba po 20 kilometrech dojet. Velkou z\u00e1sluhu na tom m\u011bli zejm\u00e9na B\u00e1rta, Otruba a Boro\u0161.<\/p>\n\n\n\n<figure class=\"wp-block-image size-large\"><img loading=\"lazy\" decoding=\"async\" width=\"1024\" height=\"682\" src=\"https:\/\/www.czechcyclingfederation.com\/wp-content\/uploads\/2023\/07\/DSC_0839-1024x682.jpg\" alt=\"\" class=\"wp-image-26360\" srcset=\"https:\/\/www.czechcyclingfederation.com\/wp-content\/uploads\/2023\/07\/DSC_0839-1024x682.jpg 1024w, https:\/\/www.czechcyclingfederation.com\/wp-content\/uploads\/2023\/07\/DSC_0839-300x200.jpg 300w, https:\/\/www.czechcyclingfederation.com\/wp-content\/uploads\/2023\/07\/DSC_0839-768x511.jpg 768w, https:\/\/www.czechcyclingfederation.com\/wp-content\/uploads\/2023\/07\/DSC_0839-1536x1022.jpg 1536w, https:\/\/www.czechcyclingfederation.com\/wp-content\/uploads\/2023\/07\/DSC_0839-2048x1363.jpg 2048w, https:\/\/www.czechcyclingfederation.com\/wp-content\/uploads\/2023\/07\/DSC_0839-1320x879.jpg 1320w\" sizes=\"auto, (max-width: 1024px) 100vw, 1024px\" \/><\/figure>\n\n\n\n<p>Pr\u00e1v\u011b Boro\u0161 s&nbsp;Otrubou zhruba 13 km p\u0159ed c\u00edlem odjeli ve sjezdu z&nbsp;vedouc\u00ed skupiny, ale i oni byli po p\u011bti kilometrech sna\u017een\u00ed pohlceni. Vedouc\u00ed skupina se v&nbsp;kopc\u00edch ov\u0161em zredukovala a v&nbsp;z\u00e1v\u011bru z\u016fstali na \u010dele u\u017e jen \u010dty\u0159i z\u00e1vodn\u00edci: \u0164oupal\u00edk, Dina z ATT a Pol\u00e1ci Paterski s Budzinskim.<\/p>\n\n\n\n<figure class=\"wp-block-image size-large\"><img loading=\"lazy\" decoding=\"async\" width=\"1024\" height=\"682\" src=\"https:\/\/www.czechcyclingfederation.com\/wp-content\/uploads\/2023\/07\/DSC_0841-1024x682.jpg\" alt=\"\" class=\"wp-image-26362\" srcset=\"https:\/\/www.czechcyclingfederation.com\/wp-content\/uploads\/2023\/07\/DSC_0841-1024x682.jpg 1024w, https:\/\/www.czechcyclingfederation.com\/wp-content\/uploads\/2023\/07\/DSC_0841-300x200.jpg 300w, https:\/\/www.czechcyclingfederation.com\/wp-content\/uploads\/2023\/07\/DSC_0841-768x511.jpg 768w, https:\/\/www.czechcyclingfederation.com\/wp-content\/uploads\/2023\/07\/DSC_0841-1536x1022.jpg 1536w, https:\/\/www.czechcyclingfederation.com\/wp-content\/uploads\/2023\/07\/DSC_0841-2048x1363.jpg 2048w, https:\/\/www.czechcyclingfederation.com\/wp-content\/uploads\/2023\/07\/DSC_0841-1320x879.jpg 1320w\" sizes=\"auto, (max-width: 1024px) 100vw, 1024px\" \/><\/figure>\n\n\n\n<p><strong><em>\u201eV posledn\u00edm stoup\u00e1n\u00ed tam \u0161el nejprve jeden z Pol\u00e1k\u016f, ale pohl\u00eddal jsem si ho a potom jsem u\u017e \u0161el p\u0159es n\u011bj a nebylo co \u0159e\u0161it. Nebyl to v\u016fbec lehk\u00fd z\u00e1vod, ale v\u011b\u0159il jsem si. Mysl\u00edm, \u017ee se mi nikdy nepoda\u0159ilo vyhr\u00e1t z\u00e1vod t\u0159ikr\u00e1t po sob\u011b, tak\u017ee jsem za to r\u00e1d,\u201c <\/em><\/strong>dodal Adam \u0164oupal\u00edk.<\/p>\n\n\n\n<figure class=\"wp-block-image size-large\"><img loading=\"lazy\" decoding=\"async\" width=\"1024\" height=\"684\" src=\"https:\/\/www.czechcyclingfederation.com\/wp-content\/uploads\/2023\/07\/IHP_2670-1024x684.jpg\" alt=\"\" class=\"wp-image-26364\" srcset=\"https:\/\/www.czechcyclingfederation.com\/wp-content\/uploads\/2023\/07\/IHP_2670-1024x684.jpg 1024w, https:\/\/www.czechcyclingfederation.com\/wp-content\/uploads\/2023\/07\/IHP_2670-300x200.jpg 300w, https:\/\/www.czechcyclingfederation.com\/wp-content\/uploads\/2023\/07\/IHP_2670-768x513.jpg 768w, https:\/\/www.czechcyclingfederation.com\/wp-content\/uploads\/2023\/07\/IHP_2670-1536x1025.jpg 1536w, https:\/\/www.czechcyclingfederation.com\/wp-content\/uploads\/2023\/07\/IHP_2670-2048x1367.jpg 2048w, https:\/\/www.czechcyclingfederation.com\/wp-content\/uploads\/2023\/07\/IHP_2670-1320x881.jpg 1320w\" sizes=\"auto, (max-width: 1024px) 100vw, 1024px\" \/><\/figure>\n\n\n\n<p><strong>V\u00fdsledky <\/strong>(188 km): 1. \u0164oupal\u00edk (\u010cR\/Elkov Kasper) 4:41:41, 2. Paterski (Pol.\/ Voster ATS Team) +6 s, 3. Dina (Ma\u010f.\/ATT Invetments) +9, 4. Budzinski (Pol.\/HRE Mazowsze Serce Polski) +13, 5. Brozyna (Pol.\/Voster ATS Team) +20, 6. Jakoubek (\u010cR\/ATT Investments) +21, 7. Kukrle (\u010cR\/Felbermayr &#8211; Simplon Wels,) +25, 8. Voltr (\u010cR\/RRK group &#8211; PierreBaguette \u2013 Benzinol) +40.<\/p>\n\n\n\n<p>Foto: Jan Brychta<\/p>\n\n\n\n<figure class=\"wp-block-image size-large\"><img loading=\"lazy\" decoding=\"async\" width=\"1024\" height=\"682\" src=\"https:\/\/www.czechcyclingfederation.com\/wp-content\/uploads\/2023\/07\/DSC_0214-1024x682.jpg\" alt=\"\" class=\"wp-image-26367\" srcset=\"https:\/\/www.czechcyclingfederation.com\/wp-content\/uploads\/2023\/07\/DSC_0214-1024x682.jpg 1024w, https:\/\/www.czechcyclingfederation.com\/wp-content\/uploads\/2023\/07\/DSC_0214-300x200.jpg 300w, https:\/\/www.czechcyclingfederation.com\/wp-content\/uploads\/2023\/07\/DSC_0214-768x511.jpg 768w, https:\/\/www.czechcyclingfederation.com\/wp-content\/uploads\/2023\/07\/DSC_0214-1536x1022.jpg 1536w, https:\/\/www.czechcyclingfederation.com\/wp-content\/uploads\/2023\/07\/DSC_0214-2048x1363.jpg 2048w, https:\/\/www.czechcyclingfederation.com\/wp-content\/uploads\/2023\/07\/DSC_0214-1320x879.jpg 1320w\" sizes=\"auto, (max-width: 1024px) 100vw, 1024px\" \/><\/figure>\n\n\n\n<figure class=\"wp-block-image size-large\"><img loading=\"lazy\" decoding=\"async\" width=\"1024\" height=\"682\" src=\"https:\/\/www.czechcyclingfederation.com\/wp-content\/uploads\/2023\/07\/DSC_0704-1024x682.jpg\" alt=\"\" class=\"wp-image-26369\" srcset=\"https:\/\/www.czechcyclingfederation.com\/wp-content\/uploads\/2023\/07\/DSC_0704-1024x682.jpg 1024w, https:\/\/www.czechcyclingfederation.com\/wp-content\/uploads\/2023\/07\/DSC_0704-300x200.jpg 300w, https:\/\/www.czechcyclingfederation.com\/wp-content\/uploads\/2023\/07\/DSC_0704-768x511.jpg 768w, https:\/\/www.czechcyclingfederation.com\/wp-content\/uploads\/2023\/07\/DSC_0704-1536x1022.jpg 1536w, https:\/\/www.czechcyclingfederation.com\/wp-content\/uploads\/2023\/07\/DSC_0704-2048x1363.jpg 2048w, https:\/\/www.czechcyclingfederation.com\/wp-content\/uploads\/2023\/07\/DSC_0704-1320x879.jpg 1320w\" sizes=\"auto, (max-width: 1024px) 100vw, 1024px\" \/><\/figure>\n\n\n\n<figure class=\"wp-block-image size-large\"><img loading=\"lazy\" decoding=\"async\" width=\"1024\" height=\"684\" src=\"https:\/\/www.czechcyclingfederation.com\/wp-content\/uploads\/2023\/07\/IHP_2308-1024x684.jpg\" alt=\"\" class=\"wp-image-26372\" srcset=\"https:\/\/www.czechcyclingfederation.com\/wp-content\/uploads\/2023\/07\/IHP_2308-1024x684.jpg 1024w, https:\/\/www.czechcyclingfederation.com\/wp-content\/uploads\/2023\/07\/IHP_2308-300x200.jpg 300w, https:\/\/www.czechcyclingfederation.com\/wp-content\/uploads\/2023\/07\/IHP_2308-768x513.jpg 768w, https:\/\/www.czechcyclingfederation.com\/wp-content\/uploads\/2023\/07\/IHP_2308-1536x1025.jpg 1536w, https:\/\/www.czechcyclingfederation.com\/wp-content\/uploads\/2023\/07\/IHP_2308-2048x1367.jpg 2048w, https:\/\/www.czechcyclingfederation.com\/wp-content\/uploads\/2023\/07\/IHP_2308-1320x881.jpg 1320w\" sizes=\"auto, (max-width: 1024px) 100vw, 1024px\" \/><\/figure>\n","protected":false},"excerpt":{"rendered":"<p>Adam \u0164oupal\u00edk z\u00a0t\u00fdmu Elkov Kasper se stal pot\u0159et\u00ed v\u00a0\u0159ad\u011b kr\u00e1lem cyklistick\u00e9ho z\u00e1vodu Brno-Mikulov-Brno za\u0159azen\u00e9ho do s\u00e9rie Visegrad 4 Bicycle Race. Dosavadn\u00ed t\u0159i ro\u010dn\u00edky tak maj\u00ed st\u00e1le stejn\u00e9ho v\u00edt\u011bze. \u201eUr\u010dit\u011b je to jeden z\u00a0m\u00fdch obl\u00edben\u00fdch z\u00e1vod\u016f. L\u00edb\u00ed se mi zdej\u0161\u00ed tra\u0165, v\u00a0tomto obdob\u00ed m\u00edv\u00e1m dobrou formu a m\u00e1m radost, \u017ee se mi povedlo znovu vyhr\u00e1t,\u201c \u0159ekl [&hellip;]<\/p>\n","protected":false},"author":15,"featured_media":26354,"comment_status":"closed","ping_status":"open","sticky":false,"template":"","format":"standard","meta":{"footnotes":""},"categories":[2,18],"tags":[11],"class_list":["post-26353","post","type-post","status-publish","format-standard","has-post-thumbnail","hentry","category-novinky","category-silnice","tag-silnice"],"_links":{"self":[{"href":"https:\/\/www.czechcyclingfederation.com\/en\/wp-json\/wp\/v2\/posts\/26353","targetHints":{"allow":["GET"]}}],"collection":[{"href":"https:\/\/www.czechcyclingfederation.com\/en\/wp-json\/wp\/v2\/posts"}],"about":[{"href":"https:\/\/www.czechcyclingfederation.com\/en\/wp-json\/wp\/v2\/types\/post"}],"author":[{"embeddable":true,"href":"https:\/\/www.czechcyclingfederation.com\/en\/wp-json\/wp\/v2\/users\/15"}],"replies":[{"embeddable":true,"href":"https:\/\/www.czechcyclingfederation.com\/en\/wp-json\/wp\/v2\/comments?post=26353"}],"version-history":[{"count":3,"href":"https:\/\/www.czechcyclingfederation.com\/en\/wp-json\/wp\/v2\/posts\/26353\/revisions"}],"predecessor-version":[{"id":26374,"href":"https:\/\/www.czechcyclingfederation.com\/en\/wp-json\/wp\/v2\/posts\/26353\/revisions\/26374"}],"wp:featuredmedia":[{"embeddable":true,"href":"https:\/\/www.czechcyclingfederation.com\/en\/wp-json\/wp\/v2\/media\/26354"}],"wp:attachment":[{"href":"https:\/\/www.czechcyclingfederation.com\/en\/wp-json\/wp\/v2\/media?parent=26353"}],"wp:term":[{"taxonomy":"category","embeddable":true,"href":"https:\/\/www.czechcyclingfederation.com\/en\/wp-json\/wp\/v2\/categories?post=26353"},{"taxonomy":"post_tag","embeddable":true,"href":"https:\/\/www.czechcyclingfederation.com\/en\/wp-json\/wp\/v2\/tags?post=26353"}],"curies":[{"name":"wp","href":"https:\/\/api.w.org\/{rel}","templated":true}]}}