{"id":26348,"date":"2023-07-22T19:09:33","date_gmt":"2023-07-22T17:09:33","guid":{"rendered":"https:\/\/www.czechcyclingfederation.com\/?p=26348"},"modified":"2023-07-22T19:09:35","modified_gmt":"2023-07-22T17:09:35","slug":"na-v4-v-polsku-nejlepsi-z-cechu-paty-zahalka","status":"publish","type":"post","link":"https:\/\/www.czechcyclingfederation.com\/en\/na-v4-v-polsku-nejlepsi-z-cechu-paty-zahalka\/","title":{"rendered":"Na V4 v Polsku nejlep\u0161\u00ed z \u010cech\u016f p\u00e1t\u00fd Zah\u00e1lka"},"content":{"rendered":"\n<p>Nejlep\u0161\u00edm z \u010desk\u00fdch jezdc\u016f na t\u0159et\u00edm d\u00edlu seri\u00e1lu Visegrad 4, kter\u00fdm bylo\u00a0\u00a0 Grand Prix Polska, byl na p\u00e1t\u00e9m m\u00edst\u011b Mat\u011bj Zah\u00e1lka z celku Elkov Kasper. Ve \u00a0v\u011btrn\u00e9m z\u00e1vod\u011b z Ole\u015bnice do Dlugoleka byl po 141,9 kilometrech ve spurtu nejrychlej\u0161\u00ed Itamar Einhorn z Izraele p\u0159ed Eduardem-Michaelem Grosu z Rumunska a t\u0159et\u00ed skon\u010dil dom\u00e1c\u00ed Maciej Peterski.<\/p>\n\n\n\n<p>Ve \u010dtvrt\u00e9m z dev\u00edti kol do\u0161lo k rozd\u011blen\u00ed a vep\u0159edu se vykrystalizovala skupina dvaceti jezdc\u016f. V n\u00ed m\u011bly zastoupen\u00ed v\u0161echny siln\u00e9 t\u00fdmy, nejpo\u010detn\u011bj\u0161\u00ed zastoupen\u00ed m\u011bl t\u00fdm Mazowsze Serce z&nbsp;Polska, ale rozd\u011blit skupinu se ji\u017e nepoda\u0159ilo nikomu.<\/p>\n\n\n\n<p>V\u00fdsledky:<\/p>\n\n\n\n<p>1. Einhorn (Izr.) 3:04:09, 2. Grosu (Rum.), 3. Peterski, 4. Banaszek (oba Pol.), 5. Mat\u011bj Zah\u00e1lka (\u010cR), 6. Dina (Ma\u010f.) v\u0161ichni stejn\u00fd \u010das, &#8230;9. Otruba, 10. Boro\u0161 oba +2, 12. Turek +4, 18. Kaloj\u00edros +4:52, 28. Rotter +7:09, 30. Vinkl\u00e1rek +7:31, 32. Fiala +7:32, 37. Jakoubek +7:36, 38. A. \u0164oupal\u00edk +7:38, 42. Majdanics +7:52, 47. V\u00e1vra (v\u0161ichni \u010cR) +8:07.<\/p>\n","protected":false},"excerpt":{"rendered":"<p>Nejlep\u0161\u00edm z \u010desk\u00fdch jezdc\u016f na t\u0159et\u00edm d\u00edlu seri\u00e1lu Visegrad 4, kter\u00fdm bylo\u00a0\u00a0 Grand Prix Polska, byl na p\u00e1t\u00e9m m\u00edst\u011b Mat\u011bj Zah\u00e1lka z celku Elkov Kasper. Ve \u00a0v\u011btrn\u00e9m z\u00e1vod\u011b z Ole\u015bnice do Dlugoleka byl po 141,9 kilometrech ve spurtu nejrychlej\u0161\u00ed Itamar Einhorn z Izraele p\u0159ed Eduardem-Michaelem Grosu z Rumunska a t\u0159et\u00ed skon\u010dil dom\u00e1c\u00ed Maciej Peterski. Ve [&hellip;]<\/p>\n","protected":false},"author":8,"featured_media":26349,"comment_status":"closed","ping_status":"open","sticky":false,"template":"","format":"standard","meta":{"footnotes":""},"categories":[2,18],"tags":[11],"class_list":["post-26348","post","type-post","status-publish","format-standard","has-post-thumbnail","hentry","category-novinky","category-silnice","tag-silnice"],"_links":{"self":[{"href":"https:\/\/www.czechcyclingfederation.com\/en\/wp-json\/wp\/v2\/posts\/26348","targetHints":{"allow":["GET"]}}],"collection":[{"href":"https:\/\/www.czechcyclingfederation.com\/en\/wp-json\/wp\/v2\/posts"}],"about":[{"href":"https:\/\/www.czechcyclingfederation.com\/en\/wp-json\/wp\/v2\/types\/post"}],"author":[{"embeddable":true,"href":"https:\/\/www.czechcyclingfederation.com\/en\/wp-json\/wp\/v2\/users\/8"}],"replies":[{"embeddable":true,"href":"https:\/\/www.czechcyclingfederation.com\/en\/wp-json\/wp\/v2\/comments?post=26348"}],"version-history":[{"count":1,"href":"https:\/\/www.czechcyclingfederation.com\/en\/wp-json\/wp\/v2\/posts\/26348\/revisions"}],"predecessor-version":[{"id":26351,"href":"https:\/\/www.czechcyclingfederation.com\/en\/wp-json\/wp\/v2\/posts\/26348\/revisions\/26351"}],"wp:featuredmedia":[{"embeddable":true,"href":"https:\/\/www.czechcyclingfederation.com\/en\/wp-json\/wp\/v2\/media\/26349"}],"wp:attachment":[{"href":"https:\/\/www.czechcyclingfederation.com\/en\/wp-json\/wp\/v2\/media?parent=26348"}],"wp:term":[{"taxonomy":"category","embeddable":true,"href":"https:\/\/www.czechcyclingfederation.com\/en\/wp-json\/wp\/v2\/categories?post=26348"},{"taxonomy":"post_tag","embeddable":true,"href":"https:\/\/www.czechcyclingfederation.com\/en\/wp-json\/wp\/v2\/tags?post=26348"}],"curies":[{"name":"wp","href":"https:\/\/api.w.org\/{rel}","templated":true}]}}