{"id":26336,"date":"2023-07-21T22:47:37","date_gmt":"2023-07-21T20:47:37","guid":{"rendered":"https:\/\/www.czechcyclingfederation.com\/?p=26336"},"modified":"2023-07-21T22:47:40","modified_gmt":"2023-07-21T20:47:40","slug":"28-tymu-z-celeho-sveta-se-postavi-na-start-3-rocniku-brno-mikulov-brno","status":"publish","type":"post","link":"https:\/\/www.czechcyclingfederation.com\/en\/28-tymu-z-celeho-sveta-se-postavi-na-start-3-rocniku-brno-mikulov-brno\/","title":{"rendered":"28 t\u00fdm\u016f\u00a0z cel\u00e9ho sv\u011bta se postav\u00ed\u00a0na start 3. ro\u010dn\u00edku Brno-Mikulov-Brno"},"content":{"rendered":"\n<p>T\u00e9m\u011b\u0159&nbsp;t\u0159i des\u00edtky t\u00fdm\u016f&nbsp;mezin\u00e1rodn\u00edho slo\u017een\u00ed&nbsp;m\u016f\u017eeme o\u010dek\u00e1vat na startu ned\u011bln\u00edho z\u00e1vodu Brno-Mikulov-Brno. V z\u00e1vod\u011b&nbsp;za\u0159azen\u00e9m do s\u00e9rie Visegrad 4 Bicycle Race samoz\u0159ejm\u011b&nbsp;nesm\u00ed&nbsp;chyb\u011bt&nbsp;\u010desk\u00e9, slovensk\u00e9, polsk\u00e9&nbsp;a ma\u010farsk\u00e9&nbsp;sestavy, ale v akci uvid\u00edme i americk\u00e9&nbsp;celky, izraelsk\u00fd&nbsp;n\u00e1rodn\u00ed&nbsp;t\u00fdm a dal\u0161\u00ed.&nbsp;<\/p>\n\n\n\n<p>Seznam p\u0159ihl\u00e1\u0161en\u00fdch t\u00fdm\u016f:&nbsp;<\/p>\n\n\n\n<p><strong>\u010c<\/strong><strong>esko<\/strong><\/p>\n\n\n\n<p>AC Sparta Praha&nbsp;<\/p>\n\n\n\n<p>ATT Investments&nbsp;<\/p>\n\n\n\n<p>\u010cEZ Cyklo Team T\u00e1bor<\/p>\n\n\n\n<p>Elkov Kasper<\/p>\n\n\n\n<p>Forman profiq Cinelli&nbsp;<\/p>\n\n\n\n<p>Region\u00e1ln\u00ed&nbsp;t\u00fdm P\u0159\u00edbram&nbsp;<\/p>\n\n\n\n<p>TJ Favorit Brno&nbsp;<\/p>\n\n\n\n<p>TUFO Pardus Prost\u011bjov&nbsp;<\/p>\n\n\n\n<p><strong>N<\/strong><strong>\u011b<\/strong><strong>mecko<\/strong><\/p>\n\n\n\n<p>Santic Wibatech<\/p>\n\n\n\n<p><strong>Ma<\/strong><strong>\u010f<\/strong><strong>arsko<\/strong><\/p>\n\n\n\n<p>Epronex Bike Hungary&nbsp;<\/p>\n\n\n\n<p>Lotus Team Sportegyes\u00fclet<\/p>\n\n\n\n<p><strong>Izrael<\/strong><\/p>\n\n\n\n<p>Izraelsk\u00fd&nbsp;n\u00e1rodn\u00ed&nbsp;t\u00fdm&nbsp;<\/p>\n\n\n\n<p><strong>It<\/strong><strong>\u00e1<\/strong><strong>lie<\/strong><\/p>\n\n\n\n<p>Cycling Team Friuli ASD<\/p>\n\n\n\n<p><strong>Nizozemsko&nbsp;<\/strong><\/p>\n\n\n\n<p>Stichting Universe Cycling Team&nbsp;<\/p>\n\n\n\n<p><strong>Polsko<\/strong><\/p>\n\n\n\n<p>HRE Mazowsze Serce Polski<\/p>\n\n\n\n<p>Lubelskie Perla Polski<\/p>\n\n\n\n<p>Luks Tr\u00f3jka Piaseczno<\/p>\n\n\n\n<p>TC Chrobry G\u0142og\u00f3w\/Scott<\/p>\n\n\n\n<p>Voster ATS Team&nbsp;<\/p>\n\n\n\n<p><strong>\u0160<\/strong><strong>v<\/strong><strong>\u00fd<\/strong><strong>carsko<\/strong><\/p>\n\n\n\n<p>CLN Cycling<\/p>\n\n\n\n<p><strong>Slovensko<\/strong><\/p>\n\n\n\n<p>Dukla Bansk\u00e1&nbsp;Bystrica&nbsp;<\/p>\n\n\n\n<p>Mix Team Region Bratislava<\/p>\n\n\n\n<p>Region Tren\u010d\u00edn&nbsp;<\/p>\n\n\n\n<p>RRK group Pierre Baguette Benzinol<\/p>\n\n\n\n<p><strong>USA<\/strong><\/p>\n\n\n\n<p>EF Education NIPPO Development<\/p>\n\n\n\n<p>Team Novo Nordisk Development &nbsp;<\/p>\n\n\n\n<p>Brno-Mikulov-Brno je tak\u00e9&nbsp;z\u00e1vodem&nbsp;\u010cesk\u00e9ho poh\u00e1ru&nbsp;\u0160KODA CUP, proto mezi vybran\u00fdmi t\u00fdmy nechyb\u00ed&nbsp;celkem osm&nbsp;\u010desk\u00fdch sestav. V\u00edt\u011bzstv\u00ed&nbsp;z prvn\u00edch dvou ro\u010dn\u00edk\u016f&nbsp;obhajuje t\u00fdm Elkov Kasper a jejich l\u00eddr Adam&nbsp;\u0164oupal\u00edk. Mezi velk\u00e9&nbsp;favority pat\u0159\u00ed&nbsp;d\u00edky sv\u00e9&nbsp;v\u00fdbu\u0161nosti tak\u00e9&nbsp;letos, ale konkurence je rok od roku v\u011bt\u0161\u00ed, rozhodn\u011b&nbsp;to proto nebude m\u00edt snadn\u00e9.&nbsp;\u0164oupal\u00edka dopln\u00ed&nbsp;zku\u0161en\u00ed&nbsp;t\u00fdmov\u00ed&nbsp;kolegov\u00e9&nbsp;Jan B\u00e1rta,&nbsp;\u0160t\u011bp\u00e1n Zah\u00e1lka, mistr republiky v cyklokrosu Michael Boro\u0161&nbsp;a mlad\u00edci Daniel Mr\u00e1z a&nbsp;\u0160t\u011bp\u00e1n Teleck\u00fd.<\/p>\n\n\n\n<p>\u0160pi\u010dkovou sestavu s Jakubem Otrubou a Danielem Turkem v&nbsp;\u010dele postav\u00ed&nbsp;ATT Investments. Turek dojel v roce 2021 na druh\u00e9m m\u00edst\u011b. Nebezpe\u010dn\u00fd&nbsp;bude tak\u00e9&nbsp;Ma\u010far M\u00e1rton Dina. ATT Investments byl v obou p\u0159edchoz\u00edch ro\u010dn\u00edc\u00edch t\u0159et\u00ed, p\u0159ed dv\u011bma lety z\u00e1sluhou Karla Camrdy a loni d\u00edky Janu Ka\u0161parovi, oba jsou p\u0159ipraveni i letos.&nbsp;\u0160est\u00fdm do party je Tom\u00e1\u0161&nbsp;Jakoubek.&nbsp;<\/p>\n\n\n\n<p>V obou ro\u010dn\u00edc\u00edch pat\u0159ili mezi protagonisty pol\u0161t\u00ed&nbsp;cyklist\u00e9&nbsp;a to p\u0159ede v\u0161\u00edm z t\u00fdm\u016f&nbsp;HRE Mazowsze Serce Polski a Voster ATS. Jakub Kaczmarek z HRE Mazowsze byl loni jedn\u00edm z nejaktivn\u011bj\u0161\u00edch, za\u00fato\u010dil ve v\u00fdjezdu na&nbsp;\u017dlut\u00fd&nbsp;kopec a dokon\u010dil na druh\u00e9m m\u00edst\u011b&nbsp;za&nbsp;\u0164oupal\u00edkem. V sestav\u011b&nbsp;Vosteru je nejzn\u00e1mn\u011bj\u0161\u00edm jm\u00e9nem Maciej Paterski, v\u00edt\u011bz jarn\u00ed&nbsp;klasiky Velk\u00e1&nbsp;B\u00edte\u0161-Brno-Velk\u00e1&nbsp;B\u00edte\u0161&nbsp;a jeden z nejzku\u0161en\u011bj\u0161\u00edch z\u00e1vodn\u00edk\u016f&nbsp;v cel\u00e9m startovn\u00edm poli.&nbsp;<\/p>\n\n\n\n<p>Nepochybn\u011b&nbsp;zaj\u00edmav\u00e1&nbsp;je&nbsp;\u00fa\u010dast n\u00e1rodn\u00edho t\u00fdmu Izraele a p\u0159edev\u0161\u00edm start Itamara Einhorna. Sou\u010dasn\u00fd&nbsp;izraelsk\u00fd \u0161ampi\u00f3n je&nbsp;\u010dlenem Pro Teamu Israel-Premier Tech a p\u0159edev\u0161\u00edm vynikaj\u00edc\u00edm sprinterem, v kopcovit\u00e9m profilu z\u00e1vodu mezi favority nepat\u0159\u00ed.&nbsp;<\/p>\n\n\n\n<p>Na 188 kilometr\u016f&nbsp;dlouhou tra\u0165&nbsp;vyslaly sv\u00e9&nbsp;mlad\u00e9&nbsp;talenty tak\u00e9&nbsp;t\u0159i velk\u00e9&nbsp;profesion\u00e1ln\u00ed&nbsp;t\u00fdmy, poprv\u00e9&nbsp;se p\u0159edstav\u00ed&nbsp;EF Education NIPPO s Jakubem&nbsp;\u0164oupal\u00edkem a Novo Nordisk. Do Brna se pravideln\u011b&nbsp;vrac\u00ed&nbsp;italsk\u00fd&nbsp;celek Friuli ASD, kter\u00fd&nbsp;slou\u017e\u00ed&nbsp;jako farma t\u00fdmu Bahrain Victorious. Ital Jejich jedenadvacetilet\u00fd&nbsp;z\u00e1vodn\u00edk Davide De Cassan je skv\u011bl\u00fd&nbsp;vrcha\u0159&nbsp;a letos pat\u0159\u00ed&nbsp;k nejlep\u0161\u00edm v kategorii U23. Loni se pokou\u0161el o dlouh\u00fd \u00fanik je\u0161t\u011b&nbsp;p\u0159ed n\u00e1jezdem do posledn\u00edch 60 kilometr\u016f. Pokud bude letos v\u00edce&nbsp;\u0161et\u0159it silami, rozhodn\u011b&nbsp;pat\u0159\u00ed&nbsp;k favorit\u016fm.&nbsp;<\/p>\n\n\n\n<p>Bnro-Mikulov-Brno odstartuje v ned\u011bli 23.\u00a0\u010dervence z velodromu TJ Favorit Brno ve 12:25. C\u00edl je o\u010dek\u00e1v\u00e1n okolo 17. hodiny na d\u011blov\u00e9m bastionu na hrad\u011b \u0160pilberk.\u00a0V leto\u0161n\u00edm roce p\u0159evzali nad z\u00e1vodem z\u00e1\u0161titu prim\u00e1torka m\u011bsta Brna JUDr. Mark\u00e9ta Va\u0148kov\u00e1\u00a0a hejtman Jihomoravsk\u00e9ho kraje Mgr. Jan Grolich.<\/p>\n\n\n\n<p>AUTOR: Favorit Brno<\/p>\n","protected":false},"excerpt":{"rendered":"<p>T\u00e9m\u011b\u0159&nbsp;t\u0159i des\u00edtky t\u00fdm\u016f&nbsp;mezin\u00e1rodn\u00edho slo\u017een\u00ed&nbsp;m\u016f\u017eeme o\u010dek\u00e1vat na startu ned\u011bln\u00edho z\u00e1vodu Brno-Mikulov-Brno. V z\u00e1vod\u011b&nbsp;za\u0159azen\u00e9m do s\u00e9rie Visegrad 4 Bicycle Race samoz\u0159ejm\u011b&nbsp;nesm\u00ed&nbsp;chyb\u011bt&nbsp;\u010desk\u00e9, slovensk\u00e9, polsk\u00e9&nbsp;a ma\u010farsk\u00e9&nbsp;sestavy, ale v akci uvid\u00edme i americk\u00e9&nbsp;celky, izraelsk\u00fd&nbsp;n\u00e1rodn\u00ed&nbsp;t\u00fdm a dal\u0161\u00ed.&nbsp; Seznam p\u0159ihl\u00e1\u0161en\u00fdch t\u00fdm\u016f:&nbsp; \u010cesko AC Sparta Praha&nbsp; ATT Investments&nbsp; \u010cEZ Cyklo Team T\u00e1bor Elkov Kasper Forman profiq Cinelli&nbsp; Region\u00e1ln\u00ed&nbsp;t\u00fdm P\u0159\u00edbram&nbsp; TJ Favorit Brno&nbsp; TUFO [&hellip;]<\/p>\n","protected":false},"author":1,"featured_media":26337,"comment_status":"closed","ping_status":"open","sticky":false,"template":"","format":"standard","meta":{"footnotes":""},"categories":[17,2,18],"tags":[11],"class_list":["post-26336","post","type-post","status-publish","format-standard","has-post-thumbnail","hentry","category-discipliny","category-novinky","category-silnice","tag-silnice"],"_links":{"self":[{"href":"https:\/\/www.czechcyclingfederation.com\/en\/wp-json\/wp\/v2\/posts\/26336","targetHints":{"allow":["GET"]}}],"collection":[{"href":"https:\/\/www.czechcyclingfederation.com\/en\/wp-json\/wp\/v2\/posts"}],"about":[{"href":"https:\/\/www.czechcyclingfederation.com\/en\/wp-json\/wp\/v2\/types\/post"}],"author":[{"embeddable":true,"href":"https:\/\/www.czechcyclingfederation.com\/en\/wp-json\/wp\/v2\/users\/1"}],"replies":[{"embeddable":true,"href":"https:\/\/www.czechcyclingfederation.com\/en\/wp-json\/wp\/v2\/comments?post=26336"}],"version-history":[{"count":1,"href":"https:\/\/www.czechcyclingfederation.com\/en\/wp-json\/wp\/v2\/posts\/26336\/revisions"}],"predecessor-version":[{"id":26339,"href":"https:\/\/www.czechcyclingfederation.com\/en\/wp-json\/wp\/v2\/posts\/26336\/revisions\/26339"}],"wp:featuredmedia":[{"embeddable":true,"href":"https:\/\/www.czechcyclingfederation.com\/en\/wp-json\/wp\/v2\/media\/26337"}],"wp:attachment":[{"href":"https:\/\/www.czechcyclingfederation.com\/en\/wp-json\/wp\/v2\/media?parent=26336"}],"wp:term":[{"taxonomy":"category","embeddable":true,"href":"https:\/\/www.czechcyclingfederation.com\/en\/wp-json\/wp\/v2\/categories?post=26336"},{"taxonomy":"post_tag","embeddable":true,"href":"https:\/\/www.czechcyclingfederation.com\/en\/wp-json\/wp\/v2\/tags?post=26336"}],"curies":[{"name":"wp","href":"https:\/\/api.w.org\/{rel}","templated":true}]}}