{"id":26311,"date":"2023-07-20T16:43:51","date_gmt":"2023-07-20T14:43:51","guid":{"rendered":"https:\/\/www.czechcyclingfederation.com\/?p=26311"},"modified":"2023-07-20T16:43:54","modified_gmt":"2023-07-20T14:43:54","slug":"cyklisticky-svatek-v-glasgow-startuje-jiz-za-2-tydny","status":"publish","type":"post","link":"https:\/\/www.czechcyclingfederation.com\/en\/cyklisticky-svatek-v-glasgow-startuje-jiz-za-2-tydny\/","title":{"rendered":"Cyklistick\u00fd sv\u00e1tek v\u00a0Glasgow startuje ji\u017e za 2 t\u00fddny!"},"content":{"rendered":"\n<p>Premi\u00e9ra, kter\u00e1 v cyklistice nem\u00e1 obdoby. Mistrovstv\u00ed sv\u011bta propoj\u00ed v srpnu ve skotsk\u00e9m Glasgow cyklistiku nap\u0159\u00ed\u010d cel\u00fdm spektrem, a krom\u011b cyklokrosu se bude bojovat o medaile a duhov\u00e9 dresy ve v\u0161ech zb\u00fdvaj\u00edc\u00edch discipl\u00edn\u00e1ch! Sv\u00e1tek cyklistiky je napl\u00e1nov\u00e1n od 3. do 13. srpna.<\/p>\n\n\n\n<p>P\u0159edstav\u00ed se tam i po\u010detn\u00e1 v\u00fdprava \u010desk\u00fdch cyklist\u016f. Bojovat o medaile budou silni\u010d\u00e1\u0159i, z\u00e1stupci MTB v cross country i sjezdu, dr\u00e1ha\u0159i, reprezentanti v BMX (klasick\u00fd BMX Racing i BMX Freestyle v discipl\u00edn\u00e1ch Park a Flatland), trialu, s\u00e1lov\u00e9 cyklistice a v neposledn\u00ed \u0159ad\u011b paracyklist\u00e9. Celkem 13 discipl\u00edn a v ka\u017ed\u00e9 z nich \u0159ada sad medail\u00ed. N\u011bkde i juniorsk\u00e9 kategorie a U23, jinde pouze elita.<\/p>\n\n\n\n<p>Z\u00e1vody prob\u011bhnou nejen v Glasgow, ale nap\u0159\u00ed\u010d cel\u00fdm Skotskem. Ve h\u0159e je celkem 190 titul\u016f a \u010dek\u00e1 se \u00fa\u010dast kolem 8 000 sportovc\u016f ze 120 zem\u00ed sv\u011bta. Krom\u011b profesion\u00e1l\u016f i amat\u00e9\u0159i, proto\u017ee sou\u010d\u00e1st\u00ed programu je i silni\u010dn\u00ed z\u00e1vod Gran Fondo. A podle odhad\u016f z\u00e1stupc\u016f Mezin\u00e1rodn\u00ed cyklistick\u00e9 unie by se na sportovi\u0161t\u00edch mohlo proto\u010dit p\u0159es mili\u00f3n n\u00e1v\u0161t\u011bvn\u00edk\u016f.<\/p>\n\n\n\n<p>Pro n\u011bkter\u00e9 discipl\u00edny p\u016fjde o netradi\u010dn\u00ed term\u00edny \u0161ampion\u00e1t\u016f. Silni\u010d\u00e1\u0159i maj\u00ed mistrovstv\u00ed sv\u011bta a\u017e koncem z\u00e1\u0159\u00ed, i dr\u00e1ha\u0159i nebo bike\u0159i jsou zvykl\u00ed na o n\u011bco pozd\u011bj\u0161\u00ed term\u00edny.<\/p>\n\n\n\n<p>\u201eNa jednom m\u00edst\u011b se sejdou ve\u0161ker\u00e1 cyklistick\u00e1 odv\u011btv\u00ed, co\u017e je pro n\u00e1s velk\u00e1 novinka. Je to logisticky, finan\u010dn\u011b i organiza\u010dn\u011b velmi n\u00e1ro\u010dn\u00e1 akce, ale mysl\u00edm si, \u017ee cyklistice to p\u0159inese silnou medializaci a popularitu,\u201c \u0159ekl prezident \u010cSC Petr Marek. \u201eKv\u00f3ty jak na z\u00e1vodn\u00edky, tak doprovodn\u00fd t\u00fdm n\u00e1s trochu limituj\u00ed, ov\u0161em na MS pos\u00edl\u00e1me p\u0159edev\u0161\u00edm ty z\u00e1vodn\u00edky, kte\u0159\u00ed maj\u00ed \u0161anci na dobr\u00e9 um\u00edst\u011bn\u00ed a samoz\u0159ejm\u011b i na medaili,\u201c dodal Marek.<\/p>\n\n\n\n<p>\u201eBude to jednodu\u0161e nejv\u011bt\u0161\u00ed cyklistick\u00e1 akce, kter\u00e1 se kdy konala, a jsme hrd\u00ed, \u017ee Glasgow bude centrem t\u00e9to ud\u00e1losti. Je n\u00e1m ct\u00ed, \u017ee n\u00e1s UCI pov\u011b\u0159ila po\u0159\u00e1d\u00e1n\u00edm v\u016fbec prvn\u00edho mistrovstv\u00ed sv\u011bta v cyklistice,\u201c uvedl p\u0159edseda organiza\u010dn\u00edho v\u00fdboru Paul Bush.<\/p>\n\n\n\n<p>\u201eJsem nad\u0161en, \u017ee \u00favodn\u00ed mistrovstv\u00ed sv\u011bta v cyklistice se bude konat v Glasgow. D\u00edky jejich zku\u0161enostem s po\u0159\u00e1d\u00e1n\u00edm velk\u00fdch mezin\u00e1rodn\u00edch sportovn\u00edch akc\u00ed na vysok\u00e9 \u00farovni, ikonick\u00fdch sportovi\u0161t\u00edch v Glasgow a ohromuj\u00edc\u00ed skotsk\u00e9 scen\u00e9rii m\u00e1me v\u0161echny ingredience pro v\u00fdjime\u010dn\u00fdch 11 sout\u011b\u017en\u00edch dn\u00ed,\u201c uvedl prezident UCI David Lappartient.<\/p>\n\n\n\n<p>Skoro rok trvaj\u00ed p\u0159\u00edpravy \u010cesk\u00e9ho svazu cyklistiky na tuto akci roku 2023, kterou je pro reprezentaci monstr\u00f3zn\u00ed mistrovstv\u00ed sv\u011bta v Glasgow. \u010cesk\u00fd svaz cyklistiky rozhodn\u011b neponechal nic n\u00e1hod\u011b, proto\u017ee p\u0159\u00edpravy na takovou akci jsou nesm\u00edrn\u011b n\u00e1ro\u010dn\u00e9. Prvn\u00ed informace ohledn\u011b \u201emulti\u201c mistrovstv\u00ed sv\u011bta za\u010dala Mezin\u00e1rodn\u00ed cyklistick\u00e1 unie (UCI) zve\u0159ej\u0148ovat b\u011bhem lo\u0148sk\u00e9ho l\u00e9ta a konkr\u00e9tn\u00ed podobu za\u010dalo v\u0161e dost\u00e1vat po silni\u010dn\u00edm mistrovstv\u00ed sv\u011bta v Austr\u00e1lii, kter\u00e9 prob\u011bhlo v z\u00e1\u0159\u00ed 2022.<\/p>\n\n\n\n<p>\u201eOd t\u00e9 doby jsme za\u010dali i my \u0159e\u0161it s jednotliv\u00fdmi discipl\u00ednami jejich pot\u0159eby t\u00fdkaj\u00edc\u00ed se zejm\u00e9na dopravy a ubytov\u00e1n\u00ed. Od ledna pak prob\u00edhaj\u00ed pravideln\u00e9 online m\u00edtinky n\u00e1rodn\u00edch federac\u00ed s UCI. Kdy\u017e to zaokrouhl\u00edm, jde o pl\u00e1nov\u00e1n\u00ed v horizontu 10 m\u011bs\u00edc\u016f, kter\u00e9 se zintenziv\u0148uje ka\u017ed\u00fdm m\u011bs\u00edcem,\u201c \u0159\u00edk\u00e1 David Vichr, sportovn\u00ed koordin\u00e1tor \u010cSC a tak\u00e9 Chef de Mission Glasgow za \u010cesk\u00fd svaz cyklistiky.<\/p>\n\n\n\n<p>Ojedin\u011bl\u00fd projekt je velmi n\u00e1ro\u010dn\u00fd na logistiku, proto\u017ee ne v\u0161echny discipl\u00edny se uskute\u010dn\u00ed v Glasgow. T\u00fdk\u00e1 se to zejm\u00e9na biker\u016f. Z\u00e1vodn\u00edci v cross country a maratonu budou o medaile bojovat ve Tweed Valley, co\u017e je 110 km v\u00fdchodn\u011b od Glasgow, sjezda\u0159i na tradi\u010dn\u00edm m\u00edst\u011b ve Fort William (pravideln\u011b se tam jezd\u00ed Sv\u011btov\u00fd poh\u00e1r), kter\u00fd je od nejv\u011bt\u0161\u00edho skotsk\u00e9ho m\u011bsta 200 km na sever.<\/p>\n\n\n\n<p>Lokalita silni\u010dn\u00ed Para cyklistiky je ve m\u011bste\u010dku Dumfries, kter\u00e9 le\u017e\u00ed 120 km ji\u017en\u011b od Glasgow. \u201eAni silni\u010dn\u00ed cyklistika nebude p\u0159\u00edmo v centru d\u011bn\u00ed, ale zhruba 20 minut od m\u011bsta, proto\u017ee \u010dasovky nap\u0159\u00ed\u010d v\u0161emi kategoriemi se pojedou mimo Glasgow a silni\u010dn\u00ed z\u00e1vody mu\u017e\u016f Elite, do 23 let a \u017een budou startovat tak\u00e9 mimo,\u201c prozrazuje koordin\u00e1tor \u010cSC.<\/p>\n\n\n\n<p>\u201eCo se t\u00fdk\u00e1 logistiky, pracujeme se sou\u010dasn\u00fdmi mo\u017enostmi, kter\u00e9 m\u00e1me k dispozici, tak\u017ee se jedn\u00e1 o re\u00e1ln\u00fd, nikoliv ide\u00e1ln\u00ed stav. Reprezenta\u010dn\u00ed tren\u00e9\u0159i si t\u00e9to situace byli v\u011bdomi, a tak bylo pot\u0159eba v n\u011bkter\u00fdch p\u0159\u00edpadech ud\u011blat ur\u010dit\u00fd kompromis oproti b\u011b\u017en\u00e9 situaci, kdy se vrcholn\u00e9 akce jednotliv\u00fdch discipl\u00edn \u010dasov\u011b nep\u0159ekr\u00fdvaj\u00ed. Za to bych cht\u011bl v\u0161em pod\u011bkovat. Aktu\u00e1ln\u011b m\u00e1me zabezpe\u010deny v\u0161echny discipl\u00edny. Skoro u v\u0161ech je sc\u00e9n\u00e1\u0159 takov\u00fd, \u017ee realiza\u010dn\u00ed t\u00fdmy cestuj\u00ed s vybaven\u00edm pro z\u00e1vodn\u00edky dod\u00e1vkami z \u010cR a z\u00e1vodn\u00edci do m\u00edsta kon\u00e1n\u00ed p\u0159ilet\u00ed,\u201c \u0159\u00edk\u00e1 Vichr.<\/p>\n\n\n\n<p>\u010cesk\u00e1 v\u00fdprava bude m\u00edt ur\u010dit\u011b ve Skotsku hodn\u011b p\u0159es 100 lid\u00ed. \u201eFin\u00e1ln\u00ed \u010d\u00edsla je\u0161t\u011b nem\u00e1me k dispozici, proto\u017ee jsou st\u00e1le otev\u0159eny registrace u v\u011bt\u0161iny discipl\u00edn, nicm\u00e9n\u011b aktu\u00e1ln\u011b po\u010d\u00edt\u00e1me s v\u00fdpravou \u010d\u00edtaj\u00edc\u00ed 80 sportovc\u016f a 55 \u010dlen\u016f realiza\u010dn\u00edho t\u00fdmu a ofici\u00e1ln\u00ed delegace,\u201c informuje sportovn\u00ed koordin\u00e1tor \u010cSC.<\/p>\n\n\n\n<p>Cesta do Skotska s sebou p\u0159in\u00e1\u0161\u00ed \u0159adu slo\u017eitost\u00ed d\u00edky tomu, \u017ee Velk\u00e1 Brit\u00e1nie u\u017e nen\u00ed \u010dlenem Evropsk\u00e9 unie. \u201eBohu\u017eel tohle n\u00e1m v posledn\u00edch t\u00fddnech v\u00fdrazn\u011b zkomplikovalo posledn\u00ed p\u0159\u00edpravy p\u0159ed akc\u00ed samotnou. B\u011bhem jara jsme se dotazovali jak UCI, tak lok\u00e1ln\u00edho organiza\u010dn\u00edho v\u00fdboru, zda by nebylo mo\u017en\u00e9 vy\u017e\u00e1dat s ohledem na velikost akce v\u00fdjimku u britsk\u00e9 vl\u00e1dy. Na posledn\u00edm online meetingu 14. \u010dervna n\u00e1m bylo sd\u011bleno, \u017ee se dohodu nepoda\u0159ilo sjednat, a tud\u00ed\u017e je pot\u0159eba ve\u0161ker\u00fd materi\u00e1l v\u010detn\u011b kol p\u0159ed odjezdem nahl\u00e1sit p\u0159es tzv. ATA carnet. To pro n\u00e1s znamen\u00e1, \u017ee mus\u00edme sepsat a nahl\u00e1sit ka\u017ed\u00fd n\u00e1hradn\u00ed d\u00edl na kolo a vybaven\u00ed mechanik\u016f, kter\u00e9 do Skotska dov\u00e1\u017e\u00edme, tedy od galusek, p\u0159es p\u0159evodn\u00edky a\u017e po sadu inbus\u016f. Tyto seznamy se pak p\u0159edlo\u017e\u00ed na Hospod\u00e1\u0159skou komoru \u010cR, kter\u00e1 pot\u00e9 za\u010dne komunikovat s britskou stranou,\u201c prozrazuje David Vichr a dod\u00e1v\u00e1, \u017ee celkov\u00e9 n\u00e1klady, na kter\u00e9 \u010cesk\u00fd svaz cyklistiky tento projekt vyjde, se budou pohybovat v \u0159\u00e1dech n\u011bkolika mili\u00f3n\u016f korun. \u201eP\u0159esn\u00e1 \u010d\u00edsla ale budeme zn\u00e1t a\u017e po akci.\u201c<\/p>\n\n\n\n<figure class=\"wp-block-image size-large\"><img loading=\"lazy\" decoding=\"async\" width=\"1024\" height=\"683\" src=\"http:\/\/www.czechcyclingfederation.com\/wp-content\/uploads\/2023\/07\/20230720095829_SV0_3123-1024x683.jpg\" alt=\"\" class=\"wp-image-26312\" srcset=\"https:\/\/www.czechcyclingfederation.com\/wp-content\/uploads\/2023\/07\/20230720095829_SV0_3123-1024x683.jpg 1024w, https:\/\/www.czechcyclingfederation.com\/wp-content\/uploads\/2023\/07\/20230720095829_SV0_3123-300x200.jpg 300w, https:\/\/www.czechcyclingfederation.com\/wp-content\/uploads\/2023\/07\/20230720095829_SV0_3123-768x512.jpg 768w, https:\/\/www.czechcyclingfederation.com\/wp-content\/uploads\/2023\/07\/20230720095829_SV0_3123-1536x1024.jpg 1536w, https:\/\/www.czechcyclingfederation.com\/wp-content\/uploads\/2023\/07\/20230720095829_SV0_3123-2048x1365.jpg 2048w, https:\/\/www.czechcyclingfederation.com\/wp-content\/uploads\/2023\/07\/20230720095829_SV0_3123-1320x880.jpg 1320w\" sizes=\"auto, (max-width: 1024px) 100vw, 1024px\" \/><\/figure>\n\n\n\n<p><strong>Silni\u010dn\u00ed cyklistika<\/strong><\/p>\n\n\n\n<p>Z\u00e1vody budou prob\u00edhat od 5. a\u017e do 13. srpna. \u010casovky v\u0161ech kategori\u00ed se jedou ve m\u011bst\u011b Stirling vzd\u00e1len\u00e9ho asi 40 km severn\u011b od Glasgow. Silni\u010dn\u00ed z\u00e1vody jednotlivc\u016f n\u011bkter\u00fdch kategori\u00ed tak\u00e9 startuj\u00ed mimo, ale v\u0161echny maj\u00ed c\u00edl v Glasgow. Mu\u017ei odstartuj\u00ed sv\u016fj z\u00e1vod s hromadn\u00fdm startem v Edinburghu, \u017eeny a mu\u017ei U23 v Loch Lomond. Junio\u0159i i juniorky maj\u00ed start i c\u00edl v Glasgow.<\/p>\n\n\n\n<p>\u010cesk\u00e1 silni\u010dn\u00ed reprezentace bude slo\u017eena z&nbsp;velmi mlad\u00e9ho t\u00fdmu. \u201eJedin\u011b Jakub Otruba a Adam \u0164oupal\u00edk na MS ji\u017e jeli. Po zran\u011bn\u00ed nen\u00ed v t\u00fdmu \u0160tybar, Hirt a \u010cern\u00fd se p\u0159ipravuj\u00ed na jin\u00e9 z\u00e1vody,\u201c \u0159ekl kou\u010d silni\u010d\u00e1\u0159\u016f Ren\u00e9 Andrle. \u201eOtruba pojede poprv\u00e9 \u010dasovku, Mathias Vacek se nechal ostar\u0161it a pojede oba z\u00e1vody. Kelemen je v\u00fdborn\u00fd tempa\u0159, Boro\u0161 A. \u0164oupal\u00edk jako b\u00fdval\u00fd cyklokrosa\u0159i si zase porad\u00ed s technickou trat\u00ed. D\u0159\u00edve jsme m\u011bli v\u00edce zku\u0161en\u00fdch profesion\u00e1l\u016f, nyn\u00ed v\u0161ak p\u0159ich\u00e1z\u00ed dobr\u00e1 mlad\u00e1 generace, kter\u00e9 chceme d\u00e1t \u0161anci,\u201c uvedl tak\u00e9 Andrle. \u201eVelmi silnou skupinou jsou i jezdci U23 a m\u00e1me v\u00fdborn\u00e9 juniory,\u201c pokra\u010doval a prozradil, \u017ee v kategorii U23 vsad\u00ed t\u00fdm na jednu kartu. \u201eJasn\u00fdm l\u00eddrem bude Pavel Bittner, ostatn\u00ed budou p\u0159edev\u0161\u00edm domestici.\u201c<\/p>\n\n\n\n<p>A jak se na z\u00e1vod MS p\u0159ipravuj\u00ed samotn\u00ed z\u00e1vodn\u00edci? \u201eNyn\u00ed jsem m\u011bl t\u0159i t\u00fddny tvrdou p\u0159\u00edpravu, z\u00edtra odj\u00ed\u017ed\u00edm na z\u00e1vod Kolem Valonska a to pro m\u011b bude posledn\u00ed test p\u0159ed MS. Do Glasgow doraz\u00edm 2-3 dny p\u0159ed z\u00e1vodem, abych se aklimatizoval, a hlavn\u011b si chci v&nbsp;r\u00e1mci p\u0159\u00edprav projet m\u011bstsk\u00e9 okruhy v&nbsp;Glasgow,\u201c \u0159ekl Mathias Vacek.&nbsp;&nbsp;&nbsp;&nbsp;&nbsp;&nbsp;<\/p>\n\n\n\n<p><strong>Nominace silni\u010dn\u00ed cyklistika<\/strong><\/p>\n\n\n\n<p>Mu\u017ei: Mathias Vacek (+ ITT), Jakub Otruba (pouze ITT), Petr Kelemen, Michael Boro\u0161, Adam \u0164oupal\u00edk, N\u00e1hladn\u00edci: Michal Schlegel, Jakub Otruba<\/p>\n\n\n\n<p>Mu\u017ei U23: Filip \u0158eha (pouze ITT), \u0160t\u011bp\u00e1n Teleck\u00fd (pouze ITT), Pavel Nov\u00e1k, Jakub \u0164oupal\u00edk, Tom\u00e1\u0161 P\u0159idal, Adam Seeman, Pavel Bittner, N\u00e1hradn\u00edci: Filip \u0158eha, Milan Kadlec<\/p>\n\n\n\n<p>Junio\u0159i: Martin B\u00e1rta (+ ITT), Pavel \u0160ump\u00edk (+ ITT), Kry\u0161tof Kr\u00e1l, Jan Bittner, N\u00e1hradn\u00edci: Adam Pe\u0161ek (+ ITT), \u0160t\u011bp\u00e1n Zah\u00e1lka<\/p>\n\n\n\n<p>\u017deny: Eli\u0161ka Kvasni\u010dkov\u00e1 (+ ITT), Krist\u00fdna Burlov\u00e1 (+ ITT), Tereza Neumanov\u00e1, N\u00e1hradnice: Julia Kopecky (+ ITT), Jarmila Macha\u010dov\u00e1<\/p>\n\n\n\n<p>Juniorky: Nela Ka\u0148kovsk\u00e1 (+ ITT), Ad\u00e9la Pernick\u00e1, Kate\u0159ina Doud\u011brov\u00e1 (+ ITT)<\/p>\n\n\n\n<p><strong>Program silni\u010dn\u00ed cyklistika<\/strong><\/p>\n\n\n\n<p>5. 8.: silni\u010dn\u00ed z\u00e1vod juniorek (70 km) a junior\u016f (127,2 km)<\/p>\n\n\n\n<p>6. 8.: silni\u010dn\u00ed z\u00e1vod mu\u017e\u016f (271,1 km)<\/p>\n\n\n\n<p>8. 8.: z\u00e1vod sm\u00ed\u0161en\u00fdch \u0161tafet,&nbsp;<\/p>\n\n\n\n<p>9. 8.: \u010dasovka mu\u017e\u016f U23 (36,2 km)<\/p>\n\n\n\n<p>10. 8.: \u010dasovka juniorek (13,4 km), \u010dasovka \u017een ELITE (36,2 km)<\/p>\n\n\n\n<p>11. 8.: \u010dasovka junior\u016f (22,8 km), \u010dasovka mu\u017e\u016f ELITE (47,8 km)<\/p>\n\n\n\n<p>12. 8.: silni\u010dn\u00ed z\u00e1vod mu\u017e\u016f U23 (168,4 km)<\/p>\n\n\n\n<p>13. 8.: silni\u010dn\u00ed z\u00e1vod \u017een (154,1 km)<\/p>\n\n\n\n<p><strong>Dr\u00e1hov\u00e1 cyklistika<\/strong><\/p>\n\n\n\n<p>Centrem dr\u00e1hov\u00fdch discipl\u00edn bude velodrom Sira Chrise Hoye v Glasgow. Vzhledem k popularit\u011b dr\u00e1hov\u00e9 cyklistiky na britsk\u00fdch ostrovech se d\u00e1 o\u010dek\u00e1vat do posledn\u00edho m\u00edsta zapln\u011bn\u00fd velodrom a skv\u011bl\u00e1 div\u00e1ck\u00e1 kulisa.<\/p>\n\n\n\n<p>I tren\u00e9r dr\u00e1ha\u0159\u016f Milan Kadlec veze hlavn\u011b mlad\u00e9. \u201ePro n\u00e1s to bude p\u0159edev\u0161\u00edm boj o OH. Sv\u011btov\u00fd \u0161ampion\u00e1t je ohledn\u011b kv\u00f3t to nejz\u00e1sadn\u011bj\u0161\u00ed. T\u00fdm je sice mlad\u0161\u00ed, ale m\u00e1me i star\u0161\u00ed a zku\u0161en\u00e9 z\u00e1vodn\u00edky. Op\u00edrat se budeme o Petru \u0160ev\u010d\u00edkovou, jej\u00ed progres v omniu je stoupaj\u00edc\u00ed a \u010dek\u00e1me od n\u00ed, \u017ee se o olympi\u00e1du popere, stejn\u011b jako v madisonu&nbsp;Kate\u0159ina Kohoutkov\u00e1. U mu\u017e\u016f jsou na\u0161imi trumfy Denis Rugovac a Jan Vone\u0161. Skv\u011ble m\u00e1 boj o OH rozjet\u00fd Veronika Jaborn\u00edkov\u00e1 a uvid\u00edme, jak si porad\u00ed mu\u017ei v t\u00fdmov\u00e9m sprintu. Na p\u00f3diov\u00e9 um\u00edst\u011bn\u00ed nyn\u00ed asi nem\u00e1me, ale na m\u00edsta do osmi\u010dky mysl\u00edme.\u201c&nbsp;<\/p>\n\n\n\n<p><strong>Nominace dr\u00e1hov\u00e1 cyklistika<\/strong><\/p>\n\n\n\n<p>Mu\u017ei Elite: Jan Vone\u0161 &#8211; Madison, vylu\u010dova\u010dka, Adam K\u0159enek \u2013 bodova\u010dka, Denis Rugovac &#8211; Madison, vylu\u010dova\u010dka, Dominik Topinka &#8211; Team sprint, Mat\u011bj Hytych &#8211; 1km, Martin \u010cechman &#8211; Team sprint, sprint, Mat\u011bj Bohusl\u00e1vek &#8211; Team sprint<\/p>\n\n\n\n<p>Mu\u017ei Elite n\u00e1hradn\u00edci: Jan Vone\u0161 &#8211; vylu\u010dova\u010dka, bodova\u010dka, Denis Rugovac \u2013 Scratch, Milan Kadlec \u2013 Madison, Jakub \u0160\u0165astn\u00fd &#8211; Team sprint, Martin \u010cechman &#8211; 1km, Mat\u011bj Bohusl\u00e1vek \u2013 Sprint<\/p>\n\n\n\n<p>\u017deny Elite: Petra \u0160ev\u010d\u00edkov\u00e1 &#8211; Omnium, Madison, Scratch, Jarmila Macha\u010dov\u00e1 \u2013 bodova\u010dka, Kate\u0159ina Kohoutkov\u00e1 \u2013 Madison, Barbora N\u011bmcov\u00e1 \u2013 vylu\u010dova\u010dka, Veronika Jaborn\u00edkov\u00e1 &#8211; 500m, Keirin, Sprint<\/p>\n\n\n\n<p>\u017deny Elite n\u00e1hradnice:&nbsp;Krist\u00fdna Burlov\u00e1 \u2013 bodova\u010dka, Barbora N\u011bmcov\u00e1 &#8211; Omnium, Madison, Scratch, Gabriela B\u00e1rtov\u00e1 \u2013 vylu\u010dova\u010dka, Anna Jaborn\u00edkov\u00e1 &#8211; 500m, Keirin, Sprint<\/p>\n\n\n\n<p><strong>Program dr\u00e1hov\u00e1 cyklistika fin\u00e1le<\/strong><\/p>\n\n\n\n<p>4. 8.: t\u00fdmov\u00fd sprint mu\u017e\u016f, 500 m s pevn\u00fdm startem \u017een, scratch \u017een<\/p>\n\n\n\n<p>5. 8.: st\u00edha\u010dka dru\u017estev M a \u017d<\/p>\n\n\n\n<p>6. 8.: vylu\u010dovac\u00ed z\u00e1vod \u017d, st\u00edha\u010dka jednotlivc\u016f M, keirin \u017d, omnium M (bodovac\u00ed z\u00e1vod)<\/p>\n\n\n\n<p>7. 8.: vylu\u010dovac\u00ed z\u00e1vod M, sprint M, madison \u017d<\/p>\n\n\n\n<p>8. 8.: 1 km s pevn\u00fdm startem M, bodovac\u00ed z\u00e1vod \u017d, madison M<\/p>\n\n\n\n<p>9. 8.: sprint \u017d, bodovac\u00ed z\u00e1vod M, keirin M, omnium \u017d (bodovac\u00ed z\u00e1vod).<\/p>\n\n\n\n<p><strong>Horsk\u00e1 kola<\/strong><\/p>\n\n\n\n<p>Z\u00e1vody v cross country, E-MTB a maratonu budou prob\u00edhat na trailech v Glentress Forest v oblasti Tweed Valley, co\u017e je 110 km v\u00fdchodn\u011b od Glasgow. Sjezda\u0159i budou nejd\u00e1l od hlavn\u00edho m\u00edsta d\u011bn\u00ed, proto\u017ee jejich lokalita Fort William, kde se pravideln\u011b jezd\u00ed Sv\u011btov\u00fd poh\u00e1r ve sjezdu, je a\u017e na severu Skotska 200 km daleko. Nejv\u011bt\u0161\u00edm \u010desk\u00fdm \u017eel\u00edzkem bude Ond\u0159ej Cink.<\/p>\n\n\n\n<p>\u201eNikdy jsme na tamn\u00ed trati nez\u00e1vodili, jeliko\u017e je \u00fapln\u011b nov\u00e1, ov\u0161em je postaven\u00e1 ve stylu sou\u010dasn\u00e9ho konceptu, tak jako se jelo nap\u0159. na OH v Tokiu. To znamen\u00e1 hodn\u011b kamen\u016f, velk\u00e9 skoky a obecn\u011b t\u011b\u017ek\u00e1 a n\u00e1ro\u010dn\u00e1 tra\u0165. V nominaci jsou jen ti nejlep\u0161\u00ed,\u201c \u0159ekl reprezenta\u010dn\u00ed kou\u010d Viktor Zapletal a zd\u016fraznil, \u017ee i pro bikery je provo\u0159ad\u00e9 sb\u00edrat body do sv\u011btov\u00e9ho \u017eeb\u0159\u00ed\u010dku z n\u011bho\u017e se ur\u010duj\u00ed m\u00edsta pro OH.&nbsp;<\/p>\n\n\n\n<p><strong>Nominace horsk\u00e1 kola<\/strong><\/p>\n\n\n\n<p>Mu\u017ei Elite XCO: Ond\u0159ej Cink, Luk\u00e1\u0161 Kobes, Jan \u0160karnitzl<\/p>\n\n\n\n<p>Mu\u017ei U23 XCO: Jan Zatloukal, Jan S\u00e1ska<\/p>\n\n\n\n<p>Junio\u0159i XCO: Ond\u0159ej Novotn\u00fd, David Friedel<\/p>\n\n\n\n<p>\u017deny Elite XCO: Jitka \u010c\u00e1belick\u00e1<\/p>\n\n\n\n<p>\u017deny U23 XCO: p\u0159edpoklad 4. \u00fa\u010dastnick\u00e1 m\u00edsta, rozhodne se na M\u010cR v&nbsp;Bed\u0159ichov\u011b z \u0161estice:&nbsp;Simona Sp\u011b\u0161n\u00e1, Patricie Srnsk\u00e1, Zuzana \u0160af\u00e1\u0159ov\u00e1, Aneta Novotn\u00e1, Nela Viktorov\u00e1, Ad\u00e9la Holubov\u00e1<\/p>\n\n\n\n<p>Juniorky XCO: Eli\u0161ka Han\u00e1kov\u00e1<\/p>\n\n\n\n<p>Mu\u017ei Elite XCM: Marek Rauchfuss, Jarom\u00edr Sk\u00e1la, Martin Sto\u0161ek<\/p>\n\n\n\n<p>\u017deny Elite XCM: Karla L\u00f6ffelmann<\/p>\n\n\n\n<p>Mu\u017ei Elite DHI: Stanislav Sehnal, Anton\u00edn Kr\u00e1l; \u017deny Elite DHI:&nbsp;Monika Mixov\u00e1; Junio\u0159i DHI: Ond\u0159ej Kole\u010d\u00edk, Kry\u0161tof H\u00fas\u0165; Juniorky DHI: Sabina Ko\u0161\u00e1rkov\u00e1<\/p>\n\n\n\n<p><strong>Program horsk\u00e1 kola<\/strong><\/p>\n\n\n\n<p>Cross country (XCO)<\/p>\n\n\n\n<p>9. 8.: t\u00fdmov\u00e1 \u0161tafeta, E-MTB<\/p>\n\n\n\n<p>10. 8.: Short Track (fin\u00e1le), XC junior\u016f a juniorek<\/p>\n\n\n\n<p>11. 8.: XC kategori\u00ed U23<\/p>\n\n\n\n<p>12. 8.: XC mu\u017ei ELITE a \u017eeny ELITE<\/p>\n\n\n\n<p>Maraton (XCM)<\/p>\n\n\n\n<p>6. 8.: mu\u017ei i \u017eeny<\/p>\n\n\n\n<p>Sjezd (DHI)<\/p>\n\n\n\n<p>4. 8.: fin\u00e1le junior\u016f a juniorek<\/p>\n\n\n\n<p>5. 8.: fin\u00e1le mu\u017ei i \u017eeny ELITE.<\/p>\n\n\n\n<p><strong>BMX&nbsp;<\/strong><\/p>\n\n\n\n<p>O tituly se bude bojovat v klasick\u00e9m BMX Racing a Freestyle BMX (discipl\u00edny Park a Flatland). Z\u00e1vody v BMX Racing se konaj\u00ed v Glasgow BMX Centre, freestyle BMX pak v are\u00e1lu Glasgow Green. \u010cesko m\u00e1 v discipl\u00edn\u011b Park velkou medailovou nad\u011bji Ivetu Miculy\u010dovou, kter\u00e1 vloni na MS skon\u010dila t\u0159et\u00ed a letos dok\u00e1zala obh\u00e1jit evropsk\u00fd titul.<\/p>\n\n\n\n<p>\u201eM\u00e1me sp\u00ed\u0161e mlad\u00e9 jezdce, kte\u0159\u00ed maj\u00ed budoucnost teprve p\u0159ed sebou. Asi nejv\u011bt\u0161\u00ed nad\u011bj\u00ed je za Freestyle Iveta Miculy\u010dov\u00e1 a za Racing Sabina Ko\u0161\u00e1rkov\u00e1, kter\u00e1 ale pojede i sjezd horsk\u00fdch kol. Mezi mu\u017ei byl Marek Neu\u017eil te\u010f p\u00e1t\u00fd na ME a pro n\u011bj by bylo velmi dobr\u00e9 fin\u00e1lov\u00e9 um\u00edst\u011bn\u00ed,\u201c zd\u016fraznil tren\u00e9r bikrosa\u0159\u016f Luk\u00e1\u0161 Tamme.<\/p>\n\n\n\n<p><strong>Nominace BMX<\/strong><\/p>\n\n\n\n<p><strong>BMX Freestyle<\/strong><\/p>\n\n\n\n<p>Mu\u017ei Park: Tom\u00e1\u0161 Beran, Martin Habada<\/p>\n\n\n\n<p>\u017deny Park: Iveta Miculy\u010dov\u00e1, Kate\u0159ina Jal\u016fvkov\u00e1<\/p>\n\n\n\n<p>Mu\u017ei Flatland: Martin Dra\u017eil<\/p>\n\n\n\n<p><strong>BMX Racing<\/strong><\/p>\n\n\n\n<p>Mu\u017ei U23: Mat\u011bj Linhart, Marek Neu\u017eil<\/p>\n\n\n\n<p>Junio\u0159i: Jakub Cidlisk\u00fd<\/p>\n\n\n\n<p>\u017deny Elite: Eli\u0161ka Bartu\u0148kov\u00e1<\/p>\n\n\n\n<p>Juniorky: Sabina Ko\u0161\u00e1rkov\u00e1<\/p>\n\n\n\n<p><strong>Program BMX<\/strong><\/p>\n\n\n\n<p>BMX Freestyle<\/p>\n\n\n\n<p>Park<\/p>\n\n\n\n<p>5. 8.: kvalifikace<\/p>\n\n\n\n<p>6. 8.: semifin\u00e1le<\/p>\n\n\n\n<p>7. 8.: fin\u00e1le<\/p>\n\n\n\n<p>Flatland<\/p>\n\n\n\n<p>8. 8.: kvalifikace<\/p>\n\n\n\n<p>9. 8.: semifin\u00e1le<\/p>\n\n\n\n<p>10. 8. fin\u00e1le<\/p>\n\n\n\n<p>BMX Racing<\/p>\n\n\n\n<p>12. 8.: kvalifikace<\/p>\n\n\n\n<p>13. 8.: fin\u00e1le<\/p>\n\n\n\n<p><strong>S\u00e1lov\u00e1 cyklistika<\/strong><\/p>\n\n\n\n<p>Sout\u011b\u017ee v krasoj\u00edzd\u011b a kolov\u00e9 se uskute\u010dn\u00ed v hale Emirates Arena v Glasgow od 11. do 13. 8.<\/p>\n\n\n\n<p><strong>Nominace s\u00e1lov\u00e1 cyklistika<\/strong><\/p>\n\n\n\n<p>Kolov\u00e1: Tom\u00e1\u0161 Hor\u00e1k, Radek Adam, N\u00e1hradn\u00edci:&nbsp;Ji\u0159\u00ed Hrdli\u010dka ml., Roman Stan\u011bk<\/p>\n\n\n\n<p>Krasoj\u00edzda: Michaela&nbsp;Vosi\u010dkov\u00e1 \u2013 jednotlivci, Jakub Ma\u0161ek \u2013 jednotlivci a dvojice open s&nbsp;Grunou, Tom\u00e1\u0161 Gruna &#8211; dvojice open&nbsp;s&nbsp;Ma\u0161kem, Radek Jan\u010d\u00edk \u2013 jednotlivci, Kry\u0161tof Ne\u010das \u2013 n\u00e1hradn\u00edk jednotlivec, \u0160t\u011bp\u00e1nka \u0158asov\u00e1 \u2013 n\u00e1hradnice jednotlivec &nbsp;<\/p>\n\n\n\n<p><strong>Program s\u00e1lov\u00e1 cyklistika<\/strong><\/p>\n\n\n\n<p>Krasoj\u00edzda<\/p>\n\n\n\n<p>11. 8.: dvojice Open, fin\u00e1le<\/p>\n\n\n\n<p>12. 8.: \u017eeny jednotlivkyn\u011b, \u010dtve\u0159ice Open<\/p>\n\n\n\n<p>13. 8.: dvojice \u017eeny, jednotlivci mu\u017ei<\/p>\n\n\n\n<p>Kolov\u00e1&nbsp;<\/p>\n\n\n\n<p>11. \u2013 12. 8. z\u00e1pasy ve skupin\u00e1ch&nbsp;<\/p>\n\n\n\n<p>13. 8. boje o medaile<\/p>\n\n\n\n<p><strong>Paracyklistika<\/strong><\/p>\n\n\n\n<p>Paralympij\u0161t\u00ed cyklist\u00e9 budou tradi\u010dn\u011b bojovat o mnoho sad medail\u00ed dle kategori\u00ed podle handicapu a na programu maj\u00ed jak silni\u010dn\u00ed discipl\u00edny, tak dr\u00e1hov\u00e9. Silnice (\u010dasovky i z\u00e1vody s hromadn\u00fdm startem) se budou konat v hrabstv\u00ed Dumfries a Galloway ji\u017en\u011b od Glasgow. Dr\u00e1hov\u00e9 discipl\u00edny prob\u011bhnou na velodromu Sira Chrise Hoye v Glasgow.<\/p>\n\n\n\n<p><strong>Nominace paracyklistika<\/strong><\/p>\n\n\n\n<p>Silni\u010dn\u00ed z\u00e1vody: Kate\u0159ina Anto\u0161ov\u00e1 (kategorie WH3), Ivo Koblasa (kategorie MC2), Patrik Jahoda (kategorie MH1), Pavl\u00edna Vejvodov\u00e1 (kategorie WT1), V\u00e1clav Antal (kategorie MH3), Jind\u0159ich Ma\u0161\u00edn (kategorie MT2)<\/p>\n\n\n\n<p>Dr\u00e1hov\u00e9 z\u00e1vody:&nbsp;Ivo Koblasa (kategorie MC2)<\/p>\n\n\n\n<p><strong>Program paracyklistika<\/strong><\/p>\n\n\n\n<p>4.8.- 8.8.: dr\u00e1hov\u00e9 z\u00e1vody v\u0161ech kategori\u00ed<\/p>\n\n\n\n<p>9. 8. a 10. 8.: \u010dasovky v\u0161ech kategori\u00ed,&nbsp;<\/p>\n\n\n\n<p>11. a 12. 8.: silni\u010dn\u00edch z\u00e1vody v\u0161ech kategori\u00ed<\/p>\n\n\n\n<p>13. 8.: t\u00fdmov\u00e9 \u0161tafety<\/p>\n\n\n\n<p><strong>Trial<\/strong><\/p>\n\n\n\n<p>Sout\u011b\u017ee v trialu budou prob\u00edhat v Glasgow Green.<\/p>\n\n\n\n<p><strong>Nominace trial<\/strong><\/p>\n\n\n\n<p>Mu\u017ei Elite 20: V\u00e1clav Kol\u00e1\u0159<\/p>\n\n\n\n<p>Mu\u017ei Elite 26:&nbsp;Tom\u00e1\u0161 Vep\u0159ek, Martin Damborsk\u00fd<\/p>\n\n\n\n<p>Junio\u0159i 20: Jakub Kala\u0161, Ren\u00e9 Vym\u011btal, Vojt\u011bch Vep\u0159ek, Vojt\u011bch Hendrych<\/p>\n\n\n\n<p>Junio\u0159i 26:&nbsp;Vojt\u011bch Kala\u0161<\/p>\n\n\n\n<p>\u017deny open: Eli\u0161ka H\u0159\u00edbkov\u00e1<\/p>\n\n\n\n<p><strong>Program trial<\/strong><\/p>\n\n\n\n<p>9. 8.: z\u00e1vod t\u00fdm\u016f<\/p>\n\n\n\n<p>10. 8.: semifin\u00e1le junior\u016f kategorie 20\u201c a 26\u201c, SF \u017eeny elite<\/p>\n\n\n\n<p>11. 8.: SF mu\u017ei elite (20\u201c, 26\u201c)<\/p>\n\n\n\n<p>12. 8.: fin\u00e1le v\u0161ech kategori\u00ed<\/p>\n\n\n\n<p>FOTO: Jaroslav Svoboda<\/p>\n","protected":false},"excerpt":{"rendered":"<p>Premi\u00e9ra, kter\u00e1 v cyklistice nem\u00e1 obdoby. Mistrovstv\u00ed sv\u011bta propoj\u00ed v srpnu ve skotsk\u00e9m Glasgow cyklistiku nap\u0159\u00ed\u010d cel\u00fdm spektrem, a krom\u011b cyklokrosu se bude bojovat o medaile a duhov\u00e9 dresy ve v\u0161ech zb\u00fdvaj\u00edc\u00edch discipl\u00edn\u00e1ch! Sv\u00e1tek cyklistiky je napl\u00e1nov\u00e1n od 3. do 13. srpna. P\u0159edstav\u00ed se tam i po\u010detn\u00e1 v\u00fdprava \u010desk\u00fdch cyklist\u016f. Bojovat o medaile budou silni\u010d\u00e1\u0159i, [&hellip;]<\/p>\n","protected":false},"author":1,"featured_media":26314,"comment_status":"closed","ping_status":"open","sticky":false,"template":"","format":"standard","meta":{"footnotes":""},"categories":[57,201,58,17,54,6,2,99,60,18],"tags":[409],"class_list":["post-26311","post","type-post","status-publish","format-standard","has-post-thumbnail","hentry","category-bmx","category-cyklistika-pro-vsechny","category-cyklokros","category-discipliny","category-draha","category-mtb","category-novinky","category-paracyklistika","category-salovka","category-silnice","tag-csc-3"],"_links":{"self":[{"href":"https:\/\/www.czechcyclingfederation.com\/en\/wp-json\/wp\/v2\/posts\/26311","targetHints":{"allow":["GET"]}}],"collection":[{"href":"https:\/\/www.czechcyclingfederation.com\/en\/wp-json\/wp\/v2\/posts"}],"about":[{"href":"https:\/\/www.czechcyclingfederation.com\/en\/wp-json\/wp\/v2\/types\/post"}],"author":[{"embeddable":true,"href":"https:\/\/www.czechcyclingfederation.com\/en\/wp-json\/wp\/v2\/users\/1"}],"replies":[{"embeddable":true,"href":"https:\/\/www.czechcyclingfederation.com\/en\/wp-json\/wp\/v2\/comments?post=26311"}],"version-history":[{"count":1,"href":"https:\/\/www.czechcyclingfederation.com\/en\/wp-json\/wp\/v2\/posts\/26311\/revisions"}],"predecessor-version":[{"id":26316,"href":"https:\/\/www.czechcyclingfederation.com\/en\/wp-json\/wp\/v2\/posts\/26311\/revisions\/26316"}],"wp:featuredmedia":[{"embeddable":true,"href":"https:\/\/www.czechcyclingfederation.com\/en\/wp-json\/wp\/v2\/media\/26314"}],"wp:attachment":[{"href":"https:\/\/www.czechcyclingfederation.com\/en\/wp-json\/wp\/v2\/media?parent=26311"}],"wp:term":[{"taxonomy":"category","embeddable":true,"href":"https:\/\/www.czechcyclingfederation.com\/en\/wp-json\/wp\/v2\/categories?post=26311"},{"taxonomy":"post_tag","embeddable":true,"href":"https:\/\/www.czechcyclingfederation.com\/en\/wp-json\/wp\/v2\/tags?post=26311"}],"curies":[{"name":"wp","href":"https:\/\/api.w.org\/{rel}","templated":true}]}}