{"id":26305,"date":"2023-07-20T12:10:14","date_gmt":"2023-07-20T10:10:14","guid":{"rendered":"https:\/\/www.czechcyclingfederation.com\/?p=26305"},"modified":"2023-07-20T12:11:06","modified_gmt":"2023-07-20T10:11:06","slug":"trialiste-na-svetovych-hrach-mladeze","status":"publish","type":"post","link":"https:\/\/www.czechcyclingfederation.com\/en\/trialiste-na-svetovych-hrach-mladeze\/","title":{"rendered":"Trialist\u00e9 na Sv\u011btov\u00fdch hr\u00e1ch ml\u00e1de\u017ee"},"content":{"rendered":"\n<p>\u010ce\u0161t\u00ed mlad\u00ed trialist\u00e9 se o uplynul\u00e9m v\u00edkendu z\u00fa\u010dastnili Sv\u011btov\u00fdch her ml\u00e1de\u017ee ve \u0161pan\u011blsk\u00e9 Duran\u011b.<\/p>\n\n\n\n<blockquote class=\"wp-block-quote is-layout-flow wp-block-quote-is-layout-flow\">\n<p>D\u011bti ve v\u011bku od 9 do 16 let bojovaly na World Youth Games UCI trial a \u010ceskou republiku zde reprezentovalo 13 z\u00e1vodn\u00edk\u016f, do fin\u00e1le se dostalo 5 jezdc\u016f.<\/p>\n\n\n\n<p>V t\u00fdmov\u00e9 sout\u011b\u017ei n\u00e1rod\u016f vybojovali kluci a d\u00edvky neskute\u010dn\u00e9 druh\u00e9 m\u00edsto.<\/p>\n\n\n\n<p>Nejlep\u0161\u00edm \u010desk\u00fdm jezdcem se stal Josef Buri\u00e1nek, kter\u00fd v kategorii Poussin vybojoval st\u0159\u00edbrnou medaili.<\/p>\n\n\n\n<p>AUTOR: Ivana Buri\u00e1nkov\u00e1<\/p>\n<\/blockquote>\n","protected":false},"excerpt":{"rendered":"<p>\u010ce\u0161t\u00ed mlad\u00ed trialist\u00e9 se o uplynul\u00e9m v\u00edkendu z\u00fa\u010dastnili Sv\u011btov\u00fdch her ml\u00e1de\u017ee ve \u0161pan\u011blsk\u00e9 Duran\u011b. D\u011bti ve v\u011bku od 9 do 16 let bojovaly na World Youth Games UCI trial a \u010ceskou republiku zde reprezentovalo 13 z\u00e1vodn\u00edk\u016f, do fin\u00e1le se dostalo 5 jezdc\u016f. V t\u00fdmov\u00e9 sout\u011b\u017ei n\u00e1rod\u016f vybojovali kluci a d\u00edvky neskute\u010dn\u00e9 druh\u00e9 m\u00edsto. Nejlep\u0161\u00edm \u010desk\u00fdm [&hellip;]<\/p>\n","protected":false},"author":1,"featured_media":26306,"comment_status":"closed","ping_status":"open","sticky":false,"template":"","format":"standard","meta":{"footnotes":""},"categories":[6,2],"tags":[64],"class_list":["post-26305","post","type-post","status-publish","format-standard","has-post-thumbnail","hentry","category-mtb","category-novinky","tag-trial"],"_links":{"self":[{"href":"https:\/\/www.czechcyclingfederation.com\/en\/wp-json\/wp\/v2\/posts\/26305","targetHints":{"allow":["GET"]}}],"collection":[{"href":"https:\/\/www.czechcyclingfederation.com\/en\/wp-json\/wp\/v2\/posts"}],"about":[{"href":"https:\/\/www.czechcyclingfederation.com\/en\/wp-json\/wp\/v2\/types\/post"}],"author":[{"embeddable":true,"href":"https:\/\/www.czechcyclingfederation.com\/en\/wp-json\/wp\/v2\/users\/1"}],"replies":[{"embeddable":true,"href":"https:\/\/www.czechcyclingfederation.com\/en\/wp-json\/wp\/v2\/comments?post=26305"}],"version-history":[{"count":2,"href":"https:\/\/www.czechcyclingfederation.com\/en\/wp-json\/wp\/v2\/posts\/26305\/revisions"}],"predecessor-version":[{"id":26310,"href":"https:\/\/www.czechcyclingfederation.com\/en\/wp-json\/wp\/v2\/posts\/26305\/revisions\/26310"}],"wp:featuredmedia":[{"embeddable":true,"href":"https:\/\/www.czechcyclingfederation.com\/en\/wp-json\/wp\/v2\/media\/26306"}],"wp:attachment":[{"href":"https:\/\/www.czechcyclingfederation.com\/en\/wp-json\/wp\/v2\/media?parent=26305"}],"wp:term":[{"taxonomy":"category","embeddable":true,"href":"https:\/\/www.czechcyclingfederation.com\/en\/wp-json\/wp\/v2\/categories?post=26305"},{"taxonomy":"post_tag","embeddable":true,"href":"https:\/\/www.czechcyclingfederation.com\/en\/wp-json\/wp\/v2\/tags?post=26305"}],"curies":[{"name":"wp","href":"https:\/\/api.w.org\/{rel}","templated":true}]}}