{"id":26255,"date":"2023-07-17T15:06:52","date_gmt":"2023-07-17T13:06:52","guid":{"rendered":"https:\/\/www.czechcyclingfederation.com\/?p=26255"},"modified":"2023-07-17T15:09:47","modified_gmt":"2023-07-17T13:09:47","slug":"para-cykliste-bojovali-o-mistrovske-tituly-v-silnicni-cyklistice","status":"publish","type":"post","link":"https:\/\/www.czechcyclingfederation.com\/en\/para-cykliste-bojovali-o-mistrovske-tituly-v-silnicni-cyklistice\/","title":{"rendered":"Para-cyklist\u00e9 bojovali o mistrovsk\u00e9 tituly v silni\u010dn\u00ed cyklistice"},"content":{"rendered":"\n<p>Spole\u010dn\u00e9 Mistrovstv\u00ed \u010cesk\u00e9 a Slovensk\u00e9 republiky v para cyklistice prob\u011bhlo o v\u00edkendu 15.-16.7.2023 ve slovensk\u00e9m P\u00fachov\u011b. \u0160ampion\u00e1ty obou zem\u00ed se uskute\u010dnily na trati Evropsk\u00e9ho poh\u00e1ru kategorie C1 UCI, kter\u00fd se na Slovensku konal ji\u017e po dvac\u00e1t\u00e9 sedm\u00e9.<\/p>\n\n\n\n<figure class=\"wp-block-image size-large\"><img loading=\"lazy\" decoding=\"async\" width=\"1024\" height=\"682\" src=\"https:\/\/www.czechcyclingfederation.com\/wp-content\/uploads\/2023\/07\/IMG_3174-1-1024x682.jpg\" alt=\"\" class=\"wp-image-26256\" srcset=\"https:\/\/www.czechcyclingfederation.com\/wp-content\/uploads\/2023\/07\/IMG_3174-1-1024x682.jpg 1024w, https:\/\/www.czechcyclingfederation.com\/wp-content\/uploads\/2023\/07\/IMG_3174-1-300x200.jpg 300w, https:\/\/www.czechcyclingfederation.com\/wp-content\/uploads\/2023\/07\/IMG_3174-1-768x511.jpg 768w, https:\/\/www.czechcyclingfederation.com\/wp-content\/uploads\/2023\/07\/IMG_3174-1-1536x1022.jpg 1536w, https:\/\/www.czechcyclingfederation.com\/wp-content\/uploads\/2023\/07\/IMG_3174-1-2048x1363.jpg 2048w, https:\/\/www.czechcyclingfederation.com\/wp-content\/uploads\/2023\/07\/IMG_3174-1-1320x879.jpg 1320w\" sizes=\"auto, (max-width: 1024px) 100vw, 1024px\" \/><\/figure>\n\n\n\n<p>Sobotn\u00ed program pat\u0159il z\u00e1vodu s hromadn\u00fdm startem, kter\u00fd se jel na 20 km dlouh\u00e9m okruhu a za velmi hork\u00e9ho po\u010das\u00ed. Titul Mistra \u010cR se ud\u011bloval v deseti kategori\u00edch. V ned\u011bli pak nastoupili z\u00e1vodn\u00edci do \u010dasovky jednotlivc\u016f.<\/p>\n\n\n\n<p>Model spole\u010dn\u00e9ho \u0161ampion\u00e1tu \u010ceska a Slovenska je osv\u011bd\u010den\u00fd ji\u017e n\u011bkolik let v silni\u010dn\u00ed cyklistice obou zem\u00ed a p\u0159in\u00e1\u0161\u00ed ka\u017edoro\u010dn\u011b zaj\u00edmav\u00e9 a nap\u00ednav\u00e9 souboje. Stejn\u011b tomu bylo i p\u0159i leto\u0161n\u00edm spole\u010dn\u00e9m mistrovstv\u00ed v para cyklistice na Slovensku.<\/p>\n\n\n\n<figure class=\"wp-block-image size-large\"><img loading=\"lazy\" decoding=\"async\" width=\"1024\" height=\"692\" src=\"http:\/\/www.czechcyclingfederation.com\/wp-content\/uploads\/2023\/07\/IMG_3167-1024x692.jpg\" alt=\"\" class=\"wp-image-26248\" srcset=\"https:\/\/www.czechcyclingfederation.com\/wp-content\/uploads\/2023\/07\/IMG_3167-1024x692.jpg 1024w, https:\/\/www.czechcyclingfederation.com\/wp-content\/uploads\/2023\/07\/IMG_3167-296x200.jpg 296w, https:\/\/www.czechcyclingfederation.com\/wp-content\/uploads\/2023\/07\/IMG_3167-768x519.jpg 768w, https:\/\/www.czechcyclingfederation.com\/wp-content\/uploads\/2023\/07\/IMG_3167-1536x1038.jpg 1536w, https:\/\/www.czechcyclingfederation.com\/wp-content\/uploads\/2023\/07\/IMG_3167-2048x1383.jpg 2048w, https:\/\/www.czechcyclingfederation.com\/wp-content\/uploads\/2023\/07\/IMG_3167-1320x892.jpg 1320w\" sizes=\"auto, (max-width: 1024px) 100vw, 1024px\" \/><\/figure>\n\n\n\n<p>Zaj\u00edmav\u00e9 souboje p\u0159inesly kategorie hanbik\u016f H3-4 mu\u017e\u016f nebo tricykl\u016f T1 a T2 mu\u017e\u016f, kde byly v\u00fdkony z\u00e1vodn\u00edk\u016f vyrovnan\u00e9 a nem\u011bly jasn\u00e9ho favorita.<\/p>\n\n\n\n<p>Pro reprezentanty byl \u0161ampion\u00e1t posledn\u00ed prov\u011brkou p\u0159ed odjezdem na Mistrovstv\u00ed sv\u011bta ve skotsk\u00e9m Glasgow, kam t\u00fdmy odlet\u00ed v prvn\u00edm srpnov\u00e9m t\u00fddnu. Sv\u011btov\u00fd \u0161ampion\u00e1t UCI bude cyklistick\u00fdm sv\u00e1tkem, nebo\u0165 b\u011bhem 14 dn\u016f prob\u011bhne celkem 13 mistrovstv\u00ed sv\u011bta v osmi cyklistick\u00fdch odv\u011btv\u00edch a nebude zde chyb\u011bt ani para cyklistika. Zpravodajstv\u00ed z MS budeme pravideln\u011b p\u0159in\u00e1\u0161et na webu \u010cSC.<\/p>\n\n\n\n<p>Tituly Mistra \u010cR vybojovali v \u010dasovce:<\/p>\n\n\n\n<p>MH1 Patrik JAHODA MT2 Jind\u0159ich MA\u0160\u00cdN MT1 Roman \u0160EJNA WT2 Kate\u0159ina SMOLN\u00c1 WT1 Pavlina VEJVODOV\u00c1 MH3-4 V\u00e1clav ANTAL WH3-4 Kate\u0159ina ANTO\u0160OV\u00c1 MC1-3 Ivo KOBLASA MC4-5 Tom\u00e1\u0161 KAJNAR WC4-5 V\u011bra \u010cEJKOV\u00c1<\/p>\n\n\n\n<p>Tituly Mistra \u010cR vybojovali v z\u00e1vod\u011b s hromadn\u00fdm startem:<\/p>\n\n\n\n<p>MH1 Patrik JAHODA MT2 Zbyn\u011bk CHARV\u00c1T MT1 Petr BERGER WT2 Kate\u0159ina SMOLN\u00c1 WT1 Pavlina VEJVODOV\u00c1 MH3-4 V\u00e1clav ANTAL WH3-4 Kate\u0159ina ANTO\u0160OV\u00c1 MC1-3 Ivo KOBLASA MC4-5 Tom\u00e1\u0161 KAJNAR WC4-5 V\u011bra \u010cEJKOV\u00c1<\/p>\n\n\n\n<p>Celkov\u00e9 v\u00fdsledky M\u010cR <a href=\"https:\/\/my.raceresult.com\/247675\/results\">ZDE<\/a><\/p>\n\n\n\n<figure class=\"wp-block-image size-large\"><img loading=\"lazy\" decoding=\"async\" width=\"1024\" height=\"768\" src=\"https:\/\/www.czechcyclingfederation.com\/wp-content\/uploads\/2023\/07\/IMG_3212-1-1024x768.jpg\" alt=\"\" class=\"wp-image-26258\" srcset=\"https:\/\/www.czechcyclingfederation.com\/wp-content\/uploads\/2023\/07\/IMG_3212-1-1024x768.jpg 1024w, https:\/\/www.czechcyclingfederation.com\/wp-content\/uploads\/2023\/07\/IMG_3212-1-267x200.jpg 267w, https:\/\/www.czechcyclingfederation.com\/wp-content\/uploads\/2023\/07\/IMG_3212-1-768x576.jpg 768w, https:\/\/www.czechcyclingfederation.com\/wp-content\/uploads\/2023\/07\/IMG_3212-1-1536x1152.jpg 1536w, https:\/\/www.czechcyclingfederation.com\/wp-content\/uploads\/2023\/07\/IMG_3212-1-2048x1536.jpg 2048w, https:\/\/www.czechcyclingfederation.com\/wp-content\/uploads\/2023\/07\/IMG_3212-1-1320x990.jpg 1320w\" sizes=\"auto, (max-width: 1024px) 100vw, 1024px\" \/><\/figure>\n\n\n\n<figure class=\"wp-block-image size-large\"><img loading=\"lazy\" decoding=\"async\" width=\"1024\" height=\"768\" src=\"https:\/\/www.czechcyclingfederation.com\/wp-content\/uploads\/2023\/07\/IMG_3214-1-1024x768.jpg\" alt=\"\" class=\"wp-image-26260\" srcset=\"https:\/\/www.czechcyclingfederation.com\/wp-content\/uploads\/2023\/07\/IMG_3214-1-1024x768.jpg 1024w, https:\/\/www.czechcyclingfederation.com\/wp-content\/uploads\/2023\/07\/IMG_3214-1-267x200.jpg 267w, https:\/\/www.czechcyclingfederation.com\/wp-content\/uploads\/2023\/07\/IMG_3214-1-768x576.jpg 768w, https:\/\/www.czechcyclingfederation.com\/wp-content\/uploads\/2023\/07\/IMG_3214-1-1536x1152.jpg 1536w, https:\/\/www.czechcyclingfederation.com\/wp-content\/uploads\/2023\/07\/IMG_3214-1-2048x1536.jpg 2048w, https:\/\/www.czechcyclingfederation.com\/wp-content\/uploads\/2023\/07\/IMG_3214-1-1320x990.jpg 1320w\" sizes=\"auto, (max-width: 1024px) 100vw, 1024px\" \/><\/figure>\n","protected":false},"excerpt":{"rendered":"<p>Spole\u010dn\u00e9 Mistrovstv\u00ed \u010cesk\u00e9 a Slovensk\u00e9 republiky v para cyklistice prob\u011bhlo o v\u00edkendu 15.-16.7.2023 ve slovensk\u00e9m P\u00fachov\u011b. \u0160ampion\u00e1ty obou zem\u00ed se uskute\u010dnily na trati Evropsk\u00e9ho poh\u00e1ru kategorie C1 UCI, kter\u00fd se na Slovensku konal ji\u017e po dvac\u00e1t\u00e9 sedm\u00e9. Sobotn\u00ed program pat\u0159il z\u00e1vodu s hromadn\u00fdm startem, kter\u00fd se jel na 20 km dlouh\u00e9m okruhu a za velmi [&hellip;]<\/p>\n","protected":false},"author":3,"featured_media":26256,"comment_status":"closed","ping_status":"open","sticky":false,"template":"","format":"standard","meta":{"footnotes":""},"categories":[17,2,99],"tags":[405],"class_list":["post-26255","post","type-post","status-publish","format-standard","has-post-thumbnail","hentry","category-discipliny","category-novinky","category-paracyklistika","tag-para"],"_links":{"self":[{"href":"https:\/\/www.czechcyclingfederation.com\/en\/wp-json\/wp\/v2\/posts\/26255","targetHints":{"allow":["GET"]}}],"collection":[{"href":"https:\/\/www.czechcyclingfederation.com\/en\/wp-json\/wp\/v2\/posts"}],"about":[{"href":"https:\/\/www.czechcyclingfederation.com\/en\/wp-json\/wp\/v2\/types\/post"}],"author":[{"embeddable":true,"href":"https:\/\/www.czechcyclingfederation.com\/en\/wp-json\/wp\/v2\/users\/3"}],"replies":[{"embeddable":true,"href":"https:\/\/www.czechcyclingfederation.com\/en\/wp-json\/wp\/v2\/comments?post=26255"}],"version-history":[{"count":1,"href":"https:\/\/www.czechcyclingfederation.com\/en\/wp-json\/wp\/v2\/posts\/26255\/revisions"}],"predecessor-version":[{"id":26262,"href":"https:\/\/www.czechcyclingfederation.com\/en\/wp-json\/wp\/v2\/posts\/26255\/revisions\/26262"}],"wp:featuredmedia":[{"embeddable":true,"href":"https:\/\/www.czechcyclingfederation.com\/en\/wp-json\/wp\/v2\/media\/26256"}],"wp:attachment":[{"href":"https:\/\/www.czechcyclingfederation.com\/en\/wp-json\/wp\/v2\/media?parent=26255"}],"wp:term":[{"taxonomy":"category","embeddable":true,"href":"https:\/\/www.czechcyclingfederation.com\/en\/wp-json\/wp\/v2\/categories?post=26255"},{"taxonomy":"post_tag","embeddable":true,"href":"https:\/\/www.czechcyclingfederation.com\/en\/wp-json\/wp\/v2\/tags?post=26255"}],"curies":[{"name":"wp","href":"https:\/\/api.w.org\/{rel}","templated":true}]}}