{"id":2622,"date":"2020-10-10T23:24:30","date_gmt":"2020-10-10T21:24:30","guid":{"rendered":"http:\/\/www.czechcyclingfederation.com\/?p=2622"},"modified":"2020-10-18T19:54:27","modified_gmt":"2020-10-18T17:54:27","slug":"druhe-ceske-stribro-na-me-na-draze-vybojovala-bartova","status":"publish","type":"post","link":"https:\/\/www.czechcyclingfederation.com\/en\/druhe-ceske-stribro-na-me-na-draze-vybojovala-bartova\/","title":{"rendered":"Druh\u00e9 \u010desk\u00e9 st\u0159\u00edbro na ME na dr\u00e1ze vybojovala B\u00e1rtov\u00e1"},"content":{"rendered":"\n<p>Druhou \u010deskou medaili na evropsk\u00e9m \u0161ampion\u00e1tu junior\u016f, juniorek a kategori\u00ed U23 v italsk\u00e9 Fiorenzuole vybojovala Gabriela B\u00e1rtov\u00e1. \u010cesk\u00e1 juniorka byla ve vylu\u010dovac\u00edm z\u00e1vod\u011b, kdy\u017e nesta\u010dila pouze na portugalskou cyklistku Danielu Camposovou druh\u00e1, t\u0159et\u00ed skon\u010dila Daniek Hendevelgov\u00e1 z Nizozem\u00ed.<\/p>\n\n\n\n<p>Dal\u0161\u00ed \u010de\u0161t\u00ed jezdci ji\u017e tak \u00fasp\u011b\u0161n\u00ed nebyli. Petr Kelemen (U23) skon\u010dil patn\u00e1ct\u00fd v bodovac\u00edm z\u00e1vod\u011b, junior David Pag\u00e1\u010d byl des\u00e1t\u00fd ve sprintu a sedmn\u00e1ct\u00fd v z\u00e1vodu na 1 km s pevn\u00fdm startem. Juniorka Veronika Barton\u00edkov\u00e1 skon\u010dila ve sprintu des\u00e1t\u00e1, mezi z\u00e1vodnicemi U23 ve sprintu byla S\u00e1ra Ka\u0148kovsk\u00e1 osm\u00e1 a hned za n\u00ed skon\u010dila Veronika Jaborn\u00edkov\u00e1.<\/p>\n\n\n\n<p>V\u00fdsledky:<\/p>\n\n\n\n<p>Mu\u017ei U23:<\/p>\n\n\n\n<p>Bodovac\u00ed z\u00e1vod:<\/p>\n\n\n\n<p>1. Syrica (Rus.) 66, 2. Leitao (Port.) 34, 3. Banusch (N\u011bm.) 34, &#8230;15. Petr Kelemen (\u010cR) -17.<\/p>\n\n\n\n<p>Junio\u0159i:<\/p>\n\n\n\n<p>1 km s pevn\u00fdm startem:<\/p>\n\n\n\n<p>1. Vandenbranden (Belg.) 1:04,022, 2. Dreschler 1:04,606, 3. Weinrich (oba N\u011bm) 1:05,814, &#8230;17. Pag\u00e1\u010d (\u010cR) 1:08,326.<\/p>\n\n\n\n<p>Sprint:<\/p>\n\n\n\n<p>1. Weinrich, 2. Krause (N\u011bm.), 3. Fontanille (It.), &#8230;10. Pag\u00e1\u010d.<\/p>\n\n\n\n<p>Juniorky:<\/p>\n\n\n\n<p>Vylu\u010dovac\u00ed z\u00e1vod:<\/p>\n\n\n\n<p>1. Camposov\u00e1 (Port.), 2. B\u00e1rtov\u00e1 (\u010cR), 3. Hendevelgov\u00e1 (Niz.).<\/p>\n\n\n\n<p>Sprint:<\/p>\n\n\n\n<p>1. Lysenkov\u00e1 (Rus.), 2. Kouameov\u00e1 (Fr.), 3. Bogomolov\u00e1 (Rus.), &#8230;10. V. Barton\u00edkov\u00e1 (\u010cR).<\/p>\n\n\n\n<p>\u017deny U23:<\/p>\n\n\n\n<p>Sprint:<\/p>\n\n\n\n<p>1. Friedrichov\u00e1, 2. Graboschov\u00e1 (ob\u011b N\u011bm.), 3. Ty\u0161enkov\u00e1 (Rus.), &#8230;8. S. Ka\u0148kovsk\u00e1, 9. V. Jaborn\u00edkov\u00e1 (ob\u011b \u010cR).<\/p>\n\n\n\n<p>FOTO Marek Mixa<\/p>\n\n\n\n<figure class=\"wp-block-image size-large\"><img loading=\"lazy\" decoding=\"async\" width=\"682\" height=\"1024\" src=\"https:\/\/www.czechcyclingfederation.com\/wp-content\/uploads\/2020\/10\/B\u00e1rtov\u00e1-Gabriela-IMG-20201010-WA0012-Mixa-682x1024.jpg\" alt=\"\" class=\"wp-image-2624\" srcset=\"https:\/\/www.czechcyclingfederation.com\/wp-content\/uploads\/2020\/10\/B\u00e1rtov\u00e1-Gabriela-IMG-20201010-WA0012-Mixa-682x1024.jpg 682w, https:\/\/www.czechcyclingfederation.com\/wp-content\/uploads\/2020\/10\/B\u00e1rtov\u00e1-Gabriela-IMG-20201010-WA0012-Mixa-133x200.jpg 133w, https:\/\/www.czechcyclingfederation.com\/wp-content\/uploads\/2020\/10\/B\u00e1rtov\u00e1-Gabriela-IMG-20201010-WA0012-Mixa-768x1153.jpg 768w, https:\/\/www.czechcyclingfederation.com\/wp-content\/uploads\/2020\/10\/B\u00e1rtov\u00e1-Gabriela-IMG-20201010-WA0012-Mixa-1023x1536.jpg 1023w, https:\/\/www.czechcyclingfederation.com\/wp-content\/uploads\/2020\/10\/B\u00e1rtov\u00e1-Gabriela-IMG-20201010-WA0012-Mixa.jpg 1066w\" sizes=\"auto, (max-width: 682px) 100vw, 682px\" \/><\/figure>\n\n\n\n<figure class=\"wp-block-image size-large\"><img loading=\"lazy\" decoding=\"async\" width=\"1024\" height=\"603\" src=\"https:\/\/www.czechcyclingfederation.com\/wp-content\/uploads\/2020\/10\/IMG-20201010-WA0014-1024x603.jpg\" alt=\"\" class=\"wp-image-2625\" srcset=\"https:\/\/www.czechcyclingfederation.com\/wp-content\/uploads\/2020\/10\/IMG-20201010-WA0014-1024x603.jpg 1024w, https:\/\/www.czechcyclingfederation.com\/wp-content\/uploads\/2020\/10\/IMG-20201010-WA0014-300x177.jpg 300w, https:\/\/www.czechcyclingfederation.com\/wp-content\/uploads\/2020\/10\/IMG-20201010-WA0014-768x452.jpg 768w, https:\/\/www.czechcyclingfederation.com\/wp-content\/uploads\/2020\/10\/IMG-20201010-WA0014-1536x904.jpg 1536w, https:\/\/www.czechcyclingfederation.com\/wp-content\/uploads\/2020\/10\/IMG-20201010-WA0014-1320x777.jpg 1320w, https:\/\/www.czechcyclingfederation.com\/wp-content\/uploads\/2020\/10\/IMG-20201010-WA0014.jpg 1600w\" sizes=\"auto, (max-width: 1024px) 100vw, 1024px\" \/><\/figure>\n\n\n\n<figure class=\"wp-block-image size-large\"><img loading=\"lazy\" decoding=\"async\" width=\"1024\" height=\"598\" src=\"https:\/\/www.czechcyclingfederation.com\/wp-content\/uploads\/2020\/10\/IMG-20201010-WA0015-1024x598.jpg\" alt=\"\" class=\"wp-image-2626\" srcset=\"https:\/\/www.czechcyclingfederation.com\/wp-content\/uploads\/2020\/10\/IMG-20201010-WA0015-1024x598.jpg 1024w, https:\/\/www.czechcyclingfederation.com\/wp-content\/uploads\/2020\/10\/IMG-20201010-WA0015-300x175.jpg 300w, https:\/\/www.czechcyclingfederation.com\/wp-content\/uploads\/2020\/10\/IMG-20201010-WA0015-768x448.jpg 768w, https:\/\/www.czechcyclingfederation.com\/wp-content\/uploads\/2020\/10\/IMG-20201010-WA0015-1536x897.jpg 1536w, https:\/\/www.czechcyclingfederation.com\/wp-content\/uploads\/2020\/10\/IMG-20201010-WA0015-1320x771.jpg 1320w, https:\/\/www.czechcyclingfederation.com\/wp-content\/uploads\/2020\/10\/IMG-20201010-WA0015.jpg 1600w\" sizes=\"auto, (max-width: 1024px) 100vw, 1024px\" \/><\/figure>\n","protected":false},"excerpt":{"rendered":"<p>Druhou \u010deskou medaili na evropsk\u00e9m \u0161ampion\u00e1tu junior\u016f, juniorek a kategori\u00ed U23 v italsk\u00e9 Fiorenzuole vybojovala Gabriela B\u00e1rtov\u00e1. \u010cesk\u00e1 juniorka byla ve vylu\u010dovac\u00edm z\u00e1vod\u011b, kdy\u017e nesta\u010dila pouze na portugalskou cyklistku Danielu Camposovou druh\u00e1, t\u0159et\u00ed skon\u010dila Daniek Hendevelgov\u00e1 z Nizozem\u00ed. Dal\u0161\u00ed \u010de\u0161t\u00ed jezdci ji\u017e tak \u00fasp\u011b\u0161n\u00ed nebyli. Petr Kelemen (U23) skon\u010dil patn\u00e1ct\u00fd v bodovac\u00edm z\u00e1vod\u011b, junior David [&hellip;]<\/p>\n","protected":false},"author":8,"featured_media":2623,"comment_status":"closed","ping_status":"open","sticky":false,"template":"","format":"standard","meta":{"footnotes":""},"categories":[54,2,103],"tags":[9],"class_list":["post-2622","post","type-post","status-publish","format-standard","has-post-thumbnail","hentry","category-draha","category-novinky","category-reprezentace","tag-draha"],"_links":{"self":[{"href":"https:\/\/www.czechcyclingfederation.com\/en\/wp-json\/wp\/v2\/posts\/2622","targetHints":{"allow":["GET"]}}],"collection":[{"href":"https:\/\/www.czechcyclingfederation.com\/en\/wp-json\/wp\/v2\/posts"}],"about":[{"href":"https:\/\/www.czechcyclingfederation.com\/en\/wp-json\/wp\/v2\/types\/post"}],"author":[{"embeddable":true,"href":"https:\/\/www.czechcyclingfederation.com\/en\/wp-json\/wp\/v2\/users\/8"}],"replies":[{"embeddable":true,"href":"https:\/\/www.czechcyclingfederation.com\/en\/wp-json\/wp\/v2\/comments?post=2622"}],"version-history":[{"count":2,"href":"https:\/\/www.czechcyclingfederation.com\/en\/wp-json\/wp\/v2\/posts\/2622\/revisions"}],"predecessor-version":[{"id":2647,"href":"https:\/\/www.czechcyclingfederation.com\/en\/wp-json\/wp\/v2\/posts\/2622\/revisions\/2647"}],"wp:featuredmedia":[{"embeddable":true,"href":"https:\/\/www.czechcyclingfederation.com\/en\/wp-json\/wp\/v2\/media\/2623"}],"wp:attachment":[{"href":"https:\/\/www.czechcyclingfederation.com\/en\/wp-json\/wp\/v2\/media?parent=2622"}],"wp:term":[{"taxonomy":"category","embeddable":true,"href":"https:\/\/www.czechcyclingfederation.com\/en\/wp-json\/wp\/v2\/categories?post=2622"},{"taxonomy":"post_tag","embeddable":true,"href":"https:\/\/www.czechcyclingfederation.com\/en\/wp-json\/wp\/v2\/tags?post=2622"}],"curies":[{"name":"wp","href":"https:\/\/api.w.org\/{rel}","templated":true}]}}