{"id":26200,"date":"2023-07-16T17:23:15","date_gmt":"2023-07-16T15:23:15","guid":{"rendered":"https:\/\/www.czechcyclingfederation.com\/?p=26200"},"modified":"2023-07-17T15:13:09","modified_gmt":"2023-07-17T13:13:09","slug":"slovak-schwarzbacher-vyhral-v-dubnici-nad-vahom","status":"publish","type":"post","link":"https:\/\/www.czechcyclingfederation.com\/en\/slovak-schwarzbacher-vyhral-v-dubnici-nad-vahom\/","title":{"rendered":"Slov\u00e1k Schwarzbacher vyhr\u00e1l v\u00a0Dubnici nad V\u00e1hom"},"content":{"rendered":"\n<p>om\u00e1c\u00ed jezdec Matthias Schwarzbacher ovl\u00e1dl \u0161edes\u00e1t\u00fd ro\u010dn\u00edk juniorsk\u00fdch Mezin\u00e1rodn\u00edch dn\u00ed cyklistiky v Dubnici nad V\u00e1hom, podnik N\u00b4Cupu kalend\u00e1\u0159e Mezin\u00e1rodn\u00ed cyklistick\u00e9 unie. Z&nbsp;\u010desk\u00fdch jezdc\u016f skon\u010dil nejv\u00fd\u0161e Adam Strej\u010dek jedouc\u00ed v&nbsp;barv\u00e1ch Gepla-Watersley R+D Road Team.<\/p>\n\n\n\n<p>Z\u00e1v\u011bre\u010dnou t\u0159et\u00ed etapu se startem i c\u00edlem v Dubnici nad V\u00e1hom, dlouho 126,4 kilometr\u016f vyhr\u00e1l Mattia Negrente z&nbsp;It\u00e1lie, nejv\u011bt\u0161\u00edm \u00fasp\u011bchem \u010desk\u00fdch barev bylo v\u00edt\u011bzstv\u00ed v&nbsp;\u00favodn\u00ed \u010dasovce Pavla \u0160ump\u00edka.<\/p>\n\n\n\n<p>V\u00fdsledky:<\/p>\n\n\n\n<p>1. Negrente (It.) 3:13:36, 2. Melot (Fr.), 3. Valjavec (Slovin.) oba stejn\u00fd \u010das, &#8230;16. Adam Strej\u010dek (Gepla-Watersley R+D Road Team), 19. Falt\u00fdnek, 26. Zah\u00e1lka v\u0161ichni +58, 30. Pe\u0161ek, 35. Samec, 35. D. \u0160ilhav\u00fd, 39. Rube\u0161 (v\u0161ichni \u010cR) v\u0161ichni +1:02.<\/p>\n\n\n\n<p>Kone\u010dn\u00e9 po\u0159ad\u00ed:<\/p>\n\n\n\n<p>1.Schwarzbacher (SR) 6:34:33, 2. Valjavec +29, 3. Sambinello (It.) +33, &#8230;16. Pe\u0161ek +2:05, 27. Rube\u0161 +2:53, 31. D. \u0160ilhav\u00fd +3:19, 32. Samec +3:23, 38. Falt\u00fdnek, 41. Strej\u010dek oba +3:47, 45. Zah\u00e1lka +4:03.<\/p>\n\n\n\n<p>FOTO So\u0148a Nikov\u00e1<\/p>\n\n\n\n<figure class=\"wp-block-image size-large\"><img loading=\"lazy\" decoding=\"async\" width=\"1024\" height=\"682\" src=\"http:\/\/www.czechcyclingfederation.com\/wp-content\/uploads\/2023\/07\/Schwarzbacher-MDCNikovaszc-4147-1024x682.jpg\" alt=\"\" class=\"wp-image-26205\" srcset=\"https:\/\/www.czechcyclingfederation.com\/wp-content\/uploads\/2023\/07\/Schwarzbacher-MDCNikovaszc-4147-1024x682.jpg 1024w, https:\/\/www.czechcyclingfederation.com\/wp-content\/uploads\/2023\/07\/Schwarzbacher-MDCNikovaszc-4147-300x200.jpg 300w, https:\/\/www.czechcyclingfederation.com\/wp-content\/uploads\/2023\/07\/Schwarzbacher-MDCNikovaszc-4147-768x511.jpg 768w, https:\/\/www.czechcyclingfederation.com\/wp-content\/uploads\/2023\/07\/Schwarzbacher-MDCNikovaszc-4147-1536x1022.jpg 1536w, https:\/\/www.czechcyclingfederation.com\/wp-content\/uploads\/2023\/07\/Schwarzbacher-MDCNikovaszc-4147-1320x878.jpg 1320w, https:\/\/www.czechcyclingfederation.com\/wp-content\/uploads\/2023\/07\/Schwarzbacher-MDCNikovaszc-4147.jpg 2048w\" sizes=\"auto, (max-width: 1024px) 100vw, 1024px\" \/><\/figure>\n","protected":false},"excerpt":{"rendered":"<p>om\u00e1c\u00ed jezdec Matthias Schwarzbacher ovl\u00e1dl \u0161edes\u00e1t\u00fd ro\u010dn\u00edk juniorsk\u00fdch Mezin\u00e1rodn\u00edch dn\u00ed cyklistiky v Dubnici nad V\u00e1hom, podnik N\u00b4Cupu kalend\u00e1\u0159e Mezin\u00e1rodn\u00ed cyklistick\u00e9 unie. Z&nbsp;\u010desk\u00fdch jezdc\u016f skon\u010dil nejv\u00fd\u0161e Adam Strej\u010dek jedouc\u00ed v&nbsp;barv\u00e1ch Gepla-Watersley R+D Road Team. Z\u00e1v\u011bre\u010dnou t\u0159et\u00ed etapu se startem i c\u00edlem v Dubnici nad V\u00e1hom, dlouho 126,4 kilometr\u016f vyhr\u00e1l Mattia Negrente z&nbsp;It\u00e1lie, nejv\u011bt\u0161\u00edm \u00fasp\u011bchem \u010desk\u00fdch barev [&hellip;]<\/p>\n","protected":false},"author":8,"featured_media":26203,"comment_status":"closed","ping_status":"open","sticky":false,"template":"","format":"standard","meta":{"footnotes":""},"categories":[2,18],"tags":[11],"class_list":["post-26200","post","type-post","status-publish","format-standard","has-post-thumbnail","hentry","category-novinky","category-silnice","tag-silnice"],"_links":{"self":[{"href":"https:\/\/www.czechcyclingfederation.com\/en\/wp-json\/wp\/v2\/posts\/26200","targetHints":{"allow":["GET"]}}],"collection":[{"href":"https:\/\/www.czechcyclingfederation.com\/en\/wp-json\/wp\/v2\/posts"}],"about":[{"href":"https:\/\/www.czechcyclingfederation.com\/en\/wp-json\/wp\/v2\/types\/post"}],"author":[{"embeddable":true,"href":"https:\/\/www.czechcyclingfederation.com\/en\/wp-json\/wp\/v2\/users\/8"}],"replies":[{"embeddable":true,"href":"https:\/\/www.czechcyclingfederation.com\/en\/wp-json\/wp\/v2\/comments?post=26200"}],"version-history":[{"count":2,"href":"https:\/\/www.czechcyclingfederation.com\/en\/wp-json\/wp\/v2\/posts\/26200\/revisions"}],"predecessor-version":[{"id":26263,"href":"https:\/\/www.czechcyclingfederation.com\/en\/wp-json\/wp\/v2\/posts\/26200\/revisions\/26263"}],"wp:featuredmedia":[{"embeddable":true,"href":"https:\/\/www.czechcyclingfederation.com\/en\/wp-json\/wp\/v2\/media\/26203"}],"wp:attachment":[{"href":"https:\/\/www.czechcyclingfederation.com\/en\/wp-json\/wp\/v2\/media?parent=26200"}],"wp:term":[{"taxonomy":"category","embeddable":true,"href":"https:\/\/www.czechcyclingfederation.com\/en\/wp-json\/wp\/v2\/categories?post=26200"},{"taxonomy":"post_tag","embeddable":true,"href":"https:\/\/www.czechcyclingfederation.com\/en\/wp-json\/wp\/v2\/tags?post=26200"}],"curies":[{"name":"wp","href":"https:\/\/api.w.org\/{rel}","templated":true}]}}