{"id":26183,"date":"2023-07-15T23:20:07","date_gmt":"2023-07-15T21:20:07","guid":{"rendered":"https:\/\/www.czechcyclingfederation.com\/?p=26183"},"modified":"2023-07-15T23:20:10","modified_gmt":"2023-07-15T21:20:10","slug":"na-drahovem-me-veronika-jabornikova-skoncila-podruhe-ctvrta","status":"publish","type":"post","link":"https:\/\/www.czechcyclingfederation.com\/en\/na-drahovem-me-veronika-jabornikova-skoncila-podruhe-ctvrta\/","title":{"rendered":"Na dr\u00e1hov\u00e9m ME Veronika Jaborn\u00edkov\u00e1 skon\u010dila podruh\u00e9 \u010dtvrt\u00e1"},"content":{"rendered":"\n<p>Veronice Jaborn\u00edkov\u00e9 unikla na evropsk\u00e9m dr\u00e1hov\u00e9m \u0161ampion\u00e1tu v Anadii v Portualsku medaile v z\u00e1vodu \u017een U23 na trati 500 m s pevn\u00fdm startem jen velice t\u011bsn\u011b. Za t\u0159et\u00ed Clarou Schneiderovou z N\u011bmecka zaostal o o pouh\u00fdch \u0161est setin vte\u0159iny a skon\u010dila \u010dtvrt\u00e1.<\/p>\n\n\n\n<p>V olympijsk\u00e9m omniu \u017een U23 vybojovala Krist\u00fdna Burlov\u00e1 des\u00e1t\u00e9 m\u00edsto, stejn\u011b si vedla juniorka Patricie M\u00fcllerov\u00e1 v bodovac\u00edm z\u00e1vodu. Ve sprintu mu\u017e\u016f U23 obsadil Jakub Mal\u00e1\u0161ek osm\u00e9 m\u00edsto, Mat\u011bj Hytych byl t\u0159in\u00e1ct\u00fd.<\/p>\n\n\n\n<p>V\u00fdsledky:<\/p>\n\n\n\n<p>\u017deny U23:<\/p>\n\n\n\n<p>500 m s pevn\u00fdm startem:<\/p>\n\n\n\n<p>1. Parris-Smithov\u00e1 (Brit.) 34,129, 2. Nicolaesov\u00e1 (Fr.) 34,335, 3. Schneiderov\u00e1 (N\u011bm.) 34,392, 4. V. Jaborn\u00edkov\u00e1 (\u010cR) 34,463.<\/p>\n\n\n\n<p>Omnium:<\/p>\n\n\n\n<p>1. Gillespieov\u00e1 (Brit.) 126, 2. de Clecqov\u00e1 (Belg.) 118, 3. van der Duinov\u00e1 (Niz.) 117, &#8230;10. Burlov\u00e1 (\u010cR) 72.<\/p>\n\n\n\n<p>Juniorky:<\/p>\n\n\n\n<p>Bodovac\u00ed z\u00e1vod:<\/p>\n\n\n\n<p>1. Littbarski-Grayov\u00e1 (N\u011bm.) 38, 2. Tabuov\u00e1 (Fr.) 31, 3. Duarteov\u00e1 (Port.) 22, &#8230;10. M\u00fcllerov\u00e1 (\u010cR) 2.<\/p>\n\n\n\n<p>Keirin:<\/p>\n\n\n\n<p>1. Bertoliniov\u00e1 (It.), 2. Drouodeov\u00e1 (Fr.), 3. Whitworthov\u00e1 (Brit.).<\/p>\n\n\n\n<p>Junio\u0159i:<\/p>\n\n\n\n<p>Bodovac\u00ed z\u00e1vod:<\/p>\n\n\n\n<p>1. Sierra (It.) 70, 2. Goszczurny (Pol.) 39, 3. Yilmaz (Tur.) 30, &#8230;15. Poda\u0159il (\u010cR) 0.<\/p>\n\n\n\n<p>Keirin:<\/p>\n\n\n\n<p>1. Flemming (N\u011bm.), 2. Merterns (Belg.), 3. Oliviero (Fr.).<\/p>\n\n\n\n<p>Mu\u017ei U23:<\/p>\n\n\n\n<p>Sprint:<\/p>\n\n\n\n<p>Fin\u00e1le: Predomo (It.) &#8211; van Loon (Niz.) 2:0, 3. Norris (Brit.), &#8230;8. Mal\u00e1\u0161ek,<\/p>\n\n\n\n<p>13. Hytych (oba \u010cR).<\/p>\n\n\n\n<p>Omnium:<\/p>\n\n\n\n<p>1. Teutenberg (N\u011bm.) 142, 2. Wafler (Rak.) 118, 3. Abma (Niz.) 113, &#8230;18. \u0160tec (\u010cR) -10.<\/p>\n\n\n\n<figure class=\"wp-block-image size-full\"><img loading=\"lazy\" decoding=\"async\" width=\"900\" height=\"515\" src=\"http:\/\/www.czechcyclingfederation.com\/wp-content\/uploads\/2023\/07\/Obrazek-WhatsApp-2023-07-15-v-22.54.39.jpg\" alt=\"\" class=\"wp-image-26188\" srcset=\"https:\/\/www.czechcyclingfederation.com\/wp-content\/uploads\/2023\/07\/Obrazek-WhatsApp-2023-07-15-v-22.54.39.jpg 900w, https:\/\/www.czechcyclingfederation.com\/wp-content\/uploads\/2023\/07\/Obrazek-WhatsApp-2023-07-15-v-22.54.39-300x172.jpg 300w, https:\/\/www.czechcyclingfederation.com\/wp-content\/uploads\/2023\/07\/Obrazek-WhatsApp-2023-07-15-v-22.54.39-768x439.jpg 768w\" sizes=\"auto, (max-width: 900px) 100vw, 900px\" \/><\/figure>\n","protected":false},"excerpt":{"rendered":"<p>Veronice Jaborn\u00edkov\u00e9 unikla na evropsk\u00e9m dr\u00e1hov\u00e9m \u0161ampion\u00e1tu v Anadii v Portualsku medaile v z\u00e1vodu \u017een U23 na trati 500 m s pevn\u00fdm startem jen velice t\u011bsn\u011b. Za t\u0159et\u00ed Clarou Schneiderovou z N\u011bmecka zaostal o o pouh\u00fdch \u0161est setin vte\u0159iny a skon\u010dila \u010dtvrt\u00e1. V olympijsk\u00e9m omniu \u017een U23 vybojovala Krist\u00fdna Burlov\u00e1 des\u00e1t\u00e9 m\u00edsto, stejn\u011b si vedla [&hellip;]<\/p>\n","protected":false},"author":8,"featured_media":26186,"comment_status":"closed","ping_status":"open","sticky":false,"template":"","format":"standard","meta":{"footnotes":""},"categories":[54,2],"tags":[9],"class_list":["post-26183","post","type-post","status-publish","format-standard","has-post-thumbnail","hentry","category-draha","category-novinky","tag-draha"],"_links":{"self":[{"href":"https:\/\/www.czechcyclingfederation.com\/en\/wp-json\/wp\/v2\/posts\/26183","targetHints":{"allow":["GET"]}}],"collection":[{"href":"https:\/\/www.czechcyclingfederation.com\/en\/wp-json\/wp\/v2\/posts"}],"about":[{"href":"https:\/\/www.czechcyclingfederation.com\/en\/wp-json\/wp\/v2\/types\/post"}],"author":[{"embeddable":true,"href":"https:\/\/www.czechcyclingfederation.com\/en\/wp-json\/wp\/v2\/users\/8"}],"replies":[{"embeddable":true,"href":"https:\/\/www.czechcyclingfederation.com\/en\/wp-json\/wp\/v2\/comments?post=26183"}],"version-history":[{"count":1,"href":"https:\/\/www.czechcyclingfederation.com\/en\/wp-json\/wp\/v2\/posts\/26183\/revisions"}],"predecessor-version":[{"id":26192,"href":"https:\/\/www.czechcyclingfederation.com\/en\/wp-json\/wp\/v2\/posts\/26183\/revisions\/26192"}],"wp:featuredmedia":[{"embeddable":true,"href":"https:\/\/www.czechcyclingfederation.com\/en\/wp-json\/wp\/v2\/media\/26186"}],"wp:attachment":[{"href":"https:\/\/www.czechcyclingfederation.com\/en\/wp-json\/wp\/v2\/media?parent=26183"}],"wp:term":[{"taxonomy":"category","embeddable":true,"href":"https:\/\/www.czechcyclingfederation.com\/en\/wp-json\/wp\/v2\/categories?post=26183"},{"taxonomy":"post_tag","embeddable":true,"href":"https:\/\/www.czechcyclingfederation.com\/en\/wp-json\/wp\/v2\/tags?post=26183"}],"curies":[{"name":"wp","href":"https:\/\/api.w.org\/{rel}","templated":true}]}}