{"id":26177,"date":"2023-07-15T19:13:37","date_gmt":"2023-07-15T17:13:37","guid":{"rendered":"https:\/\/www.czechcyclingfederation.com\/?p=26177"},"modified":"2023-07-15T19:13:40","modified_gmt":"2023-07-15T17:13:40","slug":"mezinarodni-dni-cyklistiky-vede-slovak-schwarzbacher","status":"publish","type":"post","link":"https:\/\/www.czechcyclingfederation.com\/en\/mezinarodni-dni-cyklistiky-vede-slovak-schwarzbacher\/","title":{"rendered":"Mezin\u00e1rodn\u00ed dni cyklistiky vede Slov\u00e1k Schwarzbacher"},"content":{"rendered":"\n<p>Po druh\u00e9 etap\u011b 60. ro\u010dn\u00edku juniorsk\u00fdch Mezin\u00e1rodn\u00edch dn\u00ed cyklistiky v\u00a0Dubnici nad V\u00e1hom, kter\u00fd je v\u00a0kategorii N\u00b4Cup, se do \u010dela pr\u016fb\u011b\u017en\u00e9ho po\u0159ad\u00ed dostal dom\u00e1c\u00ed jezdec Matthias Schwarzbacher. Ten vyhr\u00e1l druhou etapu z\u00a0se startem i c\u00edlem v Nov\u00e9 Dubnici, kter\u00e1 m\u011b\u0159ila 97,1 km.<\/p>\n\n\n\n<p>\u010ce\u0161t\u00ed jezdci se dnes mezi nejlep\u0161\u00ed neprosadili, nejv\u00fd\u0161e skon\u010dil Adam Strej\u010dek jedouc\u00ed v&nbsp;barv\u00e1ch Gepla-Watersley R+D Road Team, v&nbsp;hlavn\u00edm poli spurtoval na 13. m\u00edst\u011b se ztr\u00e1tou 43 vte\u0159in a stejn\u00e9 po\u0159ad\u00ed mu pat\u0159\u00ed i v&nbsp;pr\u016fb\u011b\u017en\u00e9m hodnocen\u00ed, kdy\u017e na Schwarzbachera ztr\u00e1c\u00ed rovnou minutu.<\/p>\n\n\n\n<p>2. etapa:<\/p>\n\n\n\n<p>1. Schwarzbacher (SR) 2:56:01, 2. Sambinello (It.) stejn\u00fd \u010das, 3. Vad (D\u00e1n.) +11, 4. Holtke (Niz.) +13, 5. Lukss (Lot.), 6. Klanj\u0161\u010dek (Slovin.) oba&nbsp; +26, &#8230;13. Strej\u010dek (Gepla-Watersley R+D Road Team) +43, 25. Elbardi, 35. Samec, 36. Horyna, 40. Kuba, 41. Bittner, 42. D. \u0160ilhav\u00fd, 44. Rube\u0161, 58. Vavro, 59. Falt\u00fdnek, 60. Pe\u0161ek, 61. \u0160ump\u00edk, 63. Zah\u00e1lka (v\u0161ichni \u010cR) v\u0161ichni +43.<\/p>\n\n\n\n<p>Po\u0159ad\u00ed po druh\u00e9 etap\u011b:<\/p>\n\n\n\n<p>1.Schwarzbacher 2:56:01, 2. Sambinello +13, 3. Vad (D\u00e1n.) +23, 4. Holtke +38, 5. Lukss (Lot.) +41, 6. Klanj\u0161\u010dek +42, &#8230;13. Strej\u010dek +1:00, 25. Elbardi +1:19, 35. Samec +1:27, 36. Horyna +1:28, 40. Kuba +1:32, 41. Bittner +1:33, 42. D. \u0160ilhav\u00fd +1:36, 44. Rube\u0161 +1:38, 58. Vavro +1:58, 59. Falt\u00fdnek +1:59, 60. Pe\u0161ek +2:00.<\/p>\n\n\n\n<p>FOTO So\u0148a Nikov\u00e1<\/p>\n\n\n\n<figure class=\"wp-block-image size-large\"><img loading=\"lazy\" decoding=\"async\" width=\"1024\" height=\"682\" src=\"https:\/\/www.czechcyclingfederation.com\/wp-content\/uploads\/2023\/07\/MDCNikovaszc-3805-1024x682.jpg\" alt=\"\" class=\"wp-image-26180\" srcset=\"https:\/\/www.czechcyclingfederation.com\/wp-content\/uploads\/2023\/07\/MDCNikovaszc-3805-1024x682.jpg 1024w, https:\/\/www.czechcyclingfederation.com\/wp-content\/uploads\/2023\/07\/MDCNikovaszc-3805-300x200.jpg 300w, https:\/\/www.czechcyclingfederation.com\/wp-content\/uploads\/2023\/07\/MDCNikovaszc-3805-768x511.jpg 768w, https:\/\/www.czechcyclingfederation.com\/wp-content\/uploads\/2023\/07\/MDCNikovaszc-3805-1536x1022.jpg 1536w, https:\/\/www.czechcyclingfederation.com\/wp-content\/uploads\/2023\/07\/MDCNikovaszc-3805-1320x878.jpg 1320w, https:\/\/www.czechcyclingfederation.com\/wp-content\/uploads\/2023\/07\/MDCNikovaszc-3805.jpg 2048w\" sizes=\"auto, (max-width: 1024px) 100vw, 1024px\" \/><\/figure>\n","protected":false},"excerpt":{"rendered":"<p>Po druh\u00e9 etap\u011b 60. ro\u010dn\u00edku juniorsk\u00fdch Mezin\u00e1rodn\u00edch dn\u00ed cyklistiky v\u00a0Dubnici nad V\u00e1hom, kter\u00fd je v\u00a0kategorii N\u00b4Cup, se do \u010dela pr\u016fb\u011b\u017en\u00e9ho po\u0159ad\u00ed dostal dom\u00e1c\u00ed jezdec Matthias Schwarzbacher. Ten vyhr\u00e1l druhou etapu z\u00a0se startem i c\u00edlem v Nov\u00e9 Dubnici, kter\u00e1 m\u011b\u0159ila 97,1 km. \u010ce\u0161t\u00ed jezdci se dnes mezi nejlep\u0161\u00ed neprosadili, nejv\u00fd\u0161e skon\u010dil Adam Strej\u010dek jedouc\u00ed v&nbsp;barv\u00e1ch Gepla-Watersley [&hellip;]<\/p>\n","protected":false},"author":8,"featured_media":26178,"comment_status":"closed","ping_status":"open","sticky":false,"template":"","format":"standard","meta":{"footnotes":""},"categories":[2,18],"tags":[11],"class_list":["post-26177","post","type-post","status-publish","format-standard","has-post-thumbnail","hentry","category-novinky","category-silnice","tag-silnice"],"_links":{"self":[{"href":"https:\/\/www.czechcyclingfederation.com\/en\/wp-json\/wp\/v2\/posts\/26177","targetHints":{"allow":["GET"]}}],"collection":[{"href":"https:\/\/www.czechcyclingfederation.com\/en\/wp-json\/wp\/v2\/posts"}],"about":[{"href":"https:\/\/www.czechcyclingfederation.com\/en\/wp-json\/wp\/v2\/types\/post"}],"author":[{"embeddable":true,"href":"https:\/\/www.czechcyclingfederation.com\/en\/wp-json\/wp\/v2\/users\/8"}],"replies":[{"embeddable":true,"href":"https:\/\/www.czechcyclingfederation.com\/en\/wp-json\/wp\/v2\/comments?post=26177"}],"version-history":[{"count":1,"href":"https:\/\/www.czechcyclingfederation.com\/en\/wp-json\/wp\/v2\/posts\/26177\/revisions"}],"predecessor-version":[{"id":26182,"href":"https:\/\/www.czechcyclingfederation.com\/en\/wp-json\/wp\/v2\/posts\/26177\/revisions\/26182"}],"wp:featuredmedia":[{"embeddable":true,"href":"https:\/\/www.czechcyclingfederation.com\/en\/wp-json\/wp\/v2\/media\/26178"}],"wp:attachment":[{"href":"https:\/\/www.czechcyclingfederation.com\/en\/wp-json\/wp\/v2\/media?parent=26177"}],"wp:term":[{"taxonomy":"category","embeddable":true,"href":"https:\/\/www.czechcyclingfederation.com\/en\/wp-json\/wp\/v2\/categories?post=26177"},{"taxonomy":"post_tag","embeddable":true,"href":"https:\/\/www.czechcyclingfederation.com\/en\/wp-json\/wp\/v2\/tags?post=26177"}],"curies":[{"name":"wp","href":"https:\/\/api.w.org\/{rel}","templated":true}]}}