{"id":26171,"date":"2023-07-15T09:53:13","date_gmt":"2023-07-15T07:53:13","guid":{"rendered":"https:\/\/www.czechcyclingfederation.com\/?p=26171"},"modified":"2023-07-15T09:53:16","modified_gmt":"2023-07-15T07:53:16","slug":"sumpik-vyhral-casovku-zavodu-ncupu-na-slovensku","status":"publish","type":"post","link":"https:\/\/www.czechcyclingfederation.com\/en\/sumpik-vyhral-casovku-zavodu-ncupu-na-slovensku\/","title":{"rendered":"\u0160ump\u00edk vyhr\u00e1l \u010dasovku z\u00e1vodu N\u00b4Cupu na Slovensku"},"content":{"rendered":"\n<p>Skv\u011ble vstoupili \u010de\u0161t\u00ed junio\u0159i do \u0161edes\u00e1t\u00e9ho ro\u010dn\u00edku Mezin\u00e1rodn\u00edch dn\u00ed cyklistiky na Slovensku s centrem v Dubnici nad V\u00e1hom. V podniku N\u00b4Cup v \u00favodn\u00ed \u010dasovce na deset kilometr\u016f z Tren\u010diansk\u00fdch Tepl\u00edc do Om\u0161enia a zp\u011bt byl nejrychlej\u0161\u00ed Pavel \u0160ump\u00edk.<\/p>\n\n\n\n<p>Druh\u00e9ho v po\u0159ad\u00ed Nizozemce Meese Vlota porazil o t\u0159i vte\u0159iny, o dal\u0161\u00ed t\u0159i vte\u0159iny skon\u010dil t\u0159et\u00ed Larse van de Heedeho z Belgie. T\u011bsn\u011b za elitn\u00ed des\u00edtkou byli ve 112 startovn\u00edm poli jezdc\u016f z Evropy i Ameriky na 12. a 13. m\u00edst\u011b klasifikov\u00e1ni Jan Bittner a Adam Pe\u0161ek.<\/p>\n\n\n\n<p>V\u00fdsledky:<\/p>\n\n\n\n<p>1. \u0160ump\u00edk (\u010cR) 12:15, 2. Vlot (Niz.) +3, 3. van de Heede (Belg.) +6, 4. Valjavec (Slovin.) +9, 5. Alari (It). +10, 6. Vad (D\u00e1n.) +11, &#8230;12. J. Bittner +22, 13. Pe\u0161ek +23, 38. Rube\u0161 +47, 83. Zah\u00e1lka (+v\u0161ichni \u010cR) +1:24.<\/p>\n\n\n\n<figure class=\"wp-block-image size-large\"><img loading=\"lazy\" decoding=\"async\" width=\"1024\" height=\"681\" src=\"http:\/\/www.czechcyclingfederation.com\/wp-content\/uploads\/2023\/07\/Sumpik-WhatsApp-2023-07-15-v-08.58-1-1024x681.jpg\" alt=\"\" class=\"wp-image-26172\" srcset=\"https:\/\/www.czechcyclingfederation.com\/wp-content\/uploads\/2023\/07\/Sumpik-WhatsApp-2023-07-15-v-08.58-1-1024x681.jpg 1024w, https:\/\/www.czechcyclingfederation.com\/wp-content\/uploads\/2023\/07\/Sumpik-WhatsApp-2023-07-15-v-08.58-1-300x200.jpg 300w, https:\/\/www.czechcyclingfederation.com\/wp-content\/uploads\/2023\/07\/Sumpik-WhatsApp-2023-07-15-v-08.58-1-768x511.jpg 768w, https:\/\/www.czechcyclingfederation.com\/wp-content\/uploads\/2023\/07\/Sumpik-WhatsApp-2023-07-15-v-08.58-1-1536x1021.jpg 1536w, https:\/\/www.czechcyclingfederation.com\/wp-content\/uploads\/2023\/07\/Sumpik-WhatsApp-2023-07-15-v-08.58-1-1320x878.jpg 1320w, https:\/\/www.czechcyclingfederation.com\/wp-content\/uploads\/2023\/07\/Sumpik-WhatsApp-2023-07-15-v-08.58-1.jpg 1600w\" sizes=\"auto, (max-width: 1024px) 100vw, 1024px\" \/><\/figure>\n","protected":false},"excerpt":{"rendered":"<p>Skv\u011ble vstoupili \u010de\u0161t\u00ed junio\u0159i do \u0161edes\u00e1t\u00e9ho ro\u010dn\u00edku Mezin\u00e1rodn\u00edch dn\u00ed cyklistiky na Slovensku s centrem v Dubnici nad V\u00e1hom. V podniku N\u00b4Cup v \u00favodn\u00ed \u010dasovce na deset kilometr\u016f z Tren\u010diansk\u00fdch Tepl\u00edc do Om\u0161enia a zp\u011bt byl nejrychlej\u0161\u00ed Pavel \u0160ump\u00edk. Druh\u00e9ho v po\u0159ad\u00ed Nizozemce Meese Vlota porazil o t\u0159i vte\u0159iny, o dal\u0161\u00ed t\u0159i vte\u0159iny skon\u010dil t\u0159et\u00ed Larse [&hellip;]<\/p>\n","protected":false},"author":8,"featured_media":26174,"comment_status":"closed","ping_status":"open","sticky":false,"template":"","format":"standard","meta":{"footnotes":""},"categories":[2,18],"tags":[11],"class_list":["post-26171","post","type-post","status-publish","format-standard","has-post-thumbnail","hentry","category-novinky","category-silnice","tag-silnice"],"_links":{"self":[{"href":"https:\/\/www.czechcyclingfederation.com\/en\/wp-json\/wp\/v2\/posts\/26171","targetHints":{"allow":["GET"]}}],"collection":[{"href":"https:\/\/www.czechcyclingfederation.com\/en\/wp-json\/wp\/v2\/posts"}],"about":[{"href":"https:\/\/www.czechcyclingfederation.com\/en\/wp-json\/wp\/v2\/types\/post"}],"author":[{"embeddable":true,"href":"https:\/\/www.czechcyclingfederation.com\/en\/wp-json\/wp\/v2\/users\/8"}],"replies":[{"embeddable":true,"href":"https:\/\/www.czechcyclingfederation.com\/en\/wp-json\/wp\/v2\/comments?post=26171"}],"version-history":[{"count":1,"href":"https:\/\/www.czechcyclingfederation.com\/en\/wp-json\/wp\/v2\/posts\/26171\/revisions"}],"predecessor-version":[{"id":26176,"href":"https:\/\/www.czechcyclingfederation.com\/en\/wp-json\/wp\/v2\/posts\/26171\/revisions\/26176"}],"wp:featuredmedia":[{"embeddable":true,"href":"https:\/\/www.czechcyclingfederation.com\/en\/wp-json\/wp\/v2\/media\/26174"}],"wp:attachment":[{"href":"https:\/\/www.czechcyclingfederation.com\/en\/wp-json\/wp\/v2\/media?parent=26171"}],"wp:term":[{"taxonomy":"category","embeddable":true,"href":"https:\/\/www.czechcyclingfederation.com\/en\/wp-json\/wp\/v2\/categories?post=26171"},{"taxonomy":"post_tag","embeddable":true,"href":"https:\/\/www.czechcyclingfederation.com\/en\/wp-json\/wp\/v2\/tags?post=26171"}],"curies":[{"name":"wp","href":"https:\/\/api.w.org\/{rel}","templated":true}]}}