{"id":26157,"date":"2023-07-14T23:38:03","date_gmt":"2023-07-14T21:38:03","guid":{"rendered":"https:\/\/www.czechcyclingfederation.com\/?p=26157"},"modified":"2023-07-14T23:55:21","modified_gmt":"2023-07-14T21:55:21","slug":"jabornikova-na-me-skoncila-ctvrta-markova-pata","status":"publish","type":"post","link":"https:\/\/www.czechcyclingfederation.com\/en\/jabornikova-na-me-skoncila-ctvrta-markova-pata\/","title":{"rendered":"Jaborn\u00edkov\u00e1 na ME skon\u010dila \u010dtvrt\u00e1, Markov\u00e1 p\u00e1t\u00e1"},"content":{"rendered":"\n<p>Bl\u00edzko zisku medaile byly dnes na evropsk\u00e9m dr\u00e1hov\u00e9m \u0161ampion\u00e1tu v portugalsk\u00e9 Anadii dv\u011b \u010desk\u00e9 z\u00e1vodnice. Sprinterka Veronika Jaborn\u00edkov\u00e1 nakonec ve sprintu U23 skon\u010dila \u010dtvrt\u00e1, juniorka Ad\u00e9le Markov\u00e1 v omniu obsadila p\u00e1t\u00e9 m\u00edsto.<\/p>\n\n\n\n<p>&#8220;Markov\u00e1 do posledn\u00edho kola bojovala o medaili, ale nakonec i p\u00e1t\u00e9 m\u00edsto je velmi solidn\u00ed v\u00fdsledek. I Barbora N\u011bmcov\u00e1 (U23) v bodova\u010dce byla velmi aktivn\u00ed, tvo\u0159ila z\u00e1vod a vybojovala osmou p\u0159\u00ed\u010dku a to je nad\u011bje budoucna,&#8221; \u0159ekl tren\u00e9r Luk\u00e1\u0161 Thun.<\/p>\n\n\n\n<p>A\u017e v semifin\u00e1le na\u0161la p\u0159emo\u017eitelku sprinterka V. Jaborn\u00edkov\u00e1, kdy\u017e nesta\u010dila ve dvou j\u00edzd\u00e1ch na Britku Emmu Finucaneovou, v souboji o bronz pak podlehla 0:2 na j\u00edzdy n\u011bmeck\u00e9 sprinterce Cla\u0159e Schneiderov\u00e1. &#8220;Hlavn\u011b v\u010dera jela velmi dob\u0159e jak takticky, tak silov\u011b. Dnes j\u00ed st\u00e1ly ji\u017e v cest\u011b zku\u0161en\u00ed z\u00e1vodnice, ale i kdy\u017e prohr\u00e1la, tak velmi t\u011bsn\u011b,&#8221; \u0159ekl tren\u00e9r Lubom\u00edr Vojta.<\/p>\n\n\n\n<p>Do boj\u016f zas\u00e1hli i sprinte\u0159i v kategorii U23 Jakub Mal\u00e1\u0161ek a Mat\u011bj Hytych. Oba postoupili z kvalifikace, ale v osmifin\u00e1le Hytycha vy\u0159adil Brit Marcus Hiley, kter\u00fd ve \u010dtvrtfin\u00e1le pak porazil i Mal\u00e1\u0161ka, je\u017e v osmifin\u00e1le porazil Timmy Gilliona z Francie a celkov\u011b obsadil osm\u00e9 m\u00edsto.<\/p>\n\n\n\n<p>V\u00fdsledky:<\/p>\n\n\n\n<p>Juniorky:<\/p>\n\n\n\n<p>500 m s pevn\u00fdm startem:<\/p>\n\n\n\n<p>1. Randov\u00e1 (Brit.) 35,687, 2. Drouodeov\u00e1 (Fr.) 35,895, 3. Lurmannov\u00e1 (Brit.) 36,000.<\/p>\n\n\n\n<p>Omnium:<\/p>\n\n\n\n<p>1. Hestersov\u00e1 (Belg.) 139, 2. Fergusonov\u00e1 (Brit.) 131, 3. Chereauov\u00e1 (Fr.) 130, &#8230;5. Markov\u00e1 (\u010cR) 112.<\/p>\n\n\n\n<p>\u017deny U23:<\/p>\n\n\n\n<p>Bodovac\u00ed z\u00e1vod:<\/p>\n\n\n\n<p>1. Gillespieov\u00e1 (Ir.) 49, 2. van der Duinov\u00e1 (Niz.) 42, 3. Ja\u0161\u010denkov\u00e1 (Ukr.) 31, &#8230;8. N\u011bmcov\u00e1 (\u010cR) 7.<\/p>\n\n\n\n<p>Sprint:<\/p>\n\n\n\n<p>Fin\u00e1le: Probsterov\u00e1 (N\u011bm.) &#8211; Finucaneov\u00e1 (Brit.) 2:0, o 3. m\u00edsto: Schneiderov\u00e1 (N\u011bm.) &#8211; V. Jaborn\u00edkov\u00e1 2:0, &#8230;12. Mik\u0161an\u00edkov\u00e1 (ob\u011b \u010cR).<\/p>\n\n\n\n<p>Mu\u017ei U23:<\/p>\n\n\n\n<p>Bodovac\u00ed z\u00e1vod:<\/p>\n\n\n\n<p>1. Vandenbranden (Belg.) 49, 2. Galli (It.) 41, 3. Schmidbauer (Rak.) 41, &#8230;<\/p>\n\n\n\n<p>15. K\u0159enek (\u010cR) -19.<\/p>\n\n\n\n<p>Junio\u0159i:<\/p>\n\n\n\n<p>Sprint:<\/p>\n\n\n\n<p>Fin\u00e1le: Fleming (N\u011bm.) &#8211; Pettifer (Brit.) 2:0, 3. Oliveiro (Fr.).<\/p>\n\n\n\n<p>Omnium:<\/p>\n\n\n\n<p>1. Alvarez (\u0160p.) 147, 2. Fiorin (It.) 143, 3. Latkowski (Pol.) 142, &#8230;13. O. \u0160ilhav\u00fd (\u010cR) 66.<\/p>\n\n\n\n<figure class=\"wp-block-image size-large\"><img loading=\"lazy\" decoding=\"async\" width=\"1024\" height=\"680\" src=\"http:\/\/www.czechcyclingfederation.com\/wp-content\/uploads\/2023\/07\/Obrazek-WhatsApp-2023-07-14-v-23.51.51-1024x680.jpg\" alt=\"\" class=\"wp-image-26165\" srcset=\"https:\/\/www.czechcyclingfederation.com\/wp-content\/uploads\/2023\/07\/Obrazek-WhatsApp-2023-07-14-v-23.51.51-1024x680.jpg 1024w, https:\/\/www.czechcyclingfederation.com\/wp-content\/uploads\/2023\/07\/Obrazek-WhatsApp-2023-07-14-v-23.51.51-300x200.jpg 300w, https:\/\/www.czechcyclingfederation.com\/wp-content\/uploads\/2023\/07\/Obrazek-WhatsApp-2023-07-14-v-23.51.51-768x510.jpg 768w, https:\/\/www.czechcyclingfederation.com\/wp-content\/uploads\/2023\/07\/Obrazek-WhatsApp-2023-07-14-v-23.51.51-1536x1020.jpg 1536w, https:\/\/www.czechcyclingfederation.com\/wp-content\/uploads\/2023\/07\/Obrazek-WhatsApp-2023-07-14-v-23.51.51-1320x877.jpg 1320w, https:\/\/www.czechcyclingfederation.com\/wp-content\/uploads\/2023\/07\/Obrazek-WhatsApp-2023-07-14-v-23.51.51.jpg 1600w\" sizes=\"auto, (max-width: 1024px) 100vw, 1024px\" \/><\/figure>\n\n\n","protected":false},"excerpt":{"rendered":"<p>Bl\u00edzko zisku medaile byly dnes na evropsk\u00e9m dr\u00e1hov\u00e9m \u0161ampion\u00e1tu v portugalsk\u00e9 Anadii dv\u011b \u010desk\u00e9 z\u00e1vodnice. Sprinterka Veronika Jaborn\u00edkov\u00e1 nakonec ve sprintu U23 skon\u010dila \u010dtvrt\u00e1, juniorka Ad\u00e9le Markov\u00e1 v omniu obsadila p\u00e1t\u00e9 m\u00edsto. &#8220;Markov\u00e1 do posledn\u00edho kola bojovala o medaili, ale nakonec i p\u00e1t\u00e9 m\u00edsto je velmi solidn\u00ed v\u00fdsledek. I Barbora N\u011bmcov\u00e1 (U23) v bodova\u010dce byla [&hellip;]<\/p>\n","protected":false},"author":8,"featured_media":26167,"comment_status":"closed","ping_status":"open","sticky":false,"template":"","format":"standard","meta":{"footnotes":""},"categories":[54,2],"tags":[9],"class_list":["post-26157","post","type-post","status-publish","format-standard","has-post-thumbnail","hentry","category-draha","category-novinky","tag-draha"],"_links":{"self":[{"href":"https:\/\/www.czechcyclingfederation.com\/en\/wp-json\/wp\/v2\/posts\/26157","targetHints":{"allow":["GET"]}}],"collection":[{"href":"https:\/\/www.czechcyclingfederation.com\/en\/wp-json\/wp\/v2\/posts"}],"about":[{"href":"https:\/\/www.czechcyclingfederation.com\/en\/wp-json\/wp\/v2\/types\/post"}],"author":[{"embeddable":true,"href":"https:\/\/www.czechcyclingfederation.com\/en\/wp-json\/wp\/v2\/users\/8"}],"replies":[{"embeddable":true,"href":"https:\/\/www.czechcyclingfederation.com\/en\/wp-json\/wp\/v2\/comments?post=26157"}],"version-history":[{"count":3,"href":"https:\/\/www.czechcyclingfederation.com\/en\/wp-json\/wp\/v2\/posts\/26157\/revisions"}],"predecessor-version":[{"id":26170,"href":"https:\/\/www.czechcyclingfederation.com\/en\/wp-json\/wp\/v2\/posts\/26157\/revisions\/26170"}],"wp:featuredmedia":[{"embeddable":true,"href":"https:\/\/www.czechcyclingfederation.com\/en\/wp-json\/wp\/v2\/media\/26167"}],"wp:attachment":[{"href":"https:\/\/www.czechcyclingfederation.com\/en\/wp-json\/wp\/v2\/media?parent=26157"}],"wp:term":[{"taxonomy":"category","embeddable":true,"href":"https:\/\/www.czechcyclingfederation.com\/en\/wp-json\/wp\/v2\/categories?post=26157"},{"taxonomy":"post_tag","embeddable":true,"href":"https:\/\/www.czechcyclingfederation.com\/en\/wp-json\/wp\/v2\/tags?post=26157"}],"curies":[{"name":"wp","href":"https:\/\/api.w.org\/{rel}","templated":true}]}}