{"id":26152,"date":"2023-07-14T08:27:01","date_gmt":"2023-07-14T06:27:01","guid":{"rendered":"https:\/\/www.czechcyclingfederation.com\/?p=26152"},"modified":"2023-07-14T08:27:04","modified_gmt":"2023-07-14T06:27:04","slug":"pripravy-na-ms-v-glasgow-vrcholi","status":"publish","type":"post","link":"https:\/\/www.czechcyclingfederation.com\/en\/pripravy-na-ms-v-glasgow-vrcholi\/","title":{"rendered":"P\u0159\u00edpravy na MS v Glasgow vrchol\u00ed"},"content":{"rendered":"\n<p>Skoro rok trvaj\u00ed p\u0159\u00edpravy \u010cesk\u00e9ho svazu cyklistiky na akci roku 2023, kterou je pro reprezentaci monstr\u00f3zn\u00ed mistrovstv\u00ed sv\u011bta v&nbsp;Glasgow. Od 3. do 13. srpna se ve Skotsku bude bojovat o tituly ve v\u0161ech cyklistick\u00fdch discipl\u00edn\u00e1ch krom\u011b cyklokrosu!<\/p>\n\n\n\n<p>Nov\u00e9 mistry sv\u011bta tak poznaj\u00ed silni\u010d\u00e1\u0159i, dr\u00e1ha\u0159i, bike\u0159i (cross country, maraton, sjezd), reprezentanti v&nbsp;BMX (klasick\u00fd BMX Race i BMX Freestyle v&nbsp;discipl\u00edn\u00e1ch Park a Flatland), trialist\u00e9, s\u00e1lov\u00ed cyklistic\u00e9 a v&nbsp;neposledn\u00ed \u0159ad\u011b para cyklist\u00e9.&nbsp;<\/p>\n\n\n\n<p>\u010cesk\u00fd svaz cyklistiky rozhodn\u011b neponechal nic n\u00e1hod\u011b, proto\u017ee p\u0159\u00edpravy na takovou akci jsou nesm\u00edrn\u011b n\u00e1ro\u010dn\u00e9. Prvn\u00ed informace ohledn\u011b \u201emulti\u201c mistrovstv\u00ed sv\u011bta za\u010dala Mezin\u00e1rodn\u00ed cyklistick\u00e1 unie (UCI) zve\u0159ej\u0148ovat b\u011bhem lo\u0148sk\u00e9ho l\u00e9ta a konkr\u00e9tn\u00ed podobu za\u010dalo v\u0161e dost\u00e1vat po silni\u010dn\u00edm mistrovstv\u00ed sv\u011bta v&nbsp;Austr\u00e1lii, kter\u00e9 prob\u011bhlo v&nbsp;z\u00e1\u0159\u00ed 2022.<\/p>\n\n\n\n<p>\u201eOd t\u00e9 doby jsme za\u010dali i my \u0159e\u0161it s\u00a0jednotliv\u00fdmi discipl\u00ednami jejich pot\u0159eby t\u00fdkaj\u00edc\u00ed se zejm\u00e9na dopravy a ubytov\u00e1n\u00ed. Od ledna pak prob\u00edhaj\u00ed pravideln\u00e9 online m\u00edtinky n\u00e1rodn\u00edch federac\u00ed s\u00a0UCI. Kdy\u017e to zaokrouhl\u00edm, jde o pl\u00e1nov\u00e1n\u00ed v\u00a0horizontu 10 m\u011bs\u00edc\u016f, kter\u00e9 se zintenziv\u0148uje ka\u017ed\u00fdm m\u011bs\u00edcem,\u201c \u0159\u00edk\u00e1\u00a0David Vichr, sportovn\u00ed koordin\u00e1tor \u010cSC a tak\u00e9 Chef de Mission Glasgow za \u010cesk\u00fd svaz cyklistiky.<\/p>\n\n\n\n<p>Ojedin\u011bl\u00fd projekt je velmi n\u00e1ro\u010dn\u00fd na logistiku, proto\u017ee ne v\u0161echny discipl\u00edny se uskute\u010dn\u00ed v&nbsp;Glasgow.&nbsp;T\u00fdk\u00e1 se to zejm\u00e9na biker\u016f. Z\u00e1vodn\u00edci v&nbsp;cross country a maratonu budou o medaile bojovat ve Tweed Valley, co\u017e je 110 km v\u00fdchodn\u011b od Glasgow, sjezda\u0159i na tradi\u010dn\u00edm m\u00edst\u011b ve Fort William (pravideln\u011b se tam jezd\u00ed Sv\u011btov\u00fd poh\u00e1r), kter\u00fd je od nejv\u011bt\u0161\u00edho skotsk\u00e9ho m\u011bsta 200 km na sever.<\/p>\n\n\n\n<p>Lokalita silni\u010dn\u00ed Para cyklistiky je ve m\u011bste\u010dku Dumfries, kter\u00e9 le\u017e\u00ed 120 km ji\u017en\u011b od Glasgow. \u201eAni silni\u010dn\u00ed cyklistika nebude p\u0159\u00edmo v&nbsp;centru d\u011bn\u00ed, ale zhruba 20 minut od m\u011bsta, proto\u017ee \u010dasovky nap\u0159\u00ed\u010d v\u0161emi kategoriemi se pojedou mimo Glasgow a silni\u010dn\u00ed z\u00e1vody mu\u017e\u016f Elite, do 23 let a \u017een budou startovat tak\u00e9 mimo,\u201c prozrazuje koordin\u00e1tor \u010cSC.<\/p>\n\n\n<div class=\"wp-block-image\">\n<figure class=\"aligncenter size-large is-resized\"><img loading=\"lazy\" decoding=\"async\" src=\"https:\/\/www.czechcyclingfederation.com\/wp-content\/uploads\/2023\/07\/Scotland_Map_05.04.23-1004x1024.png\" alt=\"\" class=\"wp-image-26153\" width=\"658\" height=\"670\" srcset=\"https:\/\/www.czechcyclingfederation.com\/wp-content\/uploads\/2023\/07\/Scotland_Map_05.04.23-1004x1024.png 1004w, https:\/\/www.czechcyclingfederation.com\/wp-content\/uploads\/2023\/07\/Scotland_Map_05.04.23-196x200.png 196w, https:\/\/www.czechcyclingfederation.com\/wp-content\/uploads\/2023\/07\/Scotland_Map_05.04.23-768x783.png 768w, https:\/\/www.czechcyclingfederation.com\/wp-content\/uploads\/2023\/07\/Scotland_Map_05.04.23-1506x1536.png 1506w, https:\/\/www.czechcyclingfederation.com\/wp-content\/uploads\/2023\/07\/Scotland_Map_05.04.23-2008x2048.png 2008w, https:\/\/www.czechcyclingfederation.com\/wp-content\/uploads\/2023\/07\/Scotland_Map_05.04.23-1320x1346.png 1320w\" sizes=\"auto, (max-width: 658px) 100vw, 658px\" \/><figcaption class=\"wp-element-caption\">Mapa MS Glasgow <\/figcaption><\/figure>\n<\/div>\n\n\n<p>\u201eCo se t\u00fdk\u00e1 logistiky, pracujeme se sou\u010dasn\u00fdmi mo\u017enostmi, kter\u00e9 m\u00e1me k dispozici, tak\u017ee se jedn\u00e1 o re\u00e1ln\u00fd, nikoliv ide\u00e1ln\u00ed stav. Reprezenta\u010dn\u00ed tren\u00e9\u0159i si t\u00e9to situace byli v\u011bdomi, a tak bylo pot\u0159eba v\u00a0n\u011bkter\u00fdch p\u0159\u00edpadech ud\u011blat ur\u010dit\u00fd kompromis oproti b\u011b\u017en\u00e9 situaci, kdy se vrcholn\u00e9 akce jednotliv\u00fdch discipl\u00edn \u010dasov\u011b nep\u0159ekr\u00fdvaj\u00ed. Za to bych cht\u011bl v\u0161em pod\u011bkovat. Aktu\u00e1ln\u011b m\u00e1me zabezpe\u010deny v\u0161echny discipl\u00edny. Skoro u v\u0161ech je sc\u00e9n\u00e1\u0159 takov\u00fd, \u017ee realiza\u010dn\u00ed t\u00fdmy cestuj\u00ed s\u00a0vybaven\u00edm pro z\u00e1vodn\u00edky dod\u00e1vkami z \u010cR a z\u00e1vodn\u00edci do m\u00edsta kon\u00e1n\u00ed p\u0159ilet\u00ed,\u201c \u0159\u00edk\u00e1 Vichr.<\/p>\n\n\n\n<p>\u010cesk\u00e1 v\u00fdprava bude m\u00edt ur\u010dit\u011b ve Skotsku hodn\u011b p\u0159es 100 lid\u00ed. \u201eFin\u00e1ln\u00ed \u010d\u00edsla je\u0161t\u011b nem\u00e1me k&nbsp;dispozici, proto\u017ee jsou st\u00e1le otev\u0159eny registrace u v\u011bt\u0161iny discipl\u00edn, nicm\u00e9n\u011b aktu\u00e1ln\u011b po\u010d\u00edt\u00e1me s&nbsp;v\u00fdpravou \u010d\u00edtaj\u00edc\u00ed 80 sportovc\u016f a 55 \u010dlen\u016f realiza\u010dn\u00edho t\u00fdmu a ofici\u00e1ln\u00ed delegace,\u201c informuje sportovn\u00ed koordin\u00e1tor \u010cSC.<\/p>\n\n\n\n<p>Cesta do Skotska s\u00a0sebou p\u0159in\u00e1\u0161\u00ed \u0159adu slo\u017eitost\u00ed d\u00edky tomu, \u017ee Velk\u00e1 Brit\u00e1nie u\u017e nen\u00ed \u010dlenem Evropsk\u00e9 unie. \u201eBohu\u017eel tohle n\u00e1m v\u00a0posledn\u00edch t\u00fddnech v\u00fdrazn\u011b zkomplikovalo posledn\u00ed p\u0159\u00edpravy p\u0159ed akc\u00ed samotnou. B\u011bhem jara jsme se dotazovali jak UCI, tak lok\u00e1ln\u00edho organiza\u010dn\u00edho v\u00fdboru, zda by nebylo mo\u017en\u00e9 vy\u017e\u00e1dat s\u00a0ohledem na velikost akce v\u00fdjimku u britsk\u00e9 vl\u00e1dy. Na posledn\u00edm online meetingu 14. \u010dervna n\u00e1m bylo sd\u011bleno, \u017ee se dohodu nepoda\u0159ilo sjednat, a tud\u00ed\u017e je pot\u0159eba ve\u0161ker\u00fd materi\u00e1l v\u010detn\u011b kol p\u0159ed odjezdem nahl\u00e1sit p\u0159es tzv. ATA carnet. To pro n\u00e1s znamen\u00e1, \u017ee mus\u00edme sepsat a nahl\u00e1sit ka\u017ed\u00fd n\u00e1hradn\u00ed d\u00edl na kolo a vybaven\u00ed mechanik\u016f, kter\u00e9 do Skotska dov\u00e1\u017e\u00edme, tedy od galusek, p\u0159es p\u0159evodn\u00edky a\u017e po sadu inbus\u016f. Tyto seznamy se pak p\u0159edlo\u017e\u00ed na Hospod\u00e1\u0159skou komoru \u010cR, kter\u00e1 pot\u00e9 za\u010dne komunikovat s\u00a0britskou stranou,\u201c prozrazuje David Vichr a dod\u00e1v\u00e1, \u017ee celkov\u00e9 n\u00e1klady, na kter\u00e9 \u010cesk\u00fd svaz cyklistiky tento projekt vyjde, se budou pohybovat v\u00a0\u0159\u00e1dech n\u011bkolika mili\u00f3n\u016f korun. \u201eP\u0159esn\u00e1 \u010d\u00edsla ale budeme zn\u00e1t a\u017e po akci.\u201c<\/p>\n","protected":false},"excerpt":{"rendered":"<p>Skoro rok trvaj\u00ed p\u0159\u00edpravy \u010cesk\u00e9ho svazu cyklistiky na akci roku 2023, kterou je pro reprezentaci monstr\u00f3zn\u00ed mistrovstv\u00ed sv\u011bta v&nbsp;Glasgow. Od 3. do 13. srpna se ve Skotsku bude bojovat o tituly ve v\u0161ech cyklistick\u00fdch discipl\u00edn\u00e1ch krom\u011b cyklokrosu! Nov\u00e9 mistry sv\u011bta tak poznaj\u00ed silni\u010d\u00e1\u0159i, dr\u00e1ha\u0159i, bike\u0159i (cross country, maraton, sjezd), reprezentanti v&nbsp;BMX (klasick\u00fd BMX Race i [&hellip;]<\/p>\n","protected":false},"author":15,"featured_media":15931,"comment_status":"closed","ping_status":"open","sticky":false,"template":"","format":"standard","meta":{"footnotes":""},"categories":[57,17,54,6,2,99,60,18],"tags":[56],"class_list":["post-26152","post","type-post","status-publish","format-standard","has-post-thumbnail","hentry","category-bmx","category-discipliny","category-draha","category-mtb","category-novinky","category-paracyklistika","category-salovka","category-silnice","tag-uci"],"_links":{"self":[{"href":"https:\/\/www.czechcyclingfederation.com\/en\/wp-json\/wp\/v2\/posts\/26152","targetHints":{"allow":["GET"]}}],"collection":[{"href":"https:\/\/www.czechcyclingfederation.com\/en\/wp-json\/wp\/v2\/posts"}],"about":[{"href":"https:\/\/www.czechcyclingfederation.com\/en\/wp-json\/wp\/v2\/types\/post"}],"author":[{"embeddable":true,"href":"https:\/\/www.czechcyclingfederation.com\/en\/wp-json\/wp\/v2\/users\/15"}],"replies":[{"embeddable":true,"href":"https:\/\/www.czechcyclingfederation.com\/en\/wp-json\/wp\/v2\/comments?post=26152"}],"version-history":[{"count":2,"href":"https:\/\/www.czechcyclingfederation.com\/en\/wp-json\/wp\/v2\/posts\/26152\/revisions"}],"predecessor-version":[{"id":26156,"href":"https:\/\/www.czechcyclingfederation.com\/en\/wp-json\/wp\/v2\/posts\/26152\/revisions\/26156"}],"wp:featuredmedia":[{"embeddable":true,"href":"https:\/\/www.czechcyclingfederation.com\/en\/wp-json\/wp\/v2\/media\/15931"}],"wp:attachment":[{"href":"https:\/\/www.czechcyclingfederation.com\/en\/wp-json\/wp\/v2\/media?parent=26152"}],"wp:term":[{"taxonomy":"category","embeddable":true,"href":"https:\/\/www.czechcyclingfederation.com\/en\/wp-json\/wp\/v2\/categories?post=26152"},{"taxonomy":"post_tag","embeddable":true,"href":"https:\/\/www.czechcyclingfederation.com\/en\/wp-json\/wp\/v2\/tags?post=26152"}],"curies":[{"name":"wp","href":"https:\/\/api.w.org\/{rel}","templated":true}]}}