{"id":26145,"date":"2023-07-13T23:04:23","date_gmt":"2023-07-13T21:04:23","guid":{"rendered":"https:\/\/www.czechcyclingfederation.com\/?p=26145"},"modified":"2023-07-13T23:07:23","modified_gmt":"2023-07-13T21:07:23","slug":"hytych-a-malasek-na-me-tesne-pod-stupni-vitezu","status":"publish","type":"post","link":"https:\/\/www.czechcyclingfederation.com\/en\/hytych-a-malasek-na-me-tesne-pod-stupni-vitezu\/","title":{"rendered":"Hytych a Mal\u00e1\u0161ek na ME t\u011bsn\u011b pod stupni v\u00edt\u011bz\u016f"},"content":{"rendered":"\n<p>T\u0159et\u00edm dnem dnes pokra\u010doval v portugalsk\u00e9 Anadii evropsk\u00fd \u0161ampion\u00e1t junior\u016f a kategori\u00ed U23 v dr\u00e1hov\u00fdch discipl\u00edn\u00e1ch. V\u00fdborn\u011b si vedla dvojice Mat\u011bj Hytych a Jakub Mal\u00e1\u0161ek v kategorii U23 v z\u00e1vodu na 1 km s pevn\u00fdm startem. Hytych obsadil \u010dtvrt\u00e9 m\u00edsto, dv\u011b desetiny vte\u0159iny od bronzov\u00e9ho stupn\u011b, Mal\u00e1\u0161ek byl klasifikov\u00e1n p\u00e1t\u00fd.&nbsp;<\/p>\n\n\n\n<p>Ve sprintu \u017een U23 zajela Veronika Jaborn\u00edkov\u00e1 \u010dtvrt\u00fd nejrychlej\u0161\u00ed \u010das v kvalifikaci, v osmifin\u00e1le si poradila s Kjelle Poetsovou z Belgie, ve \u010dtvrtfin\u00e1le vy\u0159adila ve dvou j\u00edzd\u00e1ch Julii Michauxovou z Freancie a je v semifin\u00e1le. Nat\u00e1lie Mik\u0161an\u00edkov\u00e1 skon\u010dila v osmifin\u00e1le, kdy\u017e stop ji vystavila Michauxov\u00e1.<\/p>\n\n\n\n<p>O dal\u0161\u00ed sv\u011btov\u00fd rekord na \u0161ampion\u00e1tu se postaral italsk\u00fd junior Luca Giaimi, kter\u00fd \u010dasem 3:09,572 ve st\u00edhac\u00edm z\u00e1vodu na 3 km poko\u0159il necel\u00fd rok star\u00fd z\u00e1pis 3:09,682 Kana\u010fana Carsona Matterna.<\/p>\n\n\n\n<p>V\u00fdsledky:<\/p>\n\n\n\n<p>Mu\u017ei U23:<\/p>\n\n\n\n<p>1 km s pevn\u00fdm startem:<\/p>\n\n\n\n<p>1. Bianchi (It.) 1:00,824, 2. Weinrich (N\u011bm.) 1:01,023, 3. Kool (Niz.) 1:01,559, 4. Hytych 1:01,738, 5. Mal\u00e1\u0161ek (oba \u010cR) 1:02,080.<\/p>\n\n\n\n<p>St\u00edhac\u00ed z\u00e1vod dru\u017estev:<\/p>\n\n\n\n<p>Fin\u00e1le: Brit\u00e1nie (Charlton, Giddings, Hobbs, Tarling) 3:51,217 &#8211; It\u00e1lie 3:54,222, 3. Belgie 3:54,739.<\/p>\n\n\n\n<p>\u017deny U23:<\/p>\n\n\n\n<p>St\u00edhac\u00ed z\u00e1vod dru\u017estev:<\/p>\n\n\n\n<p>Fin\u00e1le: Brit\u00e1nie (Leechov\u00e1, Lewisov\u00e1, Listerov\u00e1, Richardsonov\u00e1) 4:22,087 &#8211; Francie 4:28,833, 3. It\u00e1lie 4:25,912.<\/p>\n\n\n\n<p>Junio\u0159i:<\/p>\n\n\n\n<p>St\u00edhac\u00ed z\u00e1vod:<\/p>\n\n\n\n<p>Fin\u00e1le: Giaimi (It.) 3:09,572 &#8211; Brennan 3:13,663, 3. Wiggins (oba Brit.) 3:13,674.<\/p>\n\n\n\n<p>Juniorky:<\/p>\n\n\n\n<p>St\u00edhac\u00ed z\u00e1vod:<\/p>\n\n\n\n<p>Fin\u00e1le: Venturelliov\u00e1 (It.) 2:18,432 &#8211; Hestersov\u00e1 (Belg.) 2:20,981, 3. Toniolliov\u00e1 (It.) 2:21,409.<\/p>\n\n\n\n<p>Sprint:<\/p>\n\n\n\n<p>Fin\u00e1le: Keljuchov\u00e1 (Ulr.) &#8211; Drouodeov\u00e1 (Fr.) 2:1, 3. Randov\u00e1 (Brit.).&nbsp;<\/p>\n","protected":false},"excerpt":{"rendered":"<p>T\u0159et\u00edm dnem dnes pokra\u010doval v portugalsk\u00e9 Anadii evropsk\u00fd \u0161ampion\u00e1t junior\u016f a kategori\u00ed U23 v dr\u00e1hov\u00fdch discipl\u00edn\u00e1ch. V\u00fdborn\u011b si vedla dvojice Mat\u011bj Hytych a Jakub Mal\u00e1\u0161ek v kategorii U23 v z\u00e1vodu na 1 km s pevn\u00fdm startem. Hytych obsadil \u010dtvrt\u00e9 m\u00edsto, dv\u011b desetiny vte\u0159iny od bronzov\u00e9ho stupn\u011b, Mal\u00e1\u0161ek byl klasifikov\u00e1n p\u00e1t\u00fd.&nbsp; Ve sprintu \u017een U23 zajela [&hellip;]<\/p>\n","protected":false},"author":8,"featured_media":26149,"comment_status":"closed","ping_status":"open","sticky":false,"template":"","format":"standard","meta":{"footnotes":""},"categories":[54,2],"tags":[9],"class_list":["post-26145","post","type-post","status-publish","format-standard","has-post-thumbnail","hentry","category-draha","category-novinky","tag-draha"],"_links":{"self":[{"href":"https:\/\/www.czechcyclingfederation.com\/en\/wp-json\/wp\/v2\/posts\/26145","targetHints":{"allow":["GET"]}}],"collection":[{"href":"https:\/\/www.czechcyclingfederation.com\/en\/wp-json\/wp\/v2\/posts"}],"about":[{"href":"https:\/\/www.czechcyclingfederation.com\/en\/wp-json\/wp\/v2\/types\/post"}],"author":[{"embeddable":true,"href":"https:\/\/www.czechcyclingfederation.com\/en\/wp-json\/wp\/v2\/users\/8"}],"replies":[{"embeddable":true,"href":"https:\/\/www.czechcyclingfederation.com\/en\/wp-json\/wp\/v2\/comments?post=26145"}],"version-history":[{"count":2,"href":"https:\/\/www.czechcyclingfederation.com\/en\/wp-json\/wp\/v2\/posts\/26145\/revisions"}],"predecessor-version":[{"id":26151,"href":"https:\/\/www.czechcyclingfederation.com\/en\/wp-json\/wp\/v2\/posts\/26145\/revisions\/26151"}],"wp:featuredmedia":[{"embeddable":true,"href":"https:\/\/www.czechcyclingfederation.com\/en\/wp-json\/wp\/v2\/media\/26149"}],"wp:attachment":[{"href":"https:\/\/www.czechcyclingfederation.com\/en\/wp-json\/wp\/v2\/media?parent=26145"}],"wp:term":[{"taxonomy":"category","embeddable":true,"href":"https:\/\/www.czechcyclingfederation.com\/en\/wp-json\/wp\/v2\/categories?post=26145"},{"taxonomy":"post_tag","embeddable":true,"href":"https:\/\/www.czechcyclingfederation.com\/en\/wp-json\/wp\/v2\/tags?post=26145"}],"curies":[{"name":"wp","href":"https:\/\/api.w.org\/{rel}","templated":true}]}}