{"id":2614,"date":"2020-10-10T21:35:31","date_gmt":"2020-10-10T19:35:31","guid":{"rendered":"http:\/\/www.czechcyclingfederation.com\/?p=2614"},"modified":"2020-10-10T23:12:17","modified_gmt":"2020-10-10T21:12:17","slug":"kankovsky-uzavrel-sezonu-druhym-mistem-na-slovensku","status":"publish","type":"post","link":"https:\/\/www.czechcyclingfederation.com\/en\/kankovsky-uzavrel-sezonu-druhym-mistem-na-slovensku\/","title":{"rendered":"Ka\u0148kovsk\u00fd uzav\u0159el sezonu druh\u00fdm m\u00edstem na Slovensku"},"content":{"rendered":"\n<p>Z\u00e1v\u011br silni\u010dn\u00ed sezony obstaral z\u00e1vod Visegrad4 na slovensk\u00e9m \u00fazem\u00ed, ve kter\u00e9m Alois Ka\u0148kovsk\u00fd z Elkov Kasper nesta\u010dil pouze na polsk\u00e9ho mistra Stanislawa Aniolkowsk\u00e9ho. T\u0159et\u00ed skon\u010dil spolujezdec v\u00edt\u011bze z t\u00fdmu CCC Development Team Karol Wawrzyniak.<\/p>\n\n\n\n<p>Do litn\u00ed des\u00edtky se dostali dal\u0161\u00ed \u010dty\u0159i \u010ce\u0161i. \u010ctvrt\u00fd skon\u010dil Petr Fiala (AC Sparta Praha), sedm\u00fd Dominik Neuman (Elkov Kasper) a na osm\u00e9m a dev\u00e1t\u00e9m m\u00edst\u011b dojeli jezdci AC Sparta Praha Jan St\u00f6hr a Denis Rugovac.<\/p>\n\n\n\n<p>Elkov Kasper nastoupil do posledn\u00edho z\u00e1vodu sezony pouze v p\u011bti lidech, na startu se se\u0161lo pouze 41 z\u00e1vodn\u00edku. Na 150 km dlouh\u00e9 trati, kter\u00e1 byla \u00faplnou rovinou, tak bylo k vid\u011bn\u00ed pouze osm t\u00fdm\u016f. Prvn\u00edch t\u0159icet kilometr\u016f p\u0159i\u0161lo n\u011bkolik \u00fanik\u016f, kter\u00e9 ale nebyly \u00fasp\u011b\u0161n\u00e9. Na \u010dele se pot\u00e9 objevil osamocen\u00fd Matej Bellan z Dukly Bansk\u00e1 Bystrica, kter\u00fd dos\u00e1hl na dvouminutov\u00fd n\u00e1skok. V s\u00f3lu ale vydr\u017eel pouze do 76 kilometru, kdy ho pohltil peloton a do \u00faniku se pustila sedmi\u010dka jezdc\u016f i s v\u00edt\u011bzem \u0160koda Cupu Mat\u011bjem Zah\u00e1lkou (Elkov Kasper).<\/p>\n\n\n\n<p>Slo\u017een\u00ed t\u00e9to sedmi\u010dlenn\u00e9 skupiny v\u0161ak nevyhovovalo t\u00fdmu Elkov Kasper, a tak znovu pracoval na \u010dele pelotonu. Skupina byla n\u00e1sledn\u011b op\u011bt dosti\u017eena, na\u010de\u017e p\u0159i\u0161el posledn\u00ed \u00fanik dne se \u010dtve\u0159ic\u00ed jezdc\u016f. Ani ten v\u0161ak nevydr\u017eel, a tak \u010dty\u0159i kilometry p\u0159ed c\u00edlem m\u00ed\u0159il peloton do z\u00e1v\u011bre\u010dn\u00e9ho spurtu.<\/p>\n\n\n\n<p>V n\u011bm nakonec zv\u00edt\u011bzil mistr Polska Aniolkowski, kdy\u017e p\u0159espurtoval Ka\u0148kovsk\u00e9ho. \u201eKluci cel\u00fd den tahali a odvedli v\u00fdbornou pr\u00e1ci. Ostatn\u00ed t\u00fdmy nechaly v\u00edcem\u00e9n\u011b v\u0161e jen na n\u00e1s. T\u00edm, \u017ee jsme byli pouze v p\u011bti, tak Michal Schlegel s Mat\u011bjem Zah\u00e1lkou prim\u00e1rn\u011b likvidovali \u00faniky a Michael Kurkle s Dominikem Neuman m\u011bli za \u00fakol mi rozjet spurt. Vsadili jsem na jednu kartu a do spurtu jsem \u0161el u\u017e na 200 m, tak abych nez\u016fstal zav\u0159en\u00fd v posledn\u00ed zat\u00e1\u010dce. Na konec to nedalo tak o t\u0159i centimetry, p\u0159esto jsme r\u00e1d za druh\u00e9 m\u00edsto,\u201c popsal posledn\u00ed leto\u0161n\u00ed z\u00e1vod Alois Ka\u0148kovsk\u00fd.<\/p>\n\n\n\n<p>Sezona 2020 je tak u konce, kdy\u017e ned\u011bln\u00ed z\u00e1vod Visegrad4 v Brn\u011b byl zru\u0161en.<\/p>\n\n\n\n<p>V\u00fdsledky:<\/p>\n\n\n\n<p>1. Aniolkowski (Pol.\/CCC Development Team) 3:13:39, 2. Ka\u0148kovsk\u00fd (Elkov Kasper). 3.&nbsp;&nbsp; Wawrzyniak (Pol.\/CCC Development), 4. Fiala (AC Sparta Praha), 5. Papierski (Pol.\/CCC Development Team), 6. Janiszewski (Pol.\/Voster ATS Team), 7. Neuman (Elkov&nbsp; Kasper), 8. J. St\u00f6hr, 9. Rugovac (oba AC Sparta Praha), ..11. Kaloj\u00edros (AC Sparta Praha)<\/p>\n\n\n\n<p>FOTO Elkov Kasper<\/p>\n\n\n\n<figure class=\"wp-block-image size-large\"><img loading=\"lazy\" decoding=\"async\" width=\"1024\" height=\"684\" src=\"http:\/\/www.czechcyclingfederation.com\/wp-content\/uploads\/2020\/10\/v4-2020-najlepsi-z-krajin-1024x684.jpg\" alt=\"\" class=\"wp-image-2615\" srcset=\"https:\/\/www.czechcyclingfederation.com\/wp-content\/uploads\/2020\/10\/v4-2020-najlepsi-z-krajin-1024x684.jpg 1024w, https:\/\/www.czechcyclingfederation.com\/wp-content\/uploads\/2020\/10\/v4-2020-najlepsi-z-krajin-300x200.jpg 300w, https:\/\/www.czechcyclingfederation.com\/wp-content\/uploads\/2020\/10\/v4-2020-najlepsi-z-krajin-768x513.jpg 768w, https:\/\/www.czechcyclingfederation.com\/wp-content\/uploads\/2020\/10\/v4-2020-najlepsi-z-krajin-1536x1026.jpg 1536w, https:\/\/www.czechcyclingfederation.com\/wp-content\/uploads\/2020\/10\/v4-2020-najlepsi-z-krajin-1320x882.jpg 1320w, https:\/\/www.czechcyclingfederation.com\/wp-content\/uploads\/2020\/10\/v4-2020-najlepsi-z-krajin.jpg 2048w\" sizes=\"auto, (max-width: 1024px) 100vw, 1024px\" \/><\/figure>\n\n\n\n<figure class=\"wp-block-image size-large\"><img loading=\"lazy\" decoding=\"async\" width=\"1024\" height=\"684\" src=\"http:\/\/www.czechcyclingfederation.com\/wp-content\/uploads\/2020\/10\/v4-2020-balik-elkov-1024x684.jpg\" alt=\"\" class=\"wp-image-2617\" srcset=\"https:\/\/www.czechcyclingfederation.com\/wp-content\/uploads\/2020\/10\/v4-2020-balik-elkov-1024x684.jpg 1024w, https:\/\/www.czechcyclingfederation.com\/wp-content\/uploads\/2020\/10\/v4-2020-balik-elkov-300x200.jpg 300w, https:\/\/www.czechcyclingfederation.com\/wp-content\/uploads\/2020\/10\/v4-2020-balik-elkov-768x513.jpg 768w, https:\/\/www.czechcyclingfederation.com\/wp-content\/uploads\/2020\/10\/v4-2020-balik-elkov-1536x1026.jpg 1536w, https:\/\/www.czechcyclingfederation.com\/wp-content\/uploads\/2020\/10\/v4-2020-balik-elkov-1320x882.jpg 1320w, https:\/\/www.czechcyclingfederation.com\/wp-content\/uploads\/2020\/10\/v4-2020-balik-elkov.jpg 2048w\" sizes=\"auto, (max-width: 1024px) 100vw, 1024px\" \/><\/figure>\n","protected":false},"excerpt":{"rendered":"<p>Z\u00e1v\u011br silni\u010dn\u00ed sezony obstaral z\u00e1vod Visegrad4 na slovensk\u00e9m \u00fazem\u00ed, ve kter\u00e9m Alois Ka\u0148kovsk\u00fd z Elkov Kasper nesta\u010dil pouze na polsk\u00e9ho mistra Stanislawa Aniolkowsk\u00e9ho. T\u0159et\u00ed skon\u010dil spolujezdec v\u00edt\u011bze z t\u00fdmu CCC Development Team Karol Wawrzyniak. Do litn\u00ed des\u00edtky se dostali dal\u0161\u00ed \u010dty\u0159i \u010ce\u0161i. \u010ctvrt\u00fd skon\u010dil Petr Fiala (AC Sparta Praha), sedm\u00fd Dominik Neuman (Elkov Kasper) a [&hellip;]<\/p>\n","protected":false},"author":8,"featured_media":2616,"comment_status":"closed","ping_status":"open","sticky":false,"template":"","format":"standard","meta":{"footnotes":""},"categories":[2,18],"tags":[11],"class_list":["post-2614","post","type-post","status-publish","format-standard","has-post-thumbnail","hentry","category-novinky","category-silnice","tag-silnice"],"_links":{"self":[{"href":"https:\/\/www.czechcyclingfederation.com\/en\/wp-json\/wp\/v2\/posts\/2614","targetHints":{"allow":["GET"]}}],"collection":[{"href":"https:\/\/www.czechcyclingfederation.com\/en\/wp-json\/wp\/v2\/posts"}],"about":[{"href":"https:\/\/www.czechcyclingfederation.com\/en\/wp-json\/wp\/v2\/types\/post"}],"author":[{"embeddable":true,"href":"https:\/\/www.czechcyclingfederation.com\/en\/wp-json\/wp\/v2\/users\/8"}],"replies":[{"embeddable":true,"href":"https:\/\/www.czechcyclingfederation.com\/en\/wp-json\/wp\/v2\/comments?post=2614"}],"version-history":[{"count":1,"href":"https:\/\/www.czechcyclingfederation.com\/en\/wp-json\/wp\/v2\/posts\/2614\/revisions"}],"predecessor-version":[{"id":2619,"href":"https:\/\/www.czechcyclingfederation.com\/en\/wp-json\/wp\/v2\/posts\/2614\/revisions\/2619"}],"wp:featuredmedia":[{"embeddable":true,"href":"https:\/\/www.czechcyclingfederation.com\/en\/wp-json\/wp\/v2\/media\/2616"}],"wp:attachment":[{"href":"https:\/\/www.czechcyclingfederation.com\/en\/wp-json\/wp\/v2\/media?parent=2614"}],"wp:term":[{"taxonomy":"category","embeddable":true,"href":"https:\/\/www.czechcyclingfederation.com\/en\/wp-json\/wp\/v2\/categories?post=2614"},{"taxonomy":"post_tag","embeddable":true,"href":"https:\/\/www.czechcyclingfederation.com\/en\/wp-json\/wp\/v2\/tags?post=2614"}],"curies":[{"name":"wp","href":"https:\/\/api.w.org\/{rel}","templated":true}]}}