{"id":26114,"date":"2023-07-12T17:42:15","date_gmt":"2023-07-12T15:42:15","guid":{"rendered":"https:\/\/www.czechcyclingfederation.com\/?p=26114"},"modified":"2023-07-12T22:02:27","modified_gmt":"2023-07-12T20:02:27","slug":"silnicni-sampionat-mladeze","status":"publish","type":"post","link":"https:\/\/www.czechcyclingfederation.com\/en\/silnicni-sampionat-mladeze\/","title":{"rendered":"Silni\u010dn\u00ed \u0161ampion\u00e1t ml\u00e1de\u017ee"},"content":{"rendered":"\n<p>Elitn\u00ed jezdci, z\u00e1vodn\u00edci kategorie U23 i junio\u0159i si ji\u017e medaile z leto\u0161n\u00edho roku na silnici rozd\u011blili, o nadch\u00e1zej\u00edc\u00edm v\u00edkendu 15. a 16. \u010dervence tak u\u010din\u00ed i ml\u00e1de\u017enick\u00e9 kategorie. V sobotu se cenn\u00e9 kovy rozd\u011bl\u00ed v \u010dasovce v L\u00e1zn\u00edch B\u011blohrad, v ned\u011bli jsou na programu silni\u010dn\u00ed z\u00e1vody v Nov\u00e9 Pace v \u010d\u00e1sti P\u0159ibyslav.<\/p>\n\n\n\n<p>Po\u0159adatel\u00e9 obou z\u00e1vod\u016f d\u016frazn\u011b upozor\u0148uj\u00ed v\u0161echny, kte\u0159\u00ed do v\u00fdchodn\u00edch \u010cech p\u0159ijedou, \u017ee parkov\u00e1n\u00ed osobn\u00edch i obytn\u00fdch aut, stejn\u011b jako stavba stan\u016f je povolena v\u00fdhradn\u011b na m\u00edstech k tomu ur\u010den\u00fdch. Ty jsou v L\u00e1zn\u00edch B\u011blohrad za Sokolovnou (cca 150 m od startu) kde jsou k dispozici WC, d\u00e1le na louce u zahr\u00e1dk\u00e1\u0159sk\u00e9 kolonie (cca 150 m od startu) kde jsou rovn\u011b\u017e k dispozici TOI TOI budky. P\u0159edkontrola \u010dasovk\u00e1\u0159sk\u00fdch kol je od 11:30 v m\u00edst\u011b startu (vlastn\u00ed kontrola p\u0159ed startem), kancel\u00e1\u0159 z\u00e1vodu je v Sokolovn\u011b.<\/p>\n\n\n\n<p>V Nov\u00e9 Pace pak lze parkovat na louce za gar\u00e1\u017eemi (cca 100 m od startu po sm\u011bru z\u00e1vodu vpravo), kde budou rovn\u011b\u017e TOI TOI budky, mo\u017enost ob\u010derstven\u00ed je v restauraci p\u0159\u00edmo u startu\/c\u00edle.<\/p>\n\n\n\n<p>Na rozd\u00edl od minul\u00e9ho roku a \u010cPM je mo\u017en\u00e9 vyu\u017e\u00edt \u201ekempov\u00e1n\u00ed\u201c z p\u00e1tku na sobotu a ze soboty na ned\u011bli na v\u00fd\u0161e zmi\u0148ovan\u00e9 louce v Nov\u00e9 Pace (P\u0159ibyslav), ale v\u0161e po domluv\u011b s panem P. Jel\u00ednkem (majitelem), bydl\u00edc\u00edm p\u0159\u00edmo naproti p\u0159es vozovku.<\/p>\n\n\n\n<p>P\u0159ihl\u00e1sit se na z\u00e1vody lze na www.sportsoft.cz do \u010dtvrtka 13. \u010dervence do 12:00, na silni\u010dn\u00ed z\u00e1vod lze i v ned\u011bli r\u00e1no (dle podm\u00ednek v propozic\u00edch).<\/p>\n\n\n\n<figure class=\"wp-block-image size-full\"><img loading=\"lazy\" decoding=\"async\" width=\"1024\" height=\"768\" src=\"http:\/\/www.czechcyclingfederation.com\/wp-content\/uploads\/2023\/07\/Obrazek-WhatsApp-2023-07-12-v-12.26.58.jpg\" alt=\"\" class=\"wp-image-26119\" srcset=\"https:\/\/www.czechcyclingfederation.com\/wp-content\/uploads\/2023\/07\/Obrazek-WhatsApp-2023-07-12-v-12.26.58.jpg 1024w, https:\/\/www.czechcyclingfederation.com\/wp-content\/uploads\/2023\/07\/Obrazek-WhatsApp-2023-07-12-v-12.26.58-267x200.jpg 267w, https:\/\/www.czechcyclingfederation.com\/wp-content\/uploads\/2023\/07\/Obrazek-WhatsApp-2023-07-12-v-12.26.58-768x576.jpg 768w\" sizes=\"auto, (max-width: 1024px) 100vw, 1024px\" \/><\/figure>\n\n\n\n<figure class=\"wp-block-image size-full\"><img loading=\"lazy\" decoding=\"async\" width=\"1024\" height=\"768\" src=\"http:\/\/www.czechcyclingfederation.com\/wp-content\/uploads\/2023\/07\/Obrazek-WhatsApp-2023-07-12-v-12.20.47.jpg\" alt=\"\" class=\"wp-image-26117\" srcset=\"https:\/\/www.czechcyclingfederation.com\/wp-content\/uploads\/2023\/07\/Obrazek-WhatsApp-2023-07-12-v-12.20.47.jpg 1024w, https:\/\/www.czechcyclingfederation.com\/wp-content\/uploads\/2023\/07\/Obrazek-WhatsApp-2023-07-12-v-12.20.47-267x200.jpg 267w, https:\/\/www.czechcyclingfederation.com\/wp-content\/uploads\/2023\/07\/Obrazek-WhatsApp-2023-07-12-v-12.20.47-768x576.jpg 768w\" sizes=\"auto, (max-width: 1024px) 100vw, 1024px\" \/><\/figure>\n","protected":false},"excerpt":{"rendered":"<p>Elitn\u00ed jezdci, z\u00e1vodn\u00edci kategorie U23 i junio\u0159i si ji\u017e medaile z leto\u0161n\u00edho roku na silnici rozd\u011blili, o nadch\u00e1zej\u00edc\u00edm v\u00edkendu 15. a 16. \u010dervence tak u\u010din\u00ed i ml\u00e1de\u017enick\u00e9 kategorie. V sobotu se cenn\u00e9 kovy rozd\u011bl\u00ed v \u010dasovce v L\u00e1zn\u00edch B\u011blohrad, v ned\u011bli jsou na programu silni\u010dn\u00ed z\u00e1vody v Nov\u00e9 Pace v \u010d\u00e1sti P\u0159ibyslav. Po\u0159adatel\u00e9 obou z\u00e1vod\u016f [&hellip;]<\/p>\n","protected":false},"author":8,"featured_media":26125,"comment_status":"closed","ping_status":"open","sticky":false,"template":"","format":"standard","meta":{"footnotes":""},"categories":[2,18],"tags":[11],"class_list":["post-26114","post","type-post","status-publish","format-standard","has-post-thumbnail","hentry","category-novinky","category-silnice","tag-silnice"],"_links":{"self":[{"href":"https:\/\/www.czechcyclingfederation.com\/en\/wp-json\/wp\/v2\/posts\/26114","targetHints":{"allow":["GET"]}}],"collection":[{"href":"https:\/\/www.czechcyclingfederation.com\/en\/wp-json\/wp\/v2\/posts"}],"about":[{"href":"https:\/\/www.czechcyclingfederation.com\/en\/wp-json\/wp\/v2\/types\/post"}],"author":[{"embeddable":true,"href":"https:\/\/www.czechcyclingfederation.com\/en\/wp-json\/wp\/v2\/users\/8"}],"replies":[{"embeddable":true,"href":"https:\/\/www.czechcyclingfederation.com\/en\/wp-json\/wp\/v2\/comments?post=26114"}],"version-history":[{"count":2,"href":"https:\/\/www.czechcyclingfederation.com\/en\/wp-json\/wp\/v2\/posts\/26114\/revisions"}],"predecessor-version":[{"id":26122,"href":"https:\/\/www.czechcyclingfederation.com\/en\/wp-json\/wp\/v2\/posts\/26114\/revisions\/26122"}],"wp:featuredmedia":[{"embeddable":true,"href":"https:\/\/www.czechcyclingfederation.com\/en\/wp-json\/wp\/v2\/media\/26125"}],"wp:attachment":[{"href":"https:\/\/www.czechcyclingfederation.com\/en\/wp-json\/wp\/v2\/media?parent=26114"}],"wp:term":[{"taxonomy":"category","embeddable":true,"href":"https:\/\/www.czechcyclingfederation.com\/en\/wp-json\/wp\/v2\/categories?post=26114"},{"taxonomy":"post_tag","embeddable":true,"href":"https:\/\/www.czechcyclingfederation.com\/en\/wp-json\/wp\/v2\/tags?post=26114"}],"curies":[{"name":"wp","href":"https:\/\/api.w.org\/{rel}","templated":true}]}}