{"id":2610,"date":"2020-10-10T20:59:02","date_gmt":"2020-10-10T18:59:02","guid":{"rendered":"http:\/\/www.czechcyclingfederation.com\/?p=2610"},"modified":"2020-10-15T23:05:47","modified_gmt":"2020-10-15T21:05:47","slug":"cink-skoncil-na-ms-paty-cabelicka-jedenacta","status":"publish","type":"post","link":"https:\/\/www.czechcyclingfederation.com\/en\/cink-skoncil-na-ms-paty-cabelicka-jedenacta\/","title":{"rendered":"Cink skon\u010dil na MS p\u00e1t\u00fd, \u010c\u00e1belick\u00e1 jeden\u00e1ct\u00e1!"},"content":{"rendered":"\n<p><strong>\u010cesk\u00fd reprezentant Ond\u0159ej Cink skon\u010dil na sv\u011btov\u00e9m \u0161ampion\u00e1tu horsk\u00fdch kol v Leogangu v cross country na p\u00e1t\u00e9m m\u00edst\u011b. V \u017een\u00e1ch zajela skv\u011bl\u00e9 jeden\u00e1ct\u00e9 m\u00edsto Jitka \u010c\u00e1belick\u00e1!<\/strong><\/p>\n\n\n\n<p>Cink, kter\u00fd loni skon\u010dil na mistrovstv\u00ed sv\u011bta p\u00e1t\u00fd, neodstartoval dle p\u0159edstav. N\u00e1ro\u010dn\u00e1 zabahn\u011bn\u00e1 tra\u0165 mu v\u0161ak sed\u011bla a postupn\u011b se posouval dop\u0159edu, kdy\u017e do fini\u0161e dorazil na v\u00fdborn\u00e9m p\u00e1t\u00e9m m\u00edst\u011b. Z titulu se radoval Jordan Sarrou z Francie.<\/p>\n\n\n\n<p>Z \u010desk\u00fdch reprezentant\u016f d\u00e1le fini\u0161oval jako 21. Jan Vastl, 42. Jan \u0160karnitzl a 55. Luk\u00e1\u0161 Kobes.<\/p>\n\n\n\n<p>V\u00fdborn\u00fd v\u00fdsledek p\u0159edvedla tak\u00e9 Jitka \u010c\u00e1belick\u00e1, kter\u00e1 na n\u00e1ro\u010dn\u00e9 trati skon\u010dila jeden\u00e1ct\u00e1 a zajela sv\u00e9 nejlep\u0161\u00ed um\u00edst\u011bn\u00ed na sv\u011btov\u00e9m \u0161ampion\u00e1tu v elitn\u00ed kategorii. V z\u00e1vod\u011b zv\u00edt\u011bzila francouzsk\u00e1 reprezentantka Pauline Ferrand-Pr\u00e9vot.&nbsp;<\/p>\n\n\n\n<p>Jana Czeczinkarov\u00e1 dokon\u010dila jako 31. a 35. Karla \u0160t\u011bp\u00e1nov\u00e1.<\/p>\n\n\n\n<p>V z\u00e1vod\u011b \u017een do t\u0159iadvaceti let nav\u00e1zala na francouzsk\u00fd \u00fasp\u011bch \u0161ampionka Loana Lecomte. Z \u010desk\u00fdch reprezentantek skon\u010dila nejl\u00e9pe 12. Tereza Tvar\u016f\u017ekov\u00e1.<\/p>\n\n\n\n<p><strong>V\u00fdsledky:<\/strong><\/p>\n\n\n\n<p>Mu\u017ei Elite:<\/p>\n\n\n\n<p>1. Jordan Sarrou (\u0160v\u00fdc.) 1:25:37, 2. Mathias Fl\u00fcckiger (\u0160v\u00fdc.) +0:45, 3. Titouan Carod (Fr.) +0:55, 4. Luca Braidot (It.) +1:23, 5. Ond\u0159ej Cink +1:37,\u2026 21. Jan Vastl +4:19 42. Jan \u0160karnitzl +8:04 55. Luk\u00e1\u0161 Kobes +10:29 (v\u0161ichni \u010cR).<\/p>\n\n\n\n<p><span style=\"text-decoration: underline;\">\u017deny Elite:<\/span><\/p>\n\n\n\n<p>1. Pauline Ferrand Prevot (Fr.) 1:27:33, 2. Eva Lechner (It.) +3:01, 3. Rebecca McConnell (Aus.) +3:01, &#8230; 11. Jitka \u010c\u00e1belick\u00e1 +7:36, 31. Jana Czeczinkarov\u00e1 -1 kolo, 35. Karla \u0160t\u011bp\u00e1nov\u00e1 -1 kolo (v\u0161echny \u010cR).<\/p>\n\n\n\n<p><span style=\"text-decoration: underline;\">\u017deny U23:<\/span><\/p>\n\n\n\n<p>&nbsp;1. Loana Lecomte (Fr.) 1:13:34, 2. Kata Blanka Vas (Ma\u010f.) +1:11 min. 3. Ceylin del Carmen Alvarado (Hol.) +2:42, &#8230; 12. Tereza Tvar\u016f\u017ekov\u00e1 +8:06 15. Tereza S\u00e1skov\u00e1 +9:13 29. Tereza Neumanov\u00e1 -1 kolo (v\u0161echny \u010cR).<\/p>\n\n\n\n<figure class=\"wp-block-gallery columns-2 is-cropped wp-block-gallery-1 is-layout-flex wp-block-gallery-is-layout-flex\"><ul class=\"blocks-gallery-grid\"><li class=\"blocks-gallery-item\"><figure><img loading=\"lazy\" decoding=\"async\" width=\"1024\" height=\"683\" src=\"http:\/\/www.czechcyclingfederation.com\/wp-content\/uploads\/2020\/10\/WCh-XCO-Leogang2020_wu23_06-1024x683.jpg\" alt=\"\" data-id=\"2644\" data-full-url=\"http:\/\/www.czechcyclingfederation.com\/wp-content\/uploads\/2020\/10\/WCh-XCO-Leogang2020_wu23_06.jpg\" data-link=\"http:\/\/www.czechcyclingfederation.com\/cink-skoncil-na-ms-paty-cabelicka-jedenacta\/wch-xco-leogang2020_wu23_06\/\" class=\"wp-image-2644\" srcset=\"https:\/\/www.czechcyclingfederation.com\/wp-content\/uploads\/2020\/10\/WCh-XCO-Leogang2020_wu23_06-1024x683.jpg 1024w, https:\/\/www.czechcyclingfederation.com\/wp-content\/uploads\/2020\/10\/WCh-XCO-Leogang2020_wu23_06-300x200.jpg 300w, https:\/\/www.czechcyclingfederation.com\/wp-content\/uploads\/2020\/10\/WCh-XCO-Leogang2020_wu23_06-768x512.jpg 768w, https:\/\/www.czechcyclingfederation.com\/wp-content\/uploads\/2020\/10\/WCh-XCO-Leogang2020_wu23_06-1536x1024.jpg 1536w, https:\/\/www.czechcyclingfederation.com\/wp-content\/uploads\/2020\/10\/WCh-XCO-Leogang2020_wu23_06-1320x880.jpg 1320w, https:\/\/www.czechcyclingfederation.com\/wp-content\/uploads\/2020\/10\/WCh-XCO-Leogang2020_wu23_06.jpg 1600w\" sizes=\"auto, (max-width: 1024px) 100vw, 1024px\" \/><\/figure><\/li><li class=\"blocks-gallery-item\"><figure><img loading=\"lazy\" decoding=\"async\" width=\"1024\" height=\"683\" src=\"http:\/\/www.czechcyclingfederation.com\/wp-content\/uploads\/2020\/10\/WCh-XCO-Leogang2020_wu23_05-1024x683.jpg\" alt=\"\" data-id=\"2643\" data-full-url=\"http:\/\/www.czechcyclingfederation.com\/wp-content\/uploads\/2020\/10\/WCh-XCO-Leogang2020_wu23_05.jpg\" data-link=\"http:\/\/www.czechcyclingfederation.com\/cink-skoncil-na-ms-paty-cabelicka-jedenacta\/wch-xco-leogang2020_wu23_05\/\" class=\"wp-image-2643\" srcset=\"https:\/\/www.czechcyclingfederation.com\/wp-content\/uploads\/2020\/10\/WCh-XCO-Leogang2020_wu23_05-1024x683.jpg 1024w, https:\/\/www.czechcyclingfederation.com\/wp-content\/uploads\/2020\/10\/WCh-XCO-Leogang2020_wu23_05-300x200.jpg 300w, https:\/\/www.czechcyclingfederation.com\/wp-content\/uploads\/2020\/10\/WCh-XCO-Leogang2020_wu23_05-768x512.jpg 768w, https:\/\/www.czechcyclingfederation.com\/wp-content\/uploads\/2020\/10\/WCh-XCO-Leogang2020_wu23_05-1536x1024.jpg 1536w, https:\/\/www.czechcyclingfederation.com\/wp-content\/uploads\/2020\/10\/WCh-XCO-Leogang2020_wu23_05-1320x880.jpg 1320w, https:\/\/www.czechcyclingfederation.com\/wp-content\/uploads\/2020\/10\/WCh-XCO-Leogang2020_wu23_05.jpg 1600w\" sizes=\"auto, (max-width: 1024px) 100vw, 1024px\" \/><\/figure><\/li><li class=\"blocks-gallery-item\"><figure><img loading=\"lazy\" decoding=\"async\" width=\"1024\" height=\"683\" src=\"http:\/\/www.czechcyclingfederation.com\/wp-content\/uploads\/2020\/10\/WCh-XCO-Leogang2020_wu23_04-1024x683.jpg\" alt=\"\" data-id=\"2642\" data-full-url=\"http:\/\/www.czechcyclingfederation.com\/wp-content\/uploads\/2020\/10\/WCh-XCO-Leogang2020_wu23_04.jpg\" data-link=\"http:\/\/www.czechcyclingfederation.com\/cink-skoncil-na-ms-paty-cabelicka-jedenacta\/wch-xco-leogang2020_wu23_04\/\" class=\"wp-image-2642\" srcset=\"https:\/\/www.czechcyclingfederation.com\/wp-content\/uploads\/2020\/10\/WCh-XCO-Leogang2020_wu23_04-1024x683.jpg 1024w, https:\/\/www.czechcyclingfederation.com\/wp-content\/uploads\/2020\/10\/WCh-XCO-Leogang2020_wu23_04-300x200.jpg 300w, https:\/\/www.czechcyclingfederation.com\/wp-content\/uploads\/2020\/10\/WCh-XCO-Leogang2020_wu23_04-768x512.jpg 768w, https:\/\/www.czechcyclingfederation.com\/wp-content\/uploads\/2020\/10\/WCh-XCO-Leogang2020_wu23_04-1536x1024.jpg 1536w, https:\/\/www.czechcyclingfederation.com\/wp-content\/uploads\/2020\/10\/WCh-XCO-Leogang2020_wu23_04-1320x880.jpg 1320w, https:\/\/www.czechcyclingfederation.com\/wp-content\/uploads\/2020\/10\/WCh-XCO-Leogang2020_wu23_04.jpg 1600w\" sizes=\"auto, (max-width: 1024px) 100vw, 1024px\" \/><\/figure><\/li><li class=\"blocks-gallery-item\"><figure><img loading=\"lazy\" decoding=\"async\" width=\"1024\" height=\"683\" src=\"http:\/\/www.czechcyclingfederation.com\/wp-content\/uploads\/2020\/10\/WCh-XCO-Leogang2020_wu23_03-1024x683.jpg\" alt=\"\" data-id=\"2641\" data-full-url=\"http:\/\/www.czechcyclingfederation.com\/wp-content\/uploads\/2020\/10\/WCh-XCO-Leogang2020_wu23_03.jpg\" data-link=\"http:\/\/www.czechcyclingfederation.com\/cink-skoncil-na-ms-paty-cabelicka-jedenacta\/wch-xco-leogang2020_wu23_03\/\" class=\"wp-image-2641\" srcset=\"https:\/\/www.czechcyclingfederation.com\/wp-content\/uploads\/2020\/10\/WCh-XCO-Leogang2020_wu23_03-1024x683.jpg 1024w, https:\/\/www.czechcyclingfederation.com\/wp-content\/uploads\/2020\/10\/WCh-XCO-Leogang2020_wu23_03-300x200.jpg 300w, https:\/\/www.czechcyclingfederation.com\/wp-content\/uploads\/2020\/10\/WCh-XCO-Leogang2020_wu23_03-768x512.jpg 768w, https:\/\/www.czechcyclingfederation.com\/wp-content\/uploads\/2020\/10\/WCh-XCO-Leogang2020_wu23_03-1536x1024.jpg 1536w, https:\/\/www.czechcyclingfederation.com\/wp-content\/uploads\/2020\/10\/WCh-XCO-Leogang2020_wu23_03-1320x880.jpg 1320w, https:\/\/www.czechcyclingfederation.com\/wp-content\/uploads\/2020\/10\/WCh-XCO-Leogang2020_wu23_03.jpg 1600w\" sizes=\"auto, (max-width: 1024px) 100vw, 1024px\" \/><\/figure><\/li><li class=\"blocks-gallery-item\"><figure><img loading=\"lazy\" decoding=\"async\" width=\"1024\" height=\"683\" src=\"http:\/\/www.czechcyclingfederation.com\/wp-content\/uploads\/2020\/10\/WCh-XCO-Leogang2020_wu23_02-1024x683.jpg\" alt=\"\" data-id=\"2640\" data-full-url=\"http:\/\/www.czechcyclingfederation.com\/wp-content\/uploads\/2020\/10\/WCh-XCO-Leogang2020_wu23_02.jpg\" data-link=\"http:\/\/www.czechcyclingfederation.com\/cink-skoncil-na-ms-paty-cabelicka-jedenacta\/wch-xco-leogang2020_wu23_02\/\" class=\"wp-image-2640\" srcset=\"https:\/\/www.czechcyclingfederation.com\/wp-content\/uploads\/2020\/10\/WCh-XCO-Leogang2020_wu23_02-1024x683.jpg 1024w, https:\/\/www.czechcyclingfederation.com\/wp-content\/uploads\/2020\/10\/WCh-XCO-Leogang2020_wu23_02-300x200.jpg 300w, https:\/\/www.czechcyclingfederation.com\/wp-content\/uploads\/2020\/10\/WCh-XCO-Leogang2020_wu23_02-768x512.jpg 768w, https:\/\/www.czechcyclingfederation.com\/wp-content\/uploads\/2020\/10\/WCh-XCO-Leogang2020_wu23_02-1536x1024.jpg 1536w, https:\/\/www.czechcyclingfederation.com\/wp-content\/uploads\/2020\/10\/WCh-XCO-Leogang2020_wu23_02-1320x880.jpg 1320w, https:\/\/www.czechcyclingfederation.com\/wp-content\/uploads\/2020\/10\/WCh-XCO-Leogang2020_wu23_02.jpg 1600w\" sizes=\"auto, (max-width: 1024px) 100vw, 1024px\" \/><\/figure><\/li><li class=\"blocks-gallery-item\"><figure><img loading=\"lazy\" decoding=\"async\" width=\"1024\" height=\"683\" src=\"http:\/\/www.czechcyclingfederation.com\/wp-content\/uploads\/2020\/10\/CER_1724-1024x683.jpg\" alt=\"\" data-id=\"2635\" data-full-url=\"http:\/\/www.czechcyclingfederation.com\/wp-content\/uploads\/2020\/10\/CER_1724.jpg\" data-link=\"http:\/\/www.czechcyclingfederation.com\/cink-skoncil-na-ms-paty-cabelicka-jedenacta\/cer_1724\/\" class=\"wp-image-2635\" srcset=\"https:\/\/www.czechcyclingfederation.com\/wp-content\/uploads\/2020\/10\/CER_1724-1024x683.jpg 1024w, https:\/\/www.czechcyclingfederation.com\/wp-content\/uploads\/2020\/10\/CER_1724-300x200.jpg 300w, https:\/\/www.czechcyclingfederation.com\/wp-content\/uploads\/2020\/10\/CER_1724-768x512.jpg 768w, https:\/\/www.czechcyclingfederation.com\/wp-content\/uploads\/2020\/10\/CER_1724-1536x1024.jpg 1536w, https:\/\/www.czechcyclingfederation.com\/wp-content\/uploads\/2020\/10\/CER_1724-1320x880.jpg 1320w, https:\/\/www.czechcyclingfederation.com\/wp-content\/uploads\/2020\/10\/CER_1724.jpg 1600w\" sizes=\"auto, (max-width: 1024px) 100vw, 1024px\" \/><\/figure><\/li><li class=\"blocks-gallery-item\"><figure><img loading=\"lazy\" decoding=\"async\" width=\"1024\" height=\"683\" src=\"http:\/\/www.czechcyclingfederation.com\/wp-content\/uploads\/2020\/10\/CER_1790-1024x683.jpg\" alt=\"\" data-id=\"2636\" data-full-url=\"http:\/\/www.czechcyclingfederation.com\/wp-content\/uploads\/2020\/10\/CER_1790.jpg\" data-link=\"http:\/\/www.czechcyclingfederation.com\/cink-skoncil-na-ms-paty-cabelicka-jedenacta\/cer_1790\/\" class=\"wp-image-2636\" srcset=\"https:\/\/www.czechcyclingfederation.com\/wp-content\/uploads\/2020\/10\/CER_1790-1024x683.jpg 1024w, https:\/\/www.czechcyclingfederation.com\/wp-content\/uploads\/2020\/10\/CER_1790-300x200.jpg 300w, https:\/\/www.czechcyclingfederation.com\/wp-content\/uploads\/2020\/10\/CER_1790-768x512.jpg 768w, https:\/\/www.czechcyclingfederation.com\/wp-content\/uploads\/2020\/10\/CER_1790-1536x1024.jpg 1536w, https:\/\/www.czechcyclingfederation.com\/wp-content\/uploads\/2020\/10\/CER_1790-1320x880.jpg 1320w, https:\/\/www.czechcyclingfederation.com\/wp-content\/uploads\/2020\/10\/CER_1790.jpg 1600w\" sizes=\"auto, (max-width: 1024px) 100vw, 1024px\" \/><\/figure><\/li><li class=\"blocks-gallery-item\"><figure><img loading=\"lazy\" decoding=\"async\" width=\"1024\" height=\"683\" src=\"http:\/\/www.czechcyclingfederation.com\/wp-content\/uploads\/2020\/10\/CER_1943-1024x683.jpg\" alt=\"\" data-id=\"2637\" data-full-url=\"http:\/\/www.czechcyclingfederation.com\/wp-content\/uploads\/2020\/10\/CER_1943.jpg\" data-link=\"http:\/\/www.czechcyclingfederation.com\/cink-skoncil-na-ms-paty-cabelicka-jedenacta\/cer_1943\/\" class=\"wp-image-2637\" srcset=\"https:\/\/www.czechcyclingfederation.com\/wp-content\/uploads\/2020\/10\/CER_1943-1024x683.jpg 1024w, https:\/\/www.czechcyclingfederation.com\/wp-content\/uploads\/2020\/10\/CER_1943-300x200.jpg 300w, https:\/\/www.czechcyclingfederation.com\/wp-content\/uploads\/2020\/10\/CER_1943-768x512.jpg 768w, https:\/\/www.czechcyclingfederation.com\/wp-content\/uploads\/2020\/10\/CER_1943-1536x1024.jpg 1536w, https:\/\/www.czechcyclingfederation.com\/wp-content\/uploads\/2020\/10\/CER_1943-1320x880.jpg 1320w, https:\/\/www.czechcyclingfederation.com\/wp-content\/uploads\/2020\/10\/CER_1943.jpg 1600w\" sizes=\"auto, (max-width: 1024px) 100vw, 1024px\" \/><\/figure><\/li><li class=\"blocks-gallery-item\"><figure><img loading=\"lazy\" decoding=\"async\" width=\"1024\" height=\"683\" src=\"http:\/\/www.czechcyclingfederation.com\/wp-content\/uploads\/2020\/10\/CER_1957-1024x683.jpg\" alt=\"\" data-id=\"2638\" data-full-url=\"http:\/\/www.czechcyclingfederation.com\/wp-content\/uploads\/2020\/10\/CER_1957.jpg\" data-link=\"http:\/\/www.czechcyclingfederation.com\/cink-skoncil-na-ms-paty-cabelicka-jedenacta\/cer_1957\/\" class=\"wp-image-2638\" srcset=\"https:\/\/www.czechcyclingfederation.com\/wp-content\/uploads\/2020\/10\/CER_1957-1024x683.jpg 1024w, https:\/\/www.czechcyclingfederation.com\/wp-content\/uploads\/2020\/10\/CER_1957-300x200.jpg 300w, https:\/\/www.czechcyclingfederation.com\/wp-content\/uploads\/2020\/10\/CER_1957-768x512.jpg 768w, https:\/\/www.czechcyclingfederation.com\/wp-content\/uploads\/2020\/10\/CER_1957-1536x1024.jpg 1536w, https:\/\/www.czechcyclingfederation.com\/wp-content\/uploads\/2020\/10\/CER_1957-1320x880.jpg 1320w, https:\/\/www.czechcyclingfederation.com\/wp-content\/uploads\/2020\/10\/CER_1957.jpg 1600w\" sizes=\"auto, (max-width: 1024px) 100vw, 1024px\" \/><\/figure><\/li><li class=\"blocks-gallery-item\"><figure><img loading=\"lazy\" decoding=\"async\" width=\"1024\" height=\"683\" src=\"http:\/\/www.czechcyclingfederation.com\/wp-content\/uploads\/2020\/10\/WCh-XCO-Leogang2020_wu23_01-1024x683.jpg\" alt=\"\" data-id=\"2639\" data-full-url=\"http:\/\/www.czechcyclingfederation.com\/wp-content\/uploads\/2020\/10\/WCh-XCO-Leogang2020_wu23_01.jpg\" data-link=\"http:\/\/www.czechcyclingfederation.com\/cink-skoncil-na-ms-paty-cabelicka-jedenacta\/wch-xco-leogang2020_wu23_01\/\" class=\"wp-image-2639\" srcset=\"https:\/\/www.czechcyclingfederation.com\/wp-content\/uploads\/2020\/10\/WCh-XCO-Leogang2020_wu23_01-1024x683.jpg 1024w, https:\/\/www.czechcyclingfederation.com\/wp-content\/uploads\/2020\/10\/WCh-XCO-Leogang2020_wu23_01-300x200.jpg 300w, https:\/\/www.czechcyclingfederation.com\/wp-content\/uploads\/2020\/10\/WCh-XCO-Leogang2020_wu23_01-768x512.jpg 768w, https:\/\/www.czechcyclingfederation.com\/wp-content\/uploads\/2020\/10\/WCh-XCO-Leogang2020_wu23_01-1536x1024.jpg 1536w, https:\/\/www.czechcyclingfederation.com\/wp-content\/uploads\/2020\/10\/WCh-XCO-Leogang2020_wu23_01-1320x880.jpg 1320w, https:\/\/www.czechcyclingfederation.com\/wp-content\/uploads\/2020\/10\/WCh-XCO-Leogang2020_wu23_01.jpg 1600w\" sizes=\"auto, (max-width: 1024px) 100vw, 1024px\" \/><\/figure><\/li><li class=\"blocks-gallery-item\"><figure><img loading=\"lazy\" decoding=\"async\" width=\"1024\" height=\"683\" src=\"http:\/\/www.czechcyclingfederation.com\/wp-content\/uploads\/2020\/10\/CER_1651-1024x683.jpg\" alt=\"\" data-id=\"2634\" data-full-url=\"http:\/\/www.czechcyclingfederation.com\/wp-content\/uploads\/2020\/10\/CER_1651.jpg\" data-link=\"http:\/\/www.czechcyclingfederation.com\/cink-skoncil-na-ms-paty-cabelicka-jedenacta\/cer_1651\/\" class=\"wp-image-2634\" srcset=\"https:\/\/www.czechcyclingfederation.com\/wp-content\/uploads\/2020\/10\/CER_1651-1024x683.jpg 1024w, https:\/\/www.czechcyclingfederation.com\/wp-content\/uploads\/2020\/10\/CER_1651-300x200.jpg 300w, https:\/\/www.czechcyclingfederation.com\/wp-content\/uploads\/2020\/10\/CER_1651-768x512.jpg 768w, https:\/\/www.czechcyclingfederation.com\/wp-content\/uploads\/2020\/10\/CER_1651-1536x1024.jpg 1536w, https:\/\/www.czechcyclingfederation.com\/wp-content\/uploads\/2020\/10\/CER_1651-1320x880.jpg 1320w, https:\/\/www.czechcyclingfederation.com\/wp-content\/uploads\/2020\/10\/CER_1651.jpg 1600w\" sizes=\"auto, (max-width: 1024px) 100vw, 1024px\" \/><\/figure><\/li><li class=\"blocks-gallery-item\"><figure><img loading=\"lazy\" decoding=\"async\" width=\"1024\" height=\"683\" src=\"http:\/\/www.czechcyclingfederation.com\/wp-content\/uploads\/2020\/10\/CER_1489-1024x683.jpg\" alt=\"\" data-id=\"2633\" data-full-url=\"http:\/\/www.czechcyclingfederation.com\/wp-content\/uploads\/2020\/10\/CER_1489.jpg\" data-link=\"http:\/\/www.czechcyclingfederation.com\/cink-skoncil-na-ms-paty-cabelicka-jedenacta\/cer_1489\/\" class=\"wp-image-2633\" srcset=\"https:\/\/www.czechcyclingfederation.com\/wp-content\/uploads\/2020\/10\/CER_1489-1024x683.jpg 1024w, https:\/\/www.czechcyclingfederation.com\/wp-content\/uploads\/2020\/10\/CER_1489-300x200.jpg 300w, https:\/\/www.czechcyclingfederation.com\/wp-content\/uploads\/2020\/10\/CER_1489-768x512.jpg 768w, https:\/\/www.czechcyclingfederation.com\/wp-content\/uploads\/2020\/10\/CER_1489-1536x1024.jpg 1536w, https:\/\/www.czechcyclingfederation.com\/wp-content\/uploads\/2020\/10\/CER_1489-1320x880.jpg 1320w, https:\/\/www.czechcyclingfederation.com\/wp-content\/uploads\/2020\/10\/CER_1489.jpg 1600w\" sizes=\"auto, (max-width: 1024px) 100vw, 1024px\" \/><\/figure><\/li><li class=\"blocks-gallery-item\"><figure><img loading=\"lazy\" decoding=\"async\" width=\"1024\" height=\"683\" src=\"http:\/\/www.czechcyclingfederation.com\/wp-content\/uploads\/2020\/10\/CER_1417-1024x683.jpg\" alt=\"\" data-id=\"2632\" data-full-url=\"http:\/\/www.czechcyclingfederation.com\/wp-content\/uploads\/2020\/10\/CER_1417.jpg\" data-link=\"http:\/\/www.czechcyclingfederation.com\/cink-skoncil-na-ms-paty-cabelicka-jedenacta\/cer_1417\/\" class=\"wp-image-2632\" srcset=\"https:\/\/www.czechcyclingfederation.com\/wp-content\/uploads\/2020\/10\/CER_1417-1024x683.jpg 1024w, https:\/\/www.czechcyclingfederation.com\/wp-content\/uploads\/2020\/10\/CER_1417-300x200.jpg 300w, https:\/\/www.czechcyclingfederation.com\/wp-content\/uploads\/2020\/10\/CER_1417-768x512.jpg 768w, https:\/\/www.czechcyclingfederation.com\/wp-content\/uploads\/2020\/10\/CER_1417-1536x1024.jpg 1536w, https:\/\/www.czechcyclingfederation.com\/wp-content\/uploads\/2020\/10\/CER_1417-1320x880.jpg 1320w, https:\/\/www.czechcyclingfederation.com\/wp-content\/uploads\/2020\/10\/CER_1417.jpg 1600w\" sizes=\"auto, (max-width: 1024px) 100vw, 1024px\" \/><\/figure><\/li><li class=\"blocks-gallery-item\"><figure><img loading=\"lazy\" decoding=\"async\" width=\"1024\" height=\"683\" src=\"http:\/\/www.czechcyclingfederation.com\/wp-content\/uploads\/2020\/10\/CER_1200-1024x683.jpg\" alt=\"\" data-id=\"2631\" data-full-url=\"http:\/\/www.czechcyclingfederation.com\/wp-content\/uploads\/2020\/10\/CER_1200.jpg\" data-link=\"http:\/\/www.czechcyclingfederation.com\/cink-skoncil-na-ms-paty-cabelicka-jedenacta\/cer_1200\/\" class=\"wp-image-2631\" srcset=\"https:\/\/www.czechcyclingfederation.com\/wp-content\/uploads\/2020\/10\/CER_1200-1024x683.jpg 1024w, https:\/\/www.czechcyclingfederation.com\/wp-content\/uploads\/2020\/10\/CER_1200-300x200.jpg 300w, https:\/\/www.czechcyclingfederation.com\/wp-content\/uploads\/2020\/10\/CER_1200-768x512.jpg 768w, https:\/\/www.czechcyclingfederation.com\/wp-content\/uploads\/2020\/10\/CER_1200-1536x1024.jpg 1536w, https:\/\/www.czechcyclingfederation.com\/wp-content\/uploads\/2020\/10\/CER_1200-1320x880.jpg 1320w, https:\/\/www.czechcyclingfederation.com\/wp-content\/uploads\/2020\/10\/CER_1200.jpg 1600w\" sizes=\"auto, (max-width: 1024px) 100vw, 1024px\" \/><\/figure><\/li><li class=\"blocks-gallery-item\"><figure><img loading=\"lazy\" decoding=\"async\" width=\"1024\" height=\"683\" src=\"http:\/\/www.czechcyclingfederation.com\/wp-content\/uploads\/2020\/10\/CER_1199-1024x683.jpg\" alt=\"\" data-id=\"2630\" data-full-url=\"http:\/\/www.czechcyclingfederation.com\/wp-content\/uploads\/2020\/10\/CER_1199.jpg\" data-link=\"http:\/\/www.czechcyclingfederation.com\/cink-skoncil-na-ms-paty-cabelicka-jedenacta\/cer_1199\/\" class=\"wp-image-2630\" srcset=\"https:\/\/www.czechcyclingfederation.com\/wp-content\/uploads\/2020\/10\/CER_1199-1024x683.jpg 1024w, https:\/\/www.czechcyclingfederation.com\/wp-content\/uploads\/2020\/10\/CER_1199-300x200.jpg 300w, https:\/\/www.czechcyclingfederation.com\/wp-content\/uploads\/2020\/10\/CER_1199-768x512.jpg 768w, https:\/\/www.czechcyclingfederation.com\/wp-content\/uploads\/2020\/10\/CER_1199-1536x1024.jpg 1536w, https:\/\/www.czechcyclingfederation.com\/wp-content\/uploads\/2020\/10\/CER_1199-1320x880.jpg 1320w, https:\/\/www.czechcyclingfederation.com\/wp-content\/uploads\/2020\/10\/CER_1199.jpg 1600w\" sizes=\"auto, (max-width: 1024px) 100vw, 1024px\" \/><\/figure><\/li><li class=\"blocks-gallery-item\"><figure><img loading=\"lazy\" decoding=\"async\" width=\"1024\" height=\"683\" src=\"http:\/\/www.czechcyclingfederation.com\/wp-content\/uploads\/2020\/10\/CEM_9854-1024x683.jpg\" alt=\"\" data-id=\"2629\" data-full-url=\"http:\/\/www.czechcyclingfederation.com\/wp-content\/uploads\/2020\/10\/CEM_9854.jpg\" data-link=\"http:\/\/www.czechcyclingfederation.com\/cink-skoncil-na-ms-paty-cabelicka-jedenacta\/cem_9854\/\" class=\"wp-image-2629\" srcset=\"https:\/\/www.czechcyclingfederation.com\/wp-content\/uploads\/2020\/10\/CEM_9854-1024x683.jpg 1024w, https:\/\/www.czechcyclingfederation.com\/wp-content\/uploads\/2020\/10\/CEM_9854-300x200.jpg 300w, https:\/\/www.czechcyclingfederation.com\/wp-content\/uploads\/2020\/10\/CEM_9854-768x512.jpg 768w, https:\/\/www.czechcyclingfederation.com\/wp-content\/uploads\/2020\/10\/CEM_9854-1536x1024.jpg 1536w, https:\/\/www.czechcyclingfederation.com\/wp-content\/uploads\/2020\/10\/CEM_9854-1320x880.jpg 1320w, https:\/\/www.czechcyclingfederation.com\/wp-content\/uploads\/2020\/10\/CEM_9854.jpg 1600w\" sizes=\"auto, (max-width: 1024px) 100vw, 1024px\" \/><\/figure><\/li><li class=\"blocks-gallery-item\"><figure><img loading=\"lazy\" decoding=\"async\" width=\"1024\" height=\"683\" src=\"http:\/\/www.czechcyclingfederation.com\/wp-content\/uploads\/2020\/10\/CEM_0406-1024x683.jpg\" alt=\"\" data-id=\"2628\" data-full-url=\"http:\/\/www.czechcyclingfederation.com\/wp-content\/uploads\/2020\/10\/CEM_0406.jpg\" data-link=\"http:\/\/www.czechcyclingfederation.com\/cink-skoncil-na-ms-paty-cabelicka-jedenacta\/cem_0406\/\" class=\"wp-image-2628\" srcset=\"https:\/\/www.czechcyclingfederation.com\/wp-content\/uploads\/2020\/10\/CEM_0406-1024x683.jpg 1024w, https:\/\/www.czechcyclingfederation.com\/wp-content\/uploads\/2020\/10\/CEM_0406-300x200.jpg 300w, https:\/\/www.czechcyclingfederation.com\/wp-content\/uploads\/2020\/10\/CEM_0406-768x512.jpg 768w, https:\/\/www.czechcyclingfederation.com\/wp-content\/uploads\/2020\/10\/CEM_0406-1536x1024.jpg 1536w, https:\/\/www.czechcyclingfederation.com\/wp-content\/uploads\/2020\/10\/CEM_0406-1320x880.jpg 1320w, https:\/\/www.czechcyclingfederation.com\/wp-content\/uploads\/2020\/10\/CEM_0406.jpg 1600w\" sizes=\"auto, (max-width: 1024px) 100vw, 1024px\" \/><\/figure><\/li><\/ul><\/figure>\n\n\n\n<p><em>Foto: Michal \u010cerven\u00fd<\/em><\/p>\n","protected":false},"excerpt":{"rendered":"<p>\u010cesk\u00fd reprezentant Ond\u0159ej Cink skon\u010dil na sv\u011btov\u00e9m \u0161ampion\u00e1tu horsk\u00fdch kol v Leogangu v cross country na p\u00e1t\u00e9m m\u00edst\u011b. V \u017een\u00e1ch zajela skv\u011bl\u00e9 jeden\u00e1ct\u00e9 m\u00edsto Jitka \u010c\u00e1belick\u00e1! Cink, kter\u00fd loni skon\u010dil na mistrovstv\u00ed sv\u011bta p\u00e1t\u00fd, neodstartoval dle p\u0159edstav. N\u00e1ro\u010dn\u00e1 zabahn\u011bn\u00e1 tra\u0165 mu v\u0161ak sed\u011bla a postupn\u011b se posouval dop\u0159edu, kdy\u017e do fini\u0161e dorazil na v\u00fdborn\u00e9m p\u00e1t\u00e9m [&hellip;]<\/p>\n","protected":false},"author":9,"featured_media":2634,"comment_status":"closed","ping_status":"open","sticky":false,"template":"","format":"standard","meta":{"footnotes":""},"categories":[6,2,103],"tags":[10],"class_list":["post-2610","post","type-post","status-publish","format-standard","has-post-thumbnail","hentry","category-mtb","category-novinky","category-reprezentace","tag-mtb"],"_links":{"self":[{"href":"https:\/\/www.czechcyclingfederation.com\/en\/wp-json\/wp\/v2\/posts\/2610","targetHints":{"allow":["GET"]}}],"collection":[{"href":"https:\/\/www.czechcyclingfederation.com\/en\/wp-json\/wp\/v2\/posts"}],"about":[{"href":"https:\/\/www.czechcyclingfederation.com\/en\/wp-json\/wp\/v2\/types\/post"}],"author":[{"embeddable":true,"href":"https:\/\/www.czechcyclingfederation.com\/en\/wp-json\/wp\/v2\/users\/9"}],"replies":[{"embeddable":true,"href":"https:\/\/www.czechcyclingfederation.com\/en\/wp-json\/wp\/v2\/comments?post=2610"}],"version-history":[{"count":5,"href":"https:\/\/www.czechcyclingfederation.com\/en\/wp-json\/wp\/v2\/posts\/2610\/revisions"}],"predecessor-version":[{"id":2646,"href":"https:\/\/www.czechcyclingfederation.com\/en\/wp-json\/wp\/v2\/posts\/2610\/revisions\/2646"}],"wp:featuredmedia":[{"embeddable":true,"href":"https:\/\/www.czechcyclingfederation.com\/en\/wp-json\/wp\/v2\/media\/2634"}],"wp:attachment":[{"href":"https:\/\/www.czechcyclingfederation.com\/en\/wp-json\/wp\/v2\/media?parent=2610"}],"wp:term":[{"taxonomy":"category","embeddable":true,"href":"https:\/\/www.czechcyclingfederation.com\/en\/wp-json\/wp\/v2\/categories?post=2610"},{"taxonomy":"post_tag","embeddable":true,"href":"https:\/\/www.czechcyclingfederation.com\/en\/wp-json\/wp\/v2\/tags?post=2610"}],"curies":[{"name":"wp","href":"https:\/\/api.w.org\/{rel}","templated":true}]}}