{"id":26060,"date":"2023-07-09T22:48:17","date_gmt":"2023-07-09T20:48:17","guid":{"rendered":"https:\/\/www.czechcyclingfederation.com\/?p=26060"},"modified":"2023-07-09T22:48:19","modified_gmt":"2023-07-09T20:48:19","slug":"boros-dojel-treti-pri-gp-slovenska","status":"publish","type":"post","link":"https:\/\/www.czechcyclingfederation.com\/en\/boros-dojel-treti-pri-gp-slovenska\/","title":{"rendered":"Boro\u0161 dojel t\u0159et\u00ed p\u0159i GP Slovenska"},"content":{"rendered":"\n<p>Seri\u00e1l z\u00e1vod\u016f V4 pokra\u010doval druh\u00fdm d\u00edlem na Slovensku se startem i c\u00edlen v Nov\u00e9 Bani o d\u00e9lce 144,8 kilometr\u016f. Jezdec st\u00e1je Elkov Kasper se op\u011bt dostal na stupn\u011b v\u00edt\u011bz\u016f, kdy\u017e sobotn\u00edho v\u00edt\u011bze z Ma\u010farska Adama \u0164oupal\u00edka vyst\u0159\u00eddal Michael Boro\u0161, kter\u00fd kon\u010dil t\u0159et\u00ed. Ve spurtu nesta\u010dil na polsk\u00e9 duo Maciej Paterski a Piotr Brozyna, Adam \u0164oupal\u00edk dojel \u010dtvrt\u00fd.<\/p>\n\n\n\n<p>Po startu se za\u010dalo hodn\u011b z\u00e1vodit a n\u00e1sledn\u011b se odd\u011blila skupina z\u00e1vodn\u00edk\u016f, kde m\u011bl Elkov Kasper zastoupen\u00ed pouze v podob\u011b Adama \u0164oupal\u00edka a Michaela Boro\u0161e. Ve skupin\u011b se st\u00e1le nastupovalo skupina dojela a\u017e na z\u00e1v\u011bre\u010dn\u00e9 okruhy v Nov\u00e9 Bani a zbytek startovn\u00edho pole m\u011bl takov\u00fd odstup, \u017ee nebyl rozhod\u010d\u00edmi do posledn\u00edch okruh\u016f vpu\u0161t\u011bn.<\/p>\n\n\n\n<p>Na okruz\u00edch, kter\u00e9 se jely celkem t\u0159i, se znovu za\u010dalo nastupovat a skupina se za\u010dala redukovat. V posledn\u00edm kolem pot\u00e9 p\u0159i\u0161el \u00fatok Boro\u0161e. Ten odjel p\u0159es vrchol stoup\u00e1n\u00ed spole\u010dn\u011b s Brozynou, k nim se n\u00e1sledn\u011b p\u0159idali i Adam \u0164oupal\u00edk a Paterski. Do elitn\u00ed des\u00edtky se je\u0161t\u011b dostali osm\u00fd Martin Voltr (RRK Group &#8211; Pierre Baguette &#8211; Benzinol) a dev\u00e1t\u00fd Tom\u00e1\u0161 Jakoubek (ATT Investmens).<\/p>\n\n\n\n<p>&#8220;V posledn\u00edch kilometrech se n\u00e1m nepoda\u0159ilo nikomu nastoupit, a tak to v c\u00edli bylo dva na dva. Domluvili jsem se, \u017ee p\u016fjdeme do spurtu spole\u010dn\u011b, ale oba Pol\u00e1ci dnes byli nad na\u0161e s\u00edly. I tak jsem ale s v\u00fdsledkem spokojen\u00ed,\u201c zhodnotil Adam \u0164oupal\u00edk.<\/p>\n\n\n\n<p>V\u00fdsledky:<\/p>\n\n\n\n<p>1.Paterski 3:39:40, 2. Brozyna (oba Pol.), 3. Boro\u0161, 4. A. \u0164oupal\u00edk (oba \u010cR) v\u0161ichni stejn\u00fd \u010das, 5. Sto\u010dek (SR), 6. Hopkins (Austr.) +49, &#8230;8. Voltr +1:18, 9. Jakoubek +2:34, 12. Kaloj\u00edros +4:07, 210. Ryba (v\u0161ichni \u010cR) +8:59.<\/p>\n\n\n\n<p>FOTO Jan Brychta<\/p>\n\n\n\n<figure class=\"wp-block-image size-full\"><img loading=\"lazy\" decoding=\"async\" width=\"1024\" height=\"699\" src=\"http:\/\/www.czechcyclingfederation.com\/wp-content\/uploads\/2023\/07\/Boros-V4-stahnout.jpg\" alt=\"\" class=\"wp-image-26063\" srcset=\"https:\/\/www.czechcyclingfederation.com\/wp-content\/uploads\/2023\/07\/Boros-V4-stahnout.jpg 1024w, https:\/\/www.czechcyclingfederation.com\/wp-content\/uploads\/2023\/07\/Boros-V4-stahnout-293x200.jpg 293w, https:\/\/www.czechcyclingfederation.com\/wp-content\/uploads\/2023\/07\/Boros-V4-stahnout-768x524.jpg 768w\" sizes=\"auto, (max-width: 1024px) 100vw, 1024px\" \/><\/figure>\n","protected":false},"excerpt":{"rendered":"<p>Seri\u00e1l z\u00e1vod\u016f V4 pokra\u010doval druh\u00fdm d\u00edlem na Slovensku se startem i c\u00edlen v Nov\u00e9 Bani o d\u00e9lce 144,8 kilometr\u016f. Jezdec st\u00e1je Elkov Kasper se op\u011bt dostal na stupn\u011b v\u00edt\u011bz\u016f, kdy\u017e sobotn\u00edho v\u00edt\u011bze z Ma\u010farska Adama \u0164oupal\u00edka vyst\u0159\u00eddal Michael Boro\u0161, kter\u00fd kon\u010dil t\u0159et\u00ed. Ve spurtu nesta\u010dil na polsk\u00e9 duo Maciej Paterski a Piotr Brozyna, Adam \u0164oupal\u00edk [&hellip;]<\/p>\n","protected":false},"author":8,"featured_media":26061,"comment_status":"closed","ping_status":"open","sticky":false,"template":"","format":"standard","meta":{"footnotes":""},"categories":[2,18],"tags":[11],"class_list":["post-26060","post","type-post","status-publish","format-standard","has-post-thumbnail","hentry","category-novinky","category-silnice","tag-silnice"],"_links":{"self":[{"href":"https:\/\/www.czechcyclingfederation.com\/en\/wp-json\/wp\/v2\/posts\/26060","targetHints":{"allow":["GET"]}}],"collection":[{"href":"https:\/\/www.czechcyclingfederation.com\/en\/wp-json\/wp\/v2\/posts"}],"about":[{"href":"https:\/\/www.czechcyclingfederation.com\/en\/wp-json\/wp\/v2\/types\/post"}],"author":[{"embeddable":true,"href":"https:\/\/www.czechcyclingfederation.com\/en\/wp-json\/wp\/v2\/users\/8"}],"replies":[{"embeddable":true,"href":"https:\/\/www.czechcyclingfederation.com\/en\/wp-json\/wp\/v2\/comments?post=26060"}],"version-history":[{"count":1,"href":"https:\/\/www.czechcyclingfederation.com\/en\/wp-json\/wp\/v2\/posts\/26060\/revisions"}],"predecessor-version":[{"id":26065,"href":"https:\/\/www.czechcyclingfederation.com\/en\/wp-json\/wp\/v2\/posts\/26060\/revisions\/26065"}],"wp:featuredmedia":[{"embeddable":true,"href":"https:\/\/www.czechcyclingfederation.com\/en\/wp-json\/wp\/v2\/media\/26061"}],"wp:attachment":[{"href":"https:\/\/www.czechcyclingfederation.com\/en\/wp-json\/wp\/v2\/media?parent=26060"}],"wp:term":[{"taxonomy":"category","embeddable":true,"href":"https:\/\/www.czechcyclingfederation.com\/en\/wp-json\/wp\/v2\/categories?post=26060"},{"taxonomy":"post_tag","embeddable":true,"href":"https:\/\/www.czechcyclingfederation.com\/en\/wp-json\/wp\/v2\/tags?post=26060"}],"curies":[{"name":"wp","href":"https:\/\/api.w.org\/{rel}","templated":true}]}}