{"id":26058,"date":"2023-07-09T22:44:21","date_gmt":"2023-07-09T20:44:21","guid":{"rendered":"https:\/\/www.czechcyclingfederation.com\/?p=26058"},"modified":"2023-07-09T22:44:24","modified_gmt":"2023-07-09T20:44:24","slug":"otruba-na-sibiu-tour-vybojoval-treti-misto","status":"publish","type":"post","link":"https:\/\/www.czechcyclingfederation.com\/en\/otruba-na-sibiu-tour-vybojoval-treti-misto\/","title":{"rendered":"Otruba na Sibiu Tour vybojoval t\u0159et\u00ed m\u00edsto"},"content":{"rendered":"\n<p>Velice cenn\u00e9 t\u0159et\u00ed m\u00edsto vybojoval Jakub Otruba v kone\u010dn\u00e9m hodnocen\u00ed Sibiu Cycling Tour, z\u00e1vodu kategorie 2.1. Ve 13. ro\u010dn\u00edku tohoto podniku v Rumunsku byl Otruba ve druh\u00e9 etap\u011b \u010dtvrt\u00fd, ve t\u0159et\u00ed vybojoval druh\u00e9 m\u00edsto a posunul se na pr\u016fb\u011b\u017enou t\u0159et\u00ed p\u0159\u00ed\u010dku. V z\u00e1v\u011bre\u010dn\u00e9 \u010dasovce zajel Tom\u00e1\u0161 Kopeck\u00fd (TDT-Unibet Cycling Team) t\u0159et\u00ed nejrychlej\u0161\u00ed \u010das, osmn\u00e1ct\u00e1 p\u0159\u00ed\u010dka sta\u010dila Otrubovi k uh\u00e1jen\u00ed bronzov\u00e9ho stupn\u011b.<\/p>\n\n\n\n<p>Druh\u00e1 a t\u0159et\u00ed etapa byly profilov\u011b velmi n\u00e1ro\u010dn\u00e9 a ob\u011b kon\u010dily na vrcholc\u00edch extr\u00e9mn\u011b dlouh\u00fdch stoup\u00e1n\u00ed. V nich p\u0159i\u0161li ke slovu l\u00edd\u0159i t\u00fdmu. Otruba v nich v siln\u00e9 konkurenci jezdc\u016f se zku\u0161enostmi z nejv\u00fdznamn\u011bj\u0161\u00edch sv\u011btov\u00fdch z\u00e1vod\u016f obst\u00e1l na v\u00fdbornou.<\/p>\n\n\n\n<p>V posledn\u00edm dnu se jely dv\u011b etapy, nejprve sprintersk\u00e1 a pak kr\u00e1tk\u00e1 m\u011bstsk\u00e1 \u010dasovka a svou pozici Otruba uh\u00e1jil. Lep\u0161\u00ed byl jen Brit Mark Donovan ze \u0161v\u00fdcarsk\u00e9ho druhodivizn\u00edho t\u00fdmu Q36.5 a Belgi\u010dan Lennert van Eetvelt takt\u00e9\u017e z t\u00fdmu \u00farovn\u011b ProTeams Lotto Dstny. Bonusem aktivity \u010desk\u00e9ho jezdce bylo druh\u00e9 m\u00edsto ve vrcha\u0159sk\u00e9 a \u010dtvrt\u00e9 v bodovac\u00ed sout\u011b\u017ei.<\/p>\n\n\n\n<p>\u201eCel\u00fd etap\u00e1k hodnot\u00edm velice kladn\u011b. P\u0159ed startem jsem doufal v um\u00edst\u011bn\u00ed do top deset, tak\u017ee s p\u00f3diov\u00fdm um\u00edst\u011bn\u00edm jsem nadm\u00edru spokojen. Cht\u011bl bych p\u0159edev\u0161\u00edm pod\u011bkovat kluk\u016fm z t\u00fdmu, kte\u0159\u00ed mi pom\u00e1hali dojet do kl\u00ed\u010dov\u00fdch m\u00edst na co nejlep\u0161\u00edch pozic\u00edch a byli v\u017edy k ruce,\u201c \u0159ekl po skon\u010den\u00ed z\u00e1vodu Jakub Otruba.<\/p>\n\n\n\n<p>V\u00fdsledky:<\/p>\n\n\n\n<p>&nbsp;1. Donovan (Brit.) 15:32:44, 2. van Eetvelt (Belg.) +8, 3. Otruba (\u010cR)&nbsp;&nbsp;&nbsp; +12, 4. Badilatti (It.) +20, 5. Johannessen (Nor.) +21, 6. Lipowitz (N\u011bm.) +36, &#8230;26. K. Vacek +11:38, 36. Camrda +17:37, 39. T. Kopeck\u00fd (v\u0161ichni \u010cR) +18:27.<\/p>\n\n\n\n<p>FOTO Turul Ciclist Al Sibiului<\/p>\n\n\n\n<figure class=\"wp-block-image size-full\"><img loading=\"lazy\" decoding=\"async\" width=\"800\" height=\"561\" src=\"http:\/\/www.czechcyclingfederation.com\/wp-content\/uploads\/2023\/07\/Otruba-2.-misto-ve-treti-etape-za-Maximilianem-Schachmannem.jpg\" alt=\"\" class=\"wp-image-26054\" srcset=\"https:\/\/www.czechcyclingfederation.com\/wp-content\/uploads\/2023\/07\/Otruba-2.-misto-ve-treti-etape-za-Maximilianem-Schachmannem.jpg 800w, https:\/\/www.czechcyclingfederation.com\/wp-content\/uploads\/2023\/07\/Otruba-2.-misto-ve-treti-etape-za-Maximilianem-Schachmannem-285x200.jpg 285w, https:\/\/www.czechcyclingfederation.com\/wp-content\/uploads\/2023\/07\/Otruba-2.-misto-ve-treti-etape-za-Maximilianem-Schachmannem-768x539.jpg 768w\" sizes=\"auto, (max-width: 800px) 100vw, 800px\" \/><\/figure>\n","protected":false},"excerpt":{"rendered":"<p>Velice cenn\u00e9 t\u0159et\u00ed m\u00edsto vybojoval Jakub Otruba v kone\u010dn\u00e9m hodnocen\u00ed Sibiu Cycling Tour, z\u00e1vodu kategorie 2.1. Ve 13. ro\u010dn\u00edku tohoto podniku v Rumunsku byl Otruba ve druh\u00e9 etap\u011b \u010dtvrt\u00fd, ve t\u0159et\u00ed vybojoval druh\u00e9 m\u00edsto a posunul se na pr\u016fb\u011b\u017enou t\u0159et\u00ed p\u0159\u00ed\u010dku. V z\u00e1v\u011bre\u010dn\u00e9 \u010dasovce zajel Tom\u00e1\u0161 Kopeck\u00fd (TDT-Unibet Cycling Team) t\u0159et\u00ed nejrychlej\u0161\u00ed \u010das, osmn\u00e1ct\u00e1 p\u0159\u00ed\u010dka [&hellip;]<\/p>\n","protected":false},"author":8,"featured_media":26056,"comment_status":"closed","ping_status":"open","sticky":false,"template":"","format":"standard","meta":{"footnotes":""},"categories":[2,18],"tags":[11],"class_list":["post-26058","post","type-post","status-publish","format-standard","has-post-thumbnail","hentry","category-novinky","category-silnice","tag-silnice"],"_links":{"self":[{"href":"https:\/\/www.czechcyclingfederation.com\/en\/wp-json\/wp\/v2\/posts\/26058","targetHints":{"allow":["GET"]}}],"collection":[{"href":"https:\/\/www.czechcyclingfederation.com\/en\/wp-json\/wp\/v2\/posts"}],"about":[{"href":"https:\/\/www.czechcyclingfederation.com\/en\/wp-json\/wp\/v2\/types\/post"}],"author":[{"embeddable":true,"href":"https:\/\/www.czechcyclingfederation.com\/en\/wp-json\/wp\/v2\/users\/8"}],"replies":[{"embeddable":true,"href":"https:\/\/www.czechcyclingfederation.com\/en\/wp-json\/wp\/v2\/comments?post=26058"}],"version-history":[{"count":1,"href":"https:\/\/www.czechcyclingfederation.com\/en\/wp-json\/wp\/v2\/posts\/26058\/revisions"}],"predecessor-version":[{"id":26059,"href":"https:\/\/www.czechcyclingfederation.com\/en\/wp-json\/wp\/v2\/posts\/26058\/revisions\/26059"}],"wp:featuredmedia":[{"embeddable":true,"href":"https:\/\/www.czechcyclingfederation.com\/en\/wp-json\/wp\/v2\/media\/26056"}],"wp:attachment":[{"href":"https:\/\/www.czechcyclingfederation.com\/en\/wp-json\/wp\/v2\/media?parent=26058"}],"wp:term":[{"taxonomy":"category","embeddable":true,"href":"https:\/\/www.czechcyclingfederation.com\/en\/wp-json\/wp\/v2\/categories?post=26058"},{"taxonomy":"post_tag","embeddable":true,"href":"https:\/\/www.czechcyclingfederation.com\/en\/wp-json\/wp\/v2\/tags?post=26058"}],"curies":[{"name":"wp","href":"https:\/\/api.w.org\/{rel}","templated":true}]}}