{"id":26047,"date":"2023-07-09T18:58:59","date_gmt":"2023-07-09T16:58:59","guid":{"rendered":"https:\/\/www.czechcyclingfederation.com\/?p=26047"},"modified":"2023-07-09T18:59:02","modified_gmt":"2023-07-09T16:59:02","slug":"3-rocnik-brno-mikulov-brno-se-kona-23-cervence","status":"publish","type":"post","link":"https:\/\/www.czechcyclingfederation.com\/en\/3-rocnik-brno-mikulov-brno-se-kona-23-cervence\/","title":{"rendered":"3. ro\u010dn\u00edk Brno &#8211; Mikulov &#8211; Brno se kon\u00e1 23. \u010dervence"},"content":{"rendered":"\n<p>U\u017e pot\u0159et\u00ed se z\u00e1vodn\u00edci z cel\u00e9ho sv\u011bta sejdou na startu obnoven\u00e9 silni\u010dn\u00ed klasiky Brno &#8211; Mikulov &#8211; Brno. Z\u00e1vod UCI Europe Tour kategorie 1.2&nbsp; je za\u0159azen do seri\u00e1lu Visegrad 4 Bicycle Races a \u010cesk\u00e9ho poh\u00e1ru \u0160KODA CUP. Op\u011bt se bude z\u00e1vodit na n\u00e1ro\u010dn\u00e9 kopcovit\u00e9 trati na silnic\u00edch ji\u017en\u00ed Moravy s dojezdem na hrad\u011b \u0160pilberk v samotn\u00e9m centru Brna.<\/p>\n\n\n\n<p>Leto\u0161n\u00ed ro\u010dn\u00edk se pojede v ned\u011bli 23. \u010dervence, jen p\u00e1r dn\u00ed p\u0159ed startem etapov\u00e9ho z\u00e1vodu Czech Tour. Po\u0159adatel\u00e9 zvolili nov\u00fd term\u00edn z\u00e1vodu, aby v\u00edce vyhovoval pot\u0159eb\u00e1m zahrani\u010dn\u00edch t\u00fdm\u016f, kter\u00fdch se na BMB chyst\u00e1 hned n\u011bkolik. Z\u00e1rove\u0148 se v\u0161ak jedn\u00e1 o dal\u0161\u00ed z\u00e1vodu \u010cesk\u00e9 poh\u00e1ru \u0160KODA CUP, tak\u017ee chyb\u011bt samoz\u0159ejm\u011b nebude ani kompletn\u00ed \u010desk\u00e1 \u0161pi\u010dka.<\/p>\n\n\n\n<p>Oproti p\u0159edchoz\u00edm dv\u011bma ro\u010dn\u00edk\u016fm se leto\u0161n\u00ed z\u00e1vod li\u0161\u00ed jen minim\u00e1ln\u011b.&nbsp;<em>\u201eMuseli jsme ud\u011blat mal\u00e9 zm\u011bny v n\u011bkter\u00fdch \u00fasec\u00edch trat\u011b kv\u016fli dopravn\u00edm omezen\u00edm, ale ty nijak nezas\u00e1hnou do v\u00fdvoje z\u00e1vodu,\u201c<\/em>&nbsp;\u0159\u00edk\u00e1 Josef Vaishar, z\u00e1stupce po\u0159\u00e1daj\u00edc\u00edho Favoritu Brno.&nbsp;<em>\u201eOp\u011bt se za\u010dne na dom\u00e1c\u00edm brn\u011bnsk\u00e9m velodromu, ostr\u00fd start bude v Ostopovic\u00edch a peloton se vyd\u00e1 na jih do Mikulova. Prvn\u00ed polovina z\u00e1vodu je p\u0159ev\u00e1\u017en\u011b rovinat\u00e1, v lo\u0148sk\u00e9m roce absolvovali z\u00e1vodn\u00edci tuto \u010d\u00e1st rychlostn\u00edm pr\u016fm\u011brem p\u0159es 47 kilometr\u016f za hodinu. Peloton se v\u0161ak m\u016f\u017ee trhat na v\u011btru a tak\u00e9 ve stoup\u00e1n\u00ed do Pavlova.\u201c<\/em><\/p>\n\n\n\n<p>Po pr\u016fjezdu Mikulovem se cyklist\u00e9 za\u010dnou vracet sm\u011brem k Brnu a v Doln\u00edch Kounic\u00edch, 60 kilometr\u016f p\u0159ed c\u00edlem, za\u010dne nejt\u011b\u017e\u0161\u00ed \u010d\u00e1st cel\u00e9ho z\u00e1vodu.\u00a0<em>\u201eDo c\u00edle odtud zb\u00fdv\u00e1 dev\u011bt strm\u00fdch stoup\u00e1n\u00ed, v p\u0159edchoz\u00edch ro\u010dn\u00edc\u00edch se peloton nad\u011blil na mal\u00e9 skupiny a jednotlivce, ale o v\u00edt\u011bzi se rozhodlo a\u017e v \u00fapln\u00e9m z\u00e1v\u011bru v ulic\u00edch Brna, ve v\u00fdjezdu na \u017dlut\u00fd kopec a na \u0160pilberk,\u201c<\/em>\u00a0pokra\u010duje Vaishar.<\/p>\n\n\n\n<p>Pr\u00e1v\u011b mimo\u0159\u00e1dn\u011b t\u011b\u017ek\u00e9 stoup\u00e1n\u00ed reziden\u010dn\u00ed \u010dtvrt\u00ed na \u017dlut\u00fd kopec a samotn\u00fd dojezd na brn\u011bnsk\u00e9 dominant\u011b je nejatraktivn\u011bj\u0161\u00ed \u010d\u00e1st\u00ed cel\u00e9ho z\u00e1vodu. Konec z\u00e1vodu je ide\u00e1ln\u00ed pro v\u00fdbu\u0161n\u00e9, ale kv\u016fli n\u00e1ro\u010dnosti trat\u011b, lehk\u00e9 z\u00e1vodn\u00edky. Oba p\u0159edchoz\u00ed ro\u010dn\u00edky vyhr\u00e1l Adam \u0164oupal\u00edk, v roce 2021 rozhodl u\u017e ve \u017dlut\u00e9m kopci, loni a\u017e ve strm\u00e9m a technicky n\u00e1ro\u010dn\u00e9m dojezdu na \u0160pilberk.<\/p>\n\n\n\n<p>Z\u00e1vod m\u011b\u0159\u00ed necel\u00fdch 190 kilometr\u016f s p\u0159ev\u00fd\u0161en\u00edm 2300 metr\u016f, z toho 1300 metr\u016f a\u017e v posledn\u00edch 60 kilometrech.&nbsp;<em>\u201eOp\u011bt o\u010dek\u00e1v\u00e1me atraktivn\u00ed pr\u016fb\u011bh a hodn\u011b \u00fatok\u016f ve v\u0161ech stoup\u00e1n\u00edch v z\u00e1v\u011bru a souboj o v\u00edt\u011bzstv\u00ed do posledn\u00edch metr\u016f,\u201c<\/em>&nbsp;dod\u00e1v\u00e1 Vaishar.<\/p>\n\n\n\n<p>Neutr\u00e1ln\u00ed start z\u00e1vodu na velodromu je napl\u00e1nov\u00e1n na 12:25 a c\u00edl na d\u011blov\u00e9m bastionu na hrad\u011b \u0160pilberk se o\u010dek\u00e1v\u00e1 okolo 17. hodiny odpoledne.<\/p>\n\n\n\n<p>Tak\u00e9 v leto\u0161n\u00edm roce p\u0159evzali nad z\u00e1vodem z\u00e1\u0161titu prim\u00e1torka m\u011bsta Brna JUDr. Mark\u00e9ta Va\u0148kov\u00e1 a hejtman Jihomoravsk\u00e9ho kraje Mgr. Jan Grolich.<\/p>\n\n\n\n<figure class=\"wp-block-image size-large\"><img loading=\"lazy\" decoding=\"async\" width=\"724\" height=\"1024\" src=\"https:\/\/www.czechcyclingfederation.com\/wp-content\/uploads\/2023\/07\/m-724x1024.png\" alt=\"\" class=\"wp-image-26048\" srcset=\"https:\/\/www.czechcyclingfederation.com\/wp-content\/uploads\/2023\/07\/m-724x1024.png 724w, https:\/\/www.czechcyclingfederation.com\/wp-content\/uploads\/2023\/07\/m-141x200.png 141w, https:\/\/www.czechcyclingfederation.com\/wp-content\/uploads\/2023\/07\/m-768x1086.png 768w, https:\/\/www.czechcyclingfederation.com\/wp-content\/uploads\/2023\/07\/m-1086x1536.png 1086w, https:\/\/www.czechcyclingfederation.com\/wp-content\/uploads\/2023\/07\/m-1448x2048.png 1448w, https:\/\/www.czechcyclingfederation.com\/wp-content\/uploads\/2023\/07\/m-1320x1867.png 1320w\" sizes=\"auto, (max-width: 724px) 100vw, 724px\" \/><\/figure>\n","protected":false},"excerpt":{"rendered":"<p>U\u017e pot\u0159et\u00ed se z\u00e1vodn\u00edci z cel\u00e9ho sv\u011bta sejdou na startu obnoven\u00e9 silni\u010dn\u00ed klasiky Brno &#8211; Mikulov &#8211; Brno. Z\u00e1vod UCI Europe Tour kategorie 1.2&nbsp; je za\u0159azen do seri\u00e1lu Visegrad 4 Bicycle Races a \u010cesk\u00e9ho poh\u00e1ru \u0160KODA CUP. Op\u011bt se bude z\u00e1vodit na n\u00e1ro\u010dn\u00e9 kopcovit\u00e9 trati na silnic\u00edch ji\u017en\u00ed Moravy s dojezdem na hrad\u011b \u0160pilberk v [&hellip;]<\/p>\n","protected":false},"author":1,"featured_media":26050,"comment_status":"closed","ping_status":"open","sticky":false,"template":"","format":"standard","meta":{"footnotes":""},"categories":[2,18],"tags":[11],"class_list":["post-26047","post","type-post","status-publish","format-standard","has-post-thumbnail","hentry","category-novinky","category-silnice","tag-silnice"],"_links":{"self":[{"href":"https:\/\/www.czechcyclingfederation.com\/en\/wp-json\/wp\/v2\/posts\/26047","targetHints":{"allow":["GET"]}}],"collection":[{"href":"https:\/\/www.czechcyclingfederation.com\/en\/wp-json\/wp\/v2\/posts"}],"about":[{"href":"https:\/\/www.czechcyclingfederation.com\/en\/wp-json\/wp\/v2\/types\/post"}],"author":[{"embeddable":true,"href":"https:\/\/www.czechcyclingfederation.com\/en\/wp-json\/wp\/v2\/users\/1"}],"replies":[{"embeddable":true,"href":"https:\/\/www.czechcyclingfederation.com\/en\/wp-json\/wp\/v2\/comments?post=26047"}],"version-history":[{"count":1,"href":"https:\/\/www.czechcyclingfederation.com\/en\/wp-json\/wp\/v2\/posts\/26047\/revisions"}],"predecessor-version":[{"id":26052,"href":"https:\/\/www.czechcyclingfederation.com\/en\/wp-json\/wp\/v2\/posts\/26047\/revisions\/26052"}],"wp:featuredmedia":[{"embeddable":true,"href":"https:\/\/www.czechcyclingfederation.com\/en\/wp-json\/wp\/v2\/media\/26050"}],"wp:attachment":[{"href":"https:\/\/www.czechcyclingfederation.com\/en\/wp-json\/wp\/v2\/media?parent=26047"}],"wp:term":[{"taxonomy":"category","embeddable":true,"href":"https:\/\/www.czechcyclingfederation.com\/en\/wp-json\/wp\/v2\/categories?post=26047"},{"taxonomy":"post_tag","embeddable":true,"href":"https:\/\/www.czechcyclingfederation.com\/en\/wp-json\/wp\/v2\/tags?post=26047"}],"curies":[{"name":"wp","href":"https:\/\/api.w.org\/{rel}","templated":true}]}}