{"id":260,"date":"2020-05-28T02:27:27","date_gmt":"2020-05-28T00:27:27","guid":{"rendered":"http:\/\/www.czechcyclingfederation.com\/?p=260"},"modified":"2020-07-16T13:41:22","modified_gmt":"2020-07-16T11:41:22","slug":"trenuj-s-repre-bmx-1-dil-lukas-tamme","status":"publish","type":"post","link":"https:\/\/www.czechcyclingfederation.com\/en\/trenuj-s-repre-bmx-1-dil-lukas-tamme\/","title":{"rendered":"Tr\u00e9nuj s repre BMX &#8211; 1. d\u00edl Luk\u00e1\u0161 Tamme"},"content":{"rendered":"\n<p>Dne\u0161n\u00edm hostem projektu \u201eTr\u00e9nuj s repre BMX\u201c je Luk\u00e1\u0161 Tamme.<\/p>\n\n\n\n<p>B\u00fdval\u00ed reprezentant BMX a MTB &#8211; 4X za\u010dal s cyklistikou v 8 letech v pra\u017esk\u00e9m klubu. V d\u011btstv\u00ed byl tak\u00e9 sou\u010d\u00e1st\u00ed dr\u00e1hov\u00e9ho team TJ Dukly Praha, se kterou spolupracuje dodnes. Pat\u0159il ke st\u00e1lic\u00edm \u010cesk\u00e9 reprezentace od roku 1996 a\u017e do roku 2013, kdy ukon\u010dil svoj\u00ed profesion\u00e1ln\u00ed kari\u00e9ru. Od roku 2010 je p\u0159edsedou a \u0161\u00e9ftren\u00e9rem \u00daAMK Bikrosclub \u0158epy v Praze, od roku 2017 tren\u00e9rem reprezentace BMX a \u010dlenem Komise BMX.<\/p>\n\n\n\n<p>Dal\u0161\u00ed informace naleznete n\u00ed\u017ee v p\u0159\u00edsp\u011bvku na Facebooku.<\/p>\n\n\n\n<figure><iframe loading=\"lazy\" src=\"https:\/\/www.facebook.com\/plugins\/video.php?href=https%3A%2F%2Fwww.facebook.com%2Fczechcyclingfederation%2Fvideos%2F269571044042895%2F&amp;show_text=0&amp;width=265\" width=\"265\" height=\"476\" allowfullscreen=\"true\"><\/iframe><\/figure>\n","protected":false},"excerpt":{"rendered":"<p>Dne\u0161n\u00edm hostem projektu \u201eTr\u00e9nuj s repre BMX\u201c je Luk\u00e1\u0161 Tamme. B\u00fdval\u00ed reprezentant BMX a MTB &#8211; 4X za\u010dal s cyklistikou v 8 letech v pra\u017esk\u00e9m klubu. V d\u011btstv\u00ed byl tak\u00e9 sou\u010d\u00e1st\u00ed dr\u00e1hov\u00e9ho team TJ Dukly Praha, se kterou spolupracuje dodnes. Pat\u0159il ke st\u00e1lic\u00edm \u010cesk\u00e9 reprezentace od roku 1996 a\u017e do roku 2013, kdy ukon\u010dil svoj\u00ed [&hellip;]<\/p>\n","protected":false},"author":1,"featured_media":262,"comment_status":"closed","ping_status":"open","sticky":false,"template":"","format":"standard","meta":{"footnotes":""},"categories":[57,2],"tags":[55],"class_list":["post-260","post","type-post","status-publish","format-standard","has-post-thumbnail","hentry","category-bmx","category-novinky","tag-bmx"],"_links":{"self":[{"href":"https:\/\/www.czechcyclingfederation.com\/en\/wp-json\/wp\/v2\/posts\/260","targetHints":{"allow":["GET"]}}],"collection":[{"href":"https:\/\/www.czechcyclingfederation.com\/en\/wp-json\/wp\/v2\/posts"}],"about":[{"href":"https:\/\/www.czechcyclingfederation.com\/en\/wp-json\/wp\/v2\/types\/post"}],"author":[{"embeddable":true,"href":"https:\/\/www.czechcyclingfederation.com\/en\/wp-json\/wp\/v2\/users\/1"}],"replies":[{"embeddable":true,"href":"https:\/\/www.czechcyclingfederation.com\/en\/wp-json\/wp\/v2\/comments?post=260"}],"version-history":[{"count":1,"href":"https:\/\/www.czechcyclingfederation.com\/en\/wp-json\/wp\/v2\/posts\/260\/revisions"}],"predecessor-version":[{"id":261,"href":"https:\/\/www.czechcyclingfederation.com\/en\/wp-json\/wp\/v2\/posts\/260\/revisions\/261"}],"wp:featuredmedia":[{"embeddable":true,"href":"https:\/\/www.czechcyclingfederation.com\/en\/wp-json\/wp\/v2\/media\/262"}],"wp:attachment":[{"href":"https:\/\/www.czechcyclingfederation.com\/en\/wp-json\/wp\/v2\/media?parent=260"}],"wp:term":[{"taxonomy":"category","embeddable":true,"href":"https:\/\/www.czechcyclingfederation.com\/en\/wp-json\/wp\/v2\/categories?post=260"},{"taxonomy":"post_tag","embeddable":true,"href":"https:\/\/www.czechcyclingfederation.com\/en\/wp-json\/wp\/v2\/tags?post=260"}],"curies":[{"name":"wp","href":"https:\/\/api.w.org\/{rel}","templated":true}]}}